{"id":32364,"date":"2026-01-25T23:21:59","date_gmt":"2026-01-26T02:21:59","guid":{"rendered":"https:\/\/revistaepocadigital.com.ar\/?p=32364"},"modified":"2026-01-25T23:21:59","modified_gmt":"2026-01-26T02:21:59","slug":"mirta-ortega-sanz-una-medica-que-dio-todo","status":"publish","type":"post","link":"https:\/\/revistaepocadigital.com.ar\/?p=32364","title":{"rendered":"Mirta Ortega Sanz, una m\u00e9dica que dio todo"},"content":{"rendered":"<p><strong>INCANSABLE.<\/strong><\/p>\n<p>Desde la Municipalidad de Exaltacion de la Cruz, en el mensaje difundido se mostr\u00f3 el pesar, &#8220;expresamos nuestro profundo pesar por el fallecimiento de la Dra. Mirta Ortega Sanz, quien fuera una destacada profesional de nuestro sistema de salud municipal.<\/p>\n<p>En este momento de dolor, queremos reconocer su incansable labor y vocaci\u00f3n de servicio, as\u00ed como la calidez humana que siempre brind\u00f3 a sus pacientes y compa\u00f1eros de trabajo. Su paso por esta instituci\u00f3n deja una huella imborrable en nuestra comunidad.<\/p>\n<p>Acompa\u00f1amos a su familia, amigos y colegas, envi\u00e1ndoles nuestras m\u00e1s sinceras condolencias y fuerza.<br \/>\nQue en paz descanse&#8221;.<\/p>\n","protected":false},"excerpt":{"rendered":"<p>INCANSABLE. Desde la Municipalidad de Exaltacion de la Cruz, en el mensaje difundido se mostr\u00f3 el pesar, &#8220;expresamos nuestro profundo pesar por el fallecimiento de la Dra. Mirta Ortega Sanz, quien fuera una destacada profesional de nuestro sistema de salud municipal. En este momento de dolor, queremos reconocer su incansable labor y vocaci\u00f3n de servicio, [&hellip;]<\/p>\n","protected":false},"author":3,"featured_media":32365,"comment_status":"open","ping_status":"open","sticky":false,"template":"","format":"standard","meta":{"footnotes":"","jetpack_publicize_message":"","jetpack_publicize_feature_enabled":true,"jetpack_social_post_already_shared":true,"jetpack_social_options":{"image_generator_settings":{"template":"highway","default_image_id":0,"font":"","enabled":false},"version":2}},"categories":[14],"tags":[405,3424],"class_list":["post-32364","post","type-post","status-publish","format-standard","has-post-thumbnail","hentry","category-la-gente","tag-fallecimiento","tag-mirta-ortega-sanz"],"jetpack_publicize_connections":[],"jetpack_featured_media_url":"https:\/\/revistaepocadigital.com.ar\/wp-content\/uploads\/2026\/01\/dra.jpg","jetpack_likes_enabled":true,"_links":{"self":[{"href":"https:\/\/revistaepocadigital.com.ar\/index.php?rest_route=\/wp\/v2\/posts\/32364","targetHints":{"allow":["GET"]}}],"collection":[{"href":"https:\/\/revistaepocadigital.com.ar\/index.php?rest_route=\/wp\/v2\/posts"}],"about":[{"href":"https:\/\/revistaepocadigital.com.ar\/index.php?rest_route=\/wp\/v2\/types\/post"}],"author":[{"embeddable":true,"href":"https:\/\/revistaepocadigital.com.ar\/index.php?rest_route=\/wp\/v2\/users\/3"}],"replies":[{"embeddable":true,"href":"https:\/\/revistaepocadigital.com.ar\/index.php?rest_route=%2Fwp%2Fv2%2Fcomments&post=32364"}],"version-history":[{"count":1,"href":"https:\/\/revistaepocadigital.com.ar\/index.php?rest_route=\/wp\/v2\/posts\/32364\/revisions"}],"predecessor-version":[{"id":32366,"href":"https:\/\/revistaepocadigital.com.ar\/index.php?rest_route=\/wp\/v2\/posts\/32364\/revisions\/32366"}],"wp:featuredmedia":[{"embeddable":true,"href":"https:\/\/revistaepocadigital.com.ar\/index.php?rest_route=\/wp\/v2\/media\/32365"}],"wp:attachment":[{"href":"https:\/\/revistaepocadigital.com.ar\/index.php?rest_route=%2Fwp%2Fv2%2Fmedia&parent=32364"}],"wp:term":[{"taxonomy":"category","embeddable":true,"href":"https:\/\/revistaepocadigital.com.ar\/index.php?rest_route=%2Fwp%2Fv2%2Fcategories&post=32364"},{"taxonomy":"post_tag","embeddable":true,"href":"https:\/\/revistaepocadigital.com.ar\/index.php?rest_route=%2Fwp%2Fv2%2Ftags&post=32364"}],"curies":[{"name":"wp","href":"https:\/\/api.w.org\/{rel}","templated":true}]}}