{"id":32368,"date":"2026-01-25T23:48:29","date_gmt":"2026-01-26T02:48:29","guid":{"rendered":"https:\/\/revistaepocadigital.com.ar\/?p=32368"},"modified":"2026-01-25T23:59:44","modified_gmt":"2026-01-26T02:59:44","slug":"cardales-completo-su-fiesta","status":"publish","type":"post","link":"https:\/\/revistaepocadigital.com.ar\/?p=32368","title":{"rendered":"CARDALES COMPLET\u00d3 SU FIESTA"},"content":{"rendered":"<div class=\"xdj266r x14z9mp xat24cr x1lziwak x1vvkbs x126k92a\"><\/div>\n<div class=\"x14z9mp xat24cr x1lziwak x1vvkbs xtlvy1s x126k92a\">\n<div dir=\"auto\"><strong>LA FIESTA POR EL ANIVERSARIO DE CARDALES.<!--more--><\/strong><\/div>\n<div dir=\"auto\"><\/div>\n<div dir=\"auto\">El a\u00f1o pasado, el 123 aniversario de Los Cardales se vio interrumpido por el mal tiempo, eso llev\u00f3 a reprogramar los espect\u00e1culos pendientes con la atracci\u00f3n como cierre de La Bersuit.<\/div>\n<div dir=\"auto\"><\/div>\n<div dir=\"auto\">El festejo completado con feria de artesanos, atracciones, patio de comidas y La Bersuit, se desarrollo entre el s\u00e1bado 23 y domingo 24 de enero. Una celebraci\u00f3n que por las razones mencionadas, comenz\u00f3 dentro del mandato de un intendente, Diego Nanni, y finaliz\u00f3 con Luis Mariano Mart\u00edn, quien como es sabido asumi\u00f3 como jefe comunal luego que Nanni asumiera como diputado provincial, alfil del gobernador y defensor referencial de la pol\u00edticas instrumentadas por Kicillof como se ha percibido.<\/div>\n<\/div>\n<div dir=\"auto\">\n<figure id=\"attachment_32375\" aria-describedby=\"caption-attachment-32375\" style=\"width: 403px\" class=\"wp-caption aligncenter\"><img loading=\"lazy\" decoding=\"async\" class=\"size-full wp-image-32375\" src=\"https:\/\/revistaepocadigital.com.ar\/wp-content\/uploads\/2026\/01\/martin-lui-diyo.jpg\" alt=\"\" width=\"403\" height=\"243\" srcset=\"https:\/\/revistaepocadigital.com.ar\/wp-content\/uploads\/2026\/01\/martin-lui-diyo.jpg 403w, https:\/\/revistaepocadigital.com.ar\/wp-content\/uploads\/2026\/01\/martin-lui-diyo-300x181.jpg 300w\" sizes=\"auto, (max-width: 403px) 100vw, 403px\" \/><figcaption id=\"caption-attachment-32375\" class=\"wp-caption-text\">El intendente junto a los Di Yorio, cuyo bar-restaurante cumpli\u00f3 100 a\u00f1os en 2025.<\/figcaption><\/figure>\n<\/div>\n<div dir=\"auto\"><\/div>\n<div dir=\"auto\"><\/div>\n<div class=\"x14z9mp xat24cr x1lziwak x1vvkbs xtlvy1s x126k92a\">\n<div dir=\"auto\">\n<figure id=\"attachment_32373\" aria-describedby=\"caption-attachment-32373\" style=\"width: 576px\" class=\"wp-caption aligncenter\"><img loading=\"lazy\" decoding=\"async\" class=\"size-full wp-image-32373\" src=\"https:\/\/revistaepocadigital.com.ar\/wp-content\/uploads\/2026\/01\/BERSUI.jpg\" alt=\"\" width=\"576\" height=\"324\" srcset=\"https:\/\/revistaepocadigital.com.ar\/wp-content\/uploads\/2026\/01\/BERSUI.jpg 576w, https:\/\/revistaepocadigital.com.ar\/wp-content\/uploads\/2026\/01\/BERSUI-300x169.jpg 300w\" sizes=\"auto, (max-width: 576px) 100vw, 576px\" \/><figcaption id=\"caption-attachment-32373\" class=\"wp-caption-text\">La Bersuit se lleva los aplausos despu\u00e9s de su show.<\/figcaption><\/figure>\n<p>&nbsp;<\/p>\n<\/div>\n<div dir=\"auto\"><\/div>\n<div dir=\"auto\">Martin estuvo en el evento cardalense, recorri\u00f3 la feria de artesanos y el patio gastron\u00f3mico, &#8220;fue un placer encontrarnos con tantos vecinos y ver el empuje de nuestros emprendedores&#8221;, coment\u00f3 el intendente quien junto a la gente, menor cantidad que en otras fiestas, centraliz\u00f3 su mirada y o\u00eddos para escuchar a La Bersuit. La voz cantante del grupo, desde el escenario tuvo una muy desafortunada salida al vincular al VIH con el presidente Javier Milei. Una expresi\u00f3n que sirvi\u00f3 para mostrar su perfil ideol\u00f3gico profesado por tantos que pregonan y defienden el progresismo a ultranza, y luego no se inmutan ante la vida de burgueses capitalistas ostentadas y no s\u00f3lo por m\u00fasicos&#8230;<\/div>\n<div dir=\"auto\"><\/div>\n<\/div>\n<p>&nbsp;<\/p>\n","protected":false},"excerpt":{"rendered":"<p>LA FIESTA POR EL ANIVERSARIO DE CARDALES.<\/p>\n","protected":false},"author":4,"featured_media":32370,"comment_status":"open","ping_status":"open","sticky":false,"template":"","format":"standard","meta":{"footnotes":"","jetpack_publicize_message":"","jetpack_publicize_feature_enabled":true,"jetpack_social_post_already_shared":true,"jetpack_social_options":{"image_generator_settings":{"template":"highway","default_image_id":0,"font":"","enabled":false},"version":2}},"categories":[13],"tags":[],"class_list":["post-32368","post","type-post","status-publish","format-standard","has-post-thumbnail","hentry","category-interes-general"],"jetpack_publicize_connections":[],"jetpack_featured_media_url":"https:\/\/revistaepocadigital.com.ar\/wp-content\/uploads\/2026\/01\/MARTIN-LUIM.jpeg","jetpack_likes_enabled":true,"_links":{"self":[{"href":"https:\/\/revistaepocadigital.com.ar\/index.php?rest_route=\/wp\/v2\/posts\/32368","targetHints":{"allow":["GET"]}}],"collection":[{"href":"https:\/\/revistaepocadigital.com.ar\/index.php?rest_route=\/wp\/v2\/posts"}],"about":[{"href":"https:\/\/revistaepocadigital.com.ar\/index.php?rest_route=\/wp\/v2\/types\/post"}],"author":[{"embeddable":true,"href":"https:\/\/revistaepocadigital.com.ar\/index.php?rest_route=\/wp\/v2\/users\/4"}],"replies":[{"embeddable":true,"href":"https:\/\/revistaepocadigital.com.ar\/index.php?rest_route=%2Fwp%2Fv2%2Fcomments&post=32368"}],"version-history":[{"count":5,"href":"https:\/\/revistaepocadigital.com.ar\/index.php?rest_route=\/wp\/v2\/posts\/32368\/revisions"}],"predecessor-version":[{"id":32376,"href":"https:\/\/revistaepocadigital.com.ar\/index.php?rest_route=\/wp\/v2\/posts\/32368\/revisions\/32376"}],"wp:featuredmedia":[{"embeddable":true,"href":"https:\/\/revistaepocadigital.com.ar\/index.php?rest_route=\/wp\/v2\/media\/32370"}],"wp:attachment":[{"href":"https:\/\/revistaepocadigital.com.ar\/index.php?rest_route=%2Fwp%2Fv2%2Fmedia&parent=32368"}],"wp:term":[{"taxonomy":"category","embeddable":true,"href":"https:\/\/revistaepocadigital.com.ar\/index.php?rest_route=%2Fwp%2Fv2%2Fcategories&post=32368"},{"taxonomy":"post_tag","embeddable":true,"href":"https:\/\/revistaepocadigital.com.ar\/index.php?rest_route=%2Fwp%2Fv2%2Ftags&post=32368"}],"curies":[{"name":"wp","href":"https:\/\/api.w.org\/{rel}","templated":true}]}}