{"id":32380,"date":"2026-01-26T00:08:41","date_gmt":"2026-01-26T03:08:41","guid":{"rendered":"https:\/\/revistaepocadigital.com.ar\/?p=32380"},"modified":"2026-01-26T00:11:08","modified_gmt":"2026-01-26T03:11:08","slug":"salud-emite-recomendaciones-frente-a-la-ola-de-calor","status":"publish","type":"post","link":"https:\/\/revistaepocadigital.com.ar\/?p=32380","title":{"rendered":"SALUD EMITE RECOMENDACIONES FRENTE A LA OLA DE CALOR"},"content":{"rendered":"<div class=\"I_ZkbNhI D_FY W_6D6F\" data-test-id=\"message-view-body\">\n<div class=\"msg-body P_wpofO mq_AS\" data-test-id=\"message-view-body-content\">\n<div class=\"jb_0 X_6MGW N_6Fd5\">\n<div id=\"yiv5549225532\">\n<div dir=\"ltr\">\n<div class=\"yiv5549225532gmail_quote yiv5549225532gmail_quote_container\">\n<div dir=\"ltr\">\n<p class=\"yiv5549225532MsoNormal\" style=\"text-align: center;\"><strong>PREVENCI\u00d3N.<\/strong><\/p>\n<p class=\"yiv5549225532MsoNormal\"><i>Para evitar complicaciones es clave mantener una buena hidrataci\u00f3n, y evitar la exposici\u00f3n solar.<\/i><\/p>\n<p class=\"yiv5549225532MsoNormal\">Frente al pron\u00f3stico de altas temperaturas, el Ministerio de Salud de la Provincia recomienda evitar la exposici\u00f3n solar entre las 10 y las 16 horas, incrementar la hidrataci\u00f3n, aunque no se tenga sed, y estar atentos con la refrigeraci\u00f3n de los alimentos para mantener la cadena de fr\u00edo.<\/p>\n<p class=\"yiv5549225532MsoNormal\">En caso de ser necesario estar al aire libre, es importante utilizar protector solar alto y gorro; y se recomienda vestir ropa liviana, de algod\u00f3n y de colores claros, adem\u00e1s de dosificar la actividad f\u00edsica.<\/p>\n<p class=\"yiv5549225532MsoNormal\">En cuanto a la ingesta de l\u00edquidos necesaria en esta \u00e9poca del a\u00f1o, las personas gestantes, lactantes, ni\u00f1os y ni\u00f1as y personas mayores, deben beber agua con mayor frecuencia a\u00fan; ya que presentan mayor riesgo de sufrir cuadros de deshidrataci\u00f3n t\u00edpicos del verano.<\/p>\n<p class=\"yiv5549225532MsoNormal\">En este sentido, desde la cartera sanitaria insisten en que es clave tomar agua, incluso, aunque no se tenga sed; y evitar tambi\u00e9n las bebidas alcoh\u00f3licas ya que aumentan la temperatura corporal y la p\u00e9rdida de l\u00edquido.<\/p>\n<p class=\"yiv5549225532MsoNormal\">Una de las complicaciones de salud m\u00e1s frecuentes tras estar expuestos a elevadas temperaturas, es el conocido \u201cgolpe de calor\u201d. Por eso, para prevenirlo, los especialistas aconsejan darle a los m\u00e1s chicos y adultos mayores; agua segura o jugos de fruta en forma frecuente; y amamantar a los beb\u00e9s con mayor frecuencia, ba\u00f1arlos o mojarles el cuerpo si hace mucho calor.<\/p>\n<p class=\"yiv5549225532MsoNormal\">Tambi\u00e9n, hay que elegir una alimentaci\u00f3n fresca, liviana y saludable, como frutas, verduras y ensaladas. Lo mejor es evitar comidas abundantes, altas en calor\u00edas, bebidas alcoh\u00f3licas y gaseosas; y estar atentos con el tiempo que permanecen los alimentos fuera de la heladera, para no cortar la cadena de fr\u00edo. Lo mismo a la hora de hacer las compras en el supermercado, dejar los l\u00e1cteos y derivados para el final.<\/p>\n<p class=\"yiv5549225532MsoNormal\">Para mayor informaci\u00f3n, se puede ingresar a la web\u00a0<a href=\"https:\/\/www.ms.gba.gov.ar\/sitios\/veranocuidadopba\/\" target=\"_blank\" rel=\"nofollow noopener noreferrer\">https:\/\/www.ms.gba.gov.ar\/sitios\/veranocuidadopba\/<\/a>, elaborada por la Provincia de cara a la temporada en curso, con diferentes recomendaciones sanitarias para tener un \u201cverano cuidado\u201d.<\/p>\n<\/div>\n<\/div>\n<\/div>\n<\/div>\n<\/div>\n<\/div>\n<div class=\"jb_0 X_6MGW N_6Fd5\"><\/div>\n<\/div>\n<div class=\"H_7jIs D_F ab_C Q_69H5 E_36RhU\" data-test-id=\"toolbar-hover-area\">\n<div class=\"D_F W_6D6F r_BN gl_C\" data-test-id=\"card-toolbar\"><\/div>\n<\/div>\n","protected":false},"excerpt":{"rendered":"<p>PREVENCI\u00d3N. Para evitar complicaciones es clave mantener una buena hidrataci\u00f3n, y evitar la exposici\u00f3n solar. Frente al pron\u00f3stico de altas temperaturas, el Ministerio de Salud de la Provincia recomienda evitar la exposici\u00f3n solar entre las 10 y las 16 horas, incrementar la hidrataci\u00f3n, aunque no se tenga sed, y estar atentos con la refrigeraci\u00f3n de [&hellip;]<\/p>\n","protected":false},"author":3,"featured_media":32382,"comment_status":"open","ping_status":"open","sticky":false,"template":"","format":"standard","meta":{"footnotes":"","jetpack_publicize_message":"","jetpack_publicize_feature_enabled":true,"jetpack_social_post_already_shared":true,"jetpack_social_options":{"image_generator_settings":{"template":"highway","default_image_id":0,"font":"","enabled":false},"version":2}},"categories":[11],"tags":[1722,3425],"class_list":["post-32380","post","type-post","status-publish","format-standard","has-post-thumbnail","hentry","category-entidades","tag-calor","tag-prenvencion"],"jetpack_publicize_connections":[],"jetpack_featured_media_url":"https:\/\/revistaepocadigital.com.ar\/wp-content\/uploads\/2026\/01\/agua.jpg","jetpack_likes_enabled":true,"_links":{"self":[{"href":"https:\/\/revistaepocadigital.com.ar\/index.php?rest_route=\/wp\/v2\/posts\/32380","targetHints":{"allow":["GET"]}}],"collection":[{"href":"https:\/\/revistaepocadigital.com.ar\/index.php?rest_route=\/wp\/v2\/posts"}],"about":[{"href":"https:\/\/revistaepocadigital.com.ar\/index.php?rest_route=\/wp\/v2\/types\/post"}],"author":[{"embeddable":true,"href":"https:\/\/revistaepocadigital.com.ar\/index.php?rest_route=\/wp\/v2\/users\/3"}],"replies":[{"embeddable":true,"href":"https:\/\/revistaepocadigital.com.ar\/index.php?rest_route=%2Fwp%2Fv2%2Fcomments&post=32380"}],"version-history":[{"count":1,"href":"https:\/\/revistaepocadigital.com.ar\/index.php?rest_route=\/wp\/v2\/posts\/32380\/revisions"}],"predecessor-version":[{"id":32381,"href":"https:\/\/revistaepocadigital.com.ar\/index.php?rest_route=\/wp\/v2\/posts\/32380\/revisions\/32381"}],"wp:featuredmedia":[{"embeddable":true,"href":"https:\/\/revistaepocadigital.com.ar\/index.php?rest_route=\/wp\/v2\/media\/32382"}],"wp:attachment":[{"href":"https:\/\/revistaepocadigital.com.ar\/index.php?rest_route=%2Fwp%2Fv2%2Fmedia&parent=32380"}],"wp:term":[{"taxonomy":"category","embeddable":true,"href":"https:\/\/revistaepocadigital.com.ar\/index.php?rest_route=%2Fwp%2Fv2%2Fcategories&post=32380"},{"taxonomy":"post_tag","embeddable":true,"href":"https:\/\/revistaepocadigital.com.ar\/index.php?rest_route=%2Fwp%2Fv2%2Ftags&post=32380"}],"curies":[{"name":"wp","href":"https:\/\/api.w.org\/{rel}","templated":true}]}}