{"id":32398,"date":"2026-01-27T11:25:06","date_gmt":"2026-01-27T14:25:06","guid":{"rendered":"https:\/\/revistaepocadigital.com.ar\/?p=32398"},"modified":"2026-01-30T02:00:29","modified_gmt":"2026-01-30T05:00:29","slug":"fallecio-la-amistad-un-simbolo-para-hernan-curone","status":"publish","type":"post","link":"https:\/\/revistaepocadigital.com.ar\/?p=32398","title":{"rendered":"LA AMISTAD, UN S\u00cdMBOLO PARA HERN\u00c1N CURONE"},"content":{"rendered":"<div class=\"x9f619 x1n2onr6 x1ja2u2z xeuugli xs83m0k xjl7jj x1xmf6yo x1xegmmw x1e56ztr x13fj5qh xnp8db0 x1d1medc x7ep2pv x1xzczws\">\n<div class=\"x7wzq59\">\n<div class=\"x78zum5 xdt5ytf xgpatz3\">\n<div class=\"x78zum5 xdt5ytf xgpatz3\">\n<div class=\"html-div xdj266r x14z9mp xat24cr x1lziwak xexx8yu xyri2b x18d9i69 x1c1uobl x78zum5 x1n2onr6 xh8yej3\">\n<div class=\"x1n2onr6 x1ja2u2z x1jx94hy xw5cjc7 x1dmpuos x1vsv7so xau1kf4 x9f619 xh8yej3 x6ikm8r x10wlt62 xquyuld\">\n<div class=\"xieb3on\">\n<div class=\"x9f619 x1ja2u2z x78zum5 x2lah0s x1n2onr6 x1qughib x1qjc9v5 xozqiw3 x1q0g3np xv54qhq xf7dkkf x18d9i69 xyamay9 x1ws5yxj xw01apr x4cne27 xifccgj\">\n<div class=\"x9f619 x1n2onr6 x1ja2u2z x78zum5 xdt5ytf x193iq5w xeuugli x1r8uery x1iyjqo2 xs83m0k x1icx=\">\n<div class=\"html-div xdj266r x14z9mp xat24cr x1lziwak xexx8yu xyri2b x18d9i69 x1c1uobl x78zum5 x1n2onr6 xh8yej3\">\n<div class=\"x1n2onr6 x1ja2u2z x1jx94hy xw5cjc7 x1dmpuos x1vsv7so xau1kf4 x9f619 xh8yej3 x6ikm8r x10wlt62 xquyuld\">FALLECI\u00d3 CONOCIDO Y APRECIADO VECINO.<!--more--><\/div>\n<\/div>\n<\/div>\n<\/div>\n<\/div>\n<\/div>\n<\/div>\n<\/div>\n<div>\n<div><\/div>\n<div><\/div>\n<div class=\"html-div xdj266r x14z9mp xat24cr x1lziwak xexx8yu xyri2b x18d9i69 x1c1uobl x6s0dn4 x17zd0t2 x78zum5 x1q0g3np x1a02dak\">\n<p><em>Dicen que algo muere en el alma, cuando un amigo se va, su despedida nos deja rotos de dolor. Pero en realidad un amigo nunca se va, vive por siempre entre nosotros y nuestro coraz\u00f3n, chau genio!!!<\/em><\/p>\n<\/div>\n<\/div>\n<\/div>\n<\/div>\n<\/div>\n<p>El posteo de Alberto Lazzaro en la red social Facebook, uno de los entra\u00f1ables amigos de Hern\u00e1n Curone, reflej\u00f3 con certeza, el profundo dolor causado por su repentina muerte en su conocida familia y entre sus amigos cuando vacacionaba junto a su esposa e hijos.<\/p>\n<p>Numerosos mensajes con condolencias a su familia y durante el velatorio, corroboraron la tristeza ante lo sucedido. Nunca mejor las palabras de su amigo, sintetizando el sentimiento de todos &#8220;un <em>amigo nunca se va, vive por siempre entre nosotros y nuestro coraz\u00f3n&#8221;.<\/em><\/p>\n<p>Una muestra\u00a0 conmovedora de la amistad constru\u00edda por Hern\u00e1n con tantos amigos, se dio durante el velatorio donde estuvieron muchos, incluso con sus caballos\u00a0 y arraigos\u00a0 gauchescos. Cuando el sepelio se llev\u00f3 a cabo esos amigos y vecinos se congregaron en la Plaza San Mart\u00edn, y por la noche en la casa de otro de sus amistades, fueron numerosos los reunidos para despedirlo de la mejor forma, alrededor de una mesa y con la parrilla cerca, para comer un asado como tantos y recordar como el amigo lo merec\u00eda.<\/p>\n<p>&nbsp;<\/p>\n","protected":false},"excerpt":{"rendered":"<p>FALLECI\u00d3 CONOCIDO Y APRECIADO VECINO.<\/p>\n","protected":false},"author":3,"featured_media":32402,"comment_status":"open","ping_status":"open","sticky":false,"template":"","format":"standard","meta":{"footnotes":"","jetpack_publicize_message":"","jetpack_publicize_feature_enabled":true,"jetpack_social_post_already_shared":true,"jetpack_social_options":{"image_generator_settings":{"template":"highway","default_image_id":0,"font":"","enabled":false},"version":2}},"categories":[14],"tags":[405],"class_list":["post-32398","post","type-post","status-publish","format-standard","has-post-thumbnail","hentry","category-la-gente","tag-fallecimiento"],"jetpack_publicize_connections":[],"jetpack_featured_media_url":"https:\/\/revistaepocadigital.com.ar\/wp-content\/uploads\/2026\/01\/hc-1.jpg","jetpack_likes_enabled":true,"_links":{"self":[{"href":"https:\/\/revistaepocadigital.com.ar\/index.php?rest_route=\/wp\/v2\/posts\/32398","targetHints":{"allow":["GET"]}}],"collection":[{"href":"https:\/\/revistaepocadigital.com.ar\/index.php?rest_route=\/wp\/v2\/posts"}],"about":[{"href":"https:\/\/revistaepocadigital.com.ar\/index.php?rest_route=\/wp\/v2\/types\/post"}],"author":[{"embeddable":true,"href":"https:\/\/revistaepocadigital.com.ar\/index.php?rest_route=\/wp\/v2\/users\/3"}],"replies":[{"embeddable":true,"href":"https:\/\/revistaepocadigital.com.ar\/index.php?rest_route=%2Fwp%2Fv2%2Fcomments&post=32398"}],"version-history":[{"count":4,"href":"https:\/\/revistaepocadigital.com.ar\/index.php?rest_route=\/wp\/v2\/posts\/32398\/revisions"}],"predecessor-version":[{"id":32417,"href":"https:\/\/revistaepocadigital.com.ar\/index.php?rest_route=\/wp\/v2\/posts\/32398\/revisions\/32417"}],"wp:featuredmedia":[{"embeddable":true,"href":"https:\/\/revistaepocadigital.com.ar\/index.php?rest_route=\/wp\/v2\/media\/32402"}],"wp:attachment":[{"href":"https:\/\/revistaepocadigital.com.ar\/index.php?rest_route=%2Fwp%2Fv2%2Fmedia&parent=32398"}],"wp:term":[{"taxonomy":"category","embeddable":true,"href":"https:\/\/revistaepocadigital.com.ar\/index.php?rest_route=%2Fwp%2Fv2%2Fcategories&post=32398"},{"taxonomy":"post_tag","embeddable":true,"href":"https:\/\/revistaepocadigital.com.ar\/index.php?rest_route=%2Fwp%2Fv2%2Ftags&post=32398"}],"curies":[{"name":"wp","href":"https:\/\/api.w.org\/{rel}","templated":true}]}}