{"id":32408,"date":"2026-01-30T01:52:11","date_gmt":"2026-01-30T04:52:11","guid":{"rendered":"https:\/\/revistaepocadigital.com.ar\/?p=32408"},"modified":"2026-01-30T01:52:11","modified_gmt":"2026-01-30T04:52:11","slug":"nicola-motos-tambien-en-robles","status":"publish","type":"post","link":"https:\/\/revistaepocadigital.com.ar\/?p=32408","title":{"rendered":"Nicola Motos tambi\u00e9n en Robles"},"content":{"rendered":"<div class=\"yiv4709422088yahoo-signature\">\n<div><strong>EL NEGOCIO FAMILIAR.<!--more--><\/strong><\/div>\n<div><\/div>\n<div>Ubicado sobre la calle colectora en el km 77.6 de la autov\u00eda 8 en Parada Robles, inaugur\u00f3 un nuevo local comercial la firma &#8220;Nicola Motos&#8221;, a metros de la estaci\u00f3n de servicio Shell. De esta forma el negocio especializado en las dos ruedas, que encabezan los hermanos Juan Manuel, Franco y Mart\u00edn Nicola, cuenta con una sucursal.<\/div>\n<div><\/div>\n<p>Nicola Motos inicio su etapa comercial en Capilla del Se\u00f1or a\u00f1os atr\u00e1s, ubicandose en la intersecci\u00f3n de las calles Rivadavia y Espa\u00f1a. Tanto en Capilla del Se\u00f1or como en Parada Robles, en ambos locales se venden motos 0 km, y son realizadas todo tipo de reparaciones. El horario de atenci\u00f3n al p\u00fablico, de Lunes a Viernes de 8:30 a 19:00 horas, s\u00e1bados de 8:30 a 13:00.<\/p>\n<\/div>\n<p><img loading=\"lazy\" decoding=\"async\" class=\"aligncenter size-full wp-image-32409\" src=\"https:\/\/revistaepocadigital.com.ar\/wp-content\/uploads\/2026\/01\/nib.jpg\" alt=\"\" width=\"640\" height=\"849\" srcset=\"https:\/\/revistaepocadigital.com.ar\/wp-content\/uploads\/2026\/01\/nib.jpg 640w, https:\/\/revistaepocadigital.com.ar\/wp-content\/uploads\/2026\/01\/nib-226x300.jpg 226w, https:\/\/revistaepocadigital.com.ar\/wp-content\/uploads\/2026\/01\/nib-317x420.jpg 317w, https:\/\/revistaepocadigital.com.ar\/wp-content\/uploads\/2026\/01\/nib-633x840.jpg 633w\" sizes=\"auto, (max-width: 640px) 100vw, 640px\" \/><\/p>\n<div><\/div>\n<div><\/div>\n","protected":false},"excerpt":{"rendered":"<p>EL NEGOCIO FAMILIAR.<\/p>\n","protected":false},"author":4,"featured_media":32413,"comment_status":"open","ping_status":"open","sticky":false,"template":"","format":"standard","meta":{"footnotes":"","jetpack_publicize_message":"","jetpack_publicize_feature_enabled":true,"jetpack_social_post_already_shared":true,"jetpack_social_options":{"image_generator_settings":{"template":"highway","default_image_id":0,"font":"","enabled":false},"version":2}},"categories":[5],"tags":[3426],"class_list":["post-32408","post","type-post","status-publish","format-standard","has-post-thumbnail","hentry","category-aqui-parada-robles","tag-nicola-motos"],"jetpack_publicize_connections":[],"jetpack_featured_media_url":"https:\/\/revistaepocadigital.com.ar\/wp-content\/uploads\/2026\/01\/nib2-1.jpg","jetpack_likes_enabled":true,"_links":{"self":[{"href":"https:\/\/revistaepocadigital.com.ar\/index.php?rest_route=\/wp\/v2\/posts\/32408","targetHints":{"allow":["GET"]}}],"collection":[{"href":"https:\/\/revistaepocadigital.com.ar\/index.php?rest_route=\/wp\/v2\/posts"}],"about":[{"href":"https:\/\/revistaepocadigital.com.ar\/index.php?rest_route=\/wp\/v2\/types\/post"}],"author":[{"embeddable":true,"href":"https:\/\/revistaepocadigital.com.ar\/index.php?rest_route=\/wp\/v2\/users\/4"}],"replies":[{"embeddable":true,"href":"https:\/\/revistaepocadigital.com.ar\/index.php?rest_route=%2Fwp%2Fv2%2Fcomments&post=32408"}],"version-history":[{"count":1,"href":"https:\/\/revistaepocadigital.com.ar\/index.php?rest_route=\/wp\/v2\/posts\/32408\/revisions"}],"predecessor-version":[{"id":32414,"href":"https:\/\/revistaepocadigital.com.ar\/index.php?rest_route=\/wp\/v2\/posts\/32408\/revisions\/32414"}],"wp:featuredmedia":[{"embeddable":true,"href":"https:\/\/revistaepocadigital.com.ar\/index.php?rest_route=\/wp\/v2\/media\/32413"}],"wp:attachment":[{"href":"https:\/\/revistaepocadigital.com.ar\/index.php?rest_route=%2Fwp%2Fv2%2Fmedia&parent=32408"}],"wp:term":[{"taxonomy":"category","embeddable":true,"href":"https:\/\/revistaepocadigital.com.ar\/index.php?rest_route=%2Fwp%2Fv2%2Fcategories&post=32408"},{"taxonomy":"post_tag","embeddable":true,"href":"https:\/\/revistaepocadigital.com.ar\/index.php?rest_route=%2Fwp%2Fv2%2Ftags&post=32408"}],"curies":[{"name":"wp","href":"https:\/\/api.w.org\/{rel}","templated":true}]}}