{"id":32429,"date":"2026-01-31T09:57:04","date_gmt":"2026-01-31T12:57:04","guid":{"rendered":"https:\/\/revistaepocadigital.com.ar\/?p=32429"},"modified":"2026-01-31T09:57:04","modified_gmt":"2026-01-31T12:57:04","slug":"se-patentaron-en-enero-66-080-vehiculos","status":"publish","type":"post","link":"https:\/\/revistaepocadigital.com.ar\/?p=32429","title":{"rendered":"Se patentaron en enero 66.080 veh\u00edculos"},"content":{"rendered":"<div class=\"msg-body P_wpofO mq_AS\" data-test-id=\"message-view-body-content\">\n<div class=\"jb_0 X_6MGW N_6Fd5\">\n<div>\n<div id=\"yiv3677261496\">\n<div>\n<div class=\"yiv3677261496WordSection1\">\n<p class=\"yiv3677261496MsoNormal\" style=\"text-align: left;\" align=\"center\"><b><u>El informe de ACARA.<!--more--><\/u><\/b><\/p>\n<p class=\"yiv3677261496MsoNormal\">La Asociaci\u00f3n de Concesionarios de Automotores de la Rep\u00fablica Argentina (ACARA) inform\u00f3 que el n\u00famero de veh\u00edculos patentados durante enero de 2026 ascendi\u00f3 a <b>66.080\u00a0<\/b>unidades, lo que represent\u00f3 una baja del <b>4,9%<\/b>\u00a0interanual, ya que en enero de 2025 se hab\u00edan registrado\u00a0<b>69.520<\/b> unidades. Si la comparaci\u00f3n es contra diciembre, se observ\u00f3 una suba del <b>174,4%<\/b>\u00a0ya que en el pasado mes de 2025 se hab\u00edan registrado\u00a0<b>24.079<\/b>\u00a0unidades.<\/p>\n<p class=\"yiv3677261496MsoNormal\">El\u00a0<b>presidente de ACARA, Sebasti\u00e1n Beato<\/b>, coment\u00f3: &#8220;<i>con un d\u00eda h\u00e1bil menos, el a\u00f1o se inicia pr\u00e1cticamente con el mismo nivel de actividad del a\u00f1o anterior, y eso es una buena noticia ya que se trata de los mejores eneros de los \u00faltimos 8 a\u00f1os.\u00a0\u00a0 Proyectamos un a\u00f1o que ir\u00e1 de menor a mayor y que finalizar\u00e1 con un crecimiento superior al 5%, cercano a las 640.000 unidades. Ser\u00e1 clave el rol que siga jugando la financiaci\u00f3n, con tasas que tienden a seguir bajando, as\u00ed como tambi\u00e9n la continuidad de una econom\u00eda estabilizada y un estado que haga su aporte para estimular la actividad, acompa\u00f1ando este buen momento con medidas fiscales que reduzcan la carga impositiva<\/i>&#8220;, complet\u00f3 Beato.<\/p>\n<p class=\"yiv3677261496MsoNormal\">Se adjunta el informe completo de la cantidad de veh\u00edculos registrados durante\u00a0<b>enero de 2026<\/b>\u00a0desglosado por origen, marca, modelo y regi\u00f3n geogr\u00e1fica. Seguinos en nuestras redes sociales, somos @acaraoficial en Instagram, X, Facebook y LinkedIn.<\/p>\n<p class=\"yiv3677261496MsoNormal\" align=\"center\">\n<\/div>\n<\/div>\n<\/div>\n<\/div>\n<\/div>\n<\/div>\n<div class=\"jb_0 X_6MGW N_6Fd5\">\n<div class=\"P_0 je_fq7\">\n<div class=\"W_3n93F p_R\" data-test-id=\"attachment-item\">\n<div class=\"A_6Eb4 i_6FIA J_x D_F r_P\">\n<div class=\"en_0\">\n<div class=\"u_dzD A_6DUj\"><\/div>\n<\/div>\n<\/div>\n<\/div>\n<\/div>\n<\/div>\n","protected":false},"excerpt":{"rendered":"<p>El informe de ACARA.<\/p>\n","protected":false},"author":3,"featured_media":32433,"comment_status":"open","ping_status":"open","sticky":false,"template":"","format":"standard","meta":{"footnotes":"","jetpack_publicize_message":"","jetpack_publicize_feature_enabled":true,"jetpack_social_post_already_shared":true,"jetpack_social_options":{"image_generator_settings":{"template":"highway","default_image_id":0,"font":"","enabled":false},"version":2}},"categories":[11],"tags":[3428,3429],"class_list":["post-32429","post","type-post","status-publish","format-standard","has-post-thumbnail","hentry","category-entidades","tag-acara","tag-enero-2026"],"jetpack_publicize_connections":[],"jetpack_featured_media_url":"https:\/\/revistaepocadigital.com.ar\/wp-content\/uploads\/2026\/01\/Toyota-Hilux-2026-frente-1.webp","jetpack_likes_enabled":true,"_links":{"self":[{"href":"https:\/\/revistaepocadigital.com.ar\/index.php?rest_route=\/wp\/v2\/posts\/32429","targetHints":{"allow":["GET"]}}],"collection":[{"href":"https:\/\/revistaepocadigital.com.ar\/index.php?rest_route=\/wp\/v2\/posts"}],"about":[{"href":"https:\/\/revistaepocadigital.com.ar\/index.php?rest_route=\/wp\/v2\/types\/post"}],"author":[{"embeddable":true,"href":"https:\/\/revistaepocadigital.com.ar\/index.php?rest_route=\/wp\/v2\/users\/3"}],"replies":[{"embeddable":true,"href":"https:\/\/revistaepocadigital.com.ar\/index.php?rest_route=%2Fwp%2Fv2%2Fcomments&post=32429"}],"version-history":[{"count":2,"href":"https:\/\/revistaepocadigital.com.ar\/index.php?rest_route=\/wp\/v2\/posts\/32429\/revisions"}],"predecessor-version":[{"id":32431,"href":"https:\/\/revistaepocadigital.com.ar\/index.php?rest_route=\/wp\/v2\/posts\/32429\/revisions\/32431"}],"wp:featuredmedia":[{"embeddable":true,"href":"https:\/\/revistaepocadigital.com.ar\/index.php?rest_route=\/wp\/v2\/media\/32433"}],"wp:attachment":[{"href":"https:\/\/revistaepocadigital.com.ar\/index.php?rest_route=%2Fwp%2Fv2%2Fmedia&parent=32429"}],"wp:term":[{"taxonomy":"category","embeddable":true,"href":"https:\/\/revistaepocadigital.com.ar\/index.php?rest_route=%2Fwp%2Fv2%2Fcategories&post=32429"},{"taxonomy":"post_tag","embeddable":true,"href":"https:\/\/revistaepocadigital.com.ar\/index.php?rest_route=%2Fwp%2Fv2%2Ftags&post=32429"}],"curies":[{"name":"wp","href":"https:\/\/api.w.org\/{rel}","templated":true}]}}