{"id":3257,"date":"2019-09-11T23:54:47","date_gmt":"2019-09-12T02:54:47","guid":{"rendered":"https:\/\/revistaepocadigital.com.ar\/?p=3257"},"modified":"2019-09-11T23:54:47","modified_gmt":"2019-09-12T02:54:47","slug":"convenio-con-la-uba-para-la-escuela-de-enfermeria","status":"publish","type":"post","link":"https:\/\/revistaepocadigital.com.ar\/?p=3257","title":{"rendered":"CONVENIO CON LA UBA PARA LA ESCUELA DE ENFERMER\u00cdA"},"content":{"rendered":"<p><strong>FUE FIRMADO.<\/strong><!--more--><\/p>\n<p>Entre el municipio exaltacruce\u00f1o y la Universidad de Buenos Aires (UBA), para dictar carrera de Licenciatura en Enfermer\u00eda. De ese modo, alumnos como docentes que se forman en la escuela de enfermer\u00eda municipal de Exaltaci\u00f3n de la Cruz, que funciona en el Hospital San Jos\u00e9, puedan cursar y obtener el t\u00edtulo universitario correspondiente.<\/p>\n<p>Mar\u00eda Luz Bozzani, intendenta interina de Exaltaci\u00f3n de la Cruz, y el secretario de gobierno Diego Nanni, firmaron el acuerdo en la reuni\u00f3n llevada a cabo junto al decano y profesor Dr. Ricardo Gelpi y su equipo.<\/p>\n","protected":false},"excerpt":{"rendered":"<p>FUE FIRMADO.<\/p>\n","protected":false},"author":3,"featured_media":3258,"comment_status":"open","ping_status":"open","sticky":false,"template":"","format":"standard","meta":{"footnotes":"","jetpack_publicize_message":"","jetpack_publicize_feature_enabled":true,"jetpack_social_post_already_shared":false,"jetpack_social_options":{"image_generator_settings":{"template":"highway","default_image_id":0,"font":"","enabled":false},"version":2}},"categories":[13],"tags":[],"class_list":["post-3257","post","type-post","status-publish","format-standard","has-post-thumbnail","hentry","category-interes-general"],"jetpack_publicize_connections":[],"jetpack_featured_media_url":"https:\/\/revistaepocadigital.com.ar\/wp-content\/uploads\/2019\/09\/nanni-enfermeri.jpg","jetpack_likes_enabled":true,"_links":{"self":[{"href":"https:\/\/revistaepocadigital.com.ar\/index.php?rest_route=\/wp\/v2\/posts\/3257","targetHints":{"allow":["GET"]}}],"collection":[{"href":"https:\/\/revistaepocadigital.com.ar\/index.php?rest_route=\/wp\/v2\/posts"}],"about":[{"href":"https:\/\/revistaepocadigital.com.ar\/index.php?rest_route=\/wp\/v2\/types\/post"}],"author":[{"embeddable":true,"href":"https:\/\/revistaepocadigital.com.ar\/index.php?rest_route=\/wp\/v2\/users\/3"}],"replies":[{"embeddable":true,"href":"https:\/\/revistaepocadigital.com.ar\/index.php?rest_route=%2Fwp%2Fv2%2Fcomments&post=3257"}],"version-history":[{"count":0,"href":"https:\/\/revistaepocadigital.com.ar\/index.php?rest_route=\/wp\/v2\/posts\/3257\/revisions"}],"wp:featuredmedia":[{"embeddable":true,"href":"https:\/\/revistaepocadigital.com.ar\/index.php?rest_route=\/wp\/v2\/media\/3258"}],"wp:attachment":[{"href":"https:\/\/revistaepocadigital.com.ar\/index.php?rest_route=%2Fwp%2Fv2%2Fmedia&parent=3257"}],"wp:term":[{"taxonomy":"category","embeddable":true,"href":"https:\/\/revistaepocadigital.com.ar\/index.php?rest_route=%2Fwp%2Fv2%2Fcategories&post=3257"},{"taxonomy":"post_tag","embeddable":true,"href":"https:\/\/revistaepocadigital.com.ar\/index.php?rest_route=%2Fwp%2Fv2%2Ftags&post=3257"}],"curies":[{"name":"wp","href":"https:\/\/api.w.org\/{rel}","templated":true}]}}