{"id":3260,"date":"2019-09-12T00:05:47","date_gmt":"2019-09-12T03:05:47","guid":{"rendered":"https:\/\/revistaepocadigital.com.ar\/?p=3260"},"modified":"2019-09-12T00:05:47","modified_gmt":"2019-09-12T03:05:47","slug":"pami-nos-vamos-a-mar-d-el-plata","status":"publish","type":"post","link":"https:\/\/revistaepocadigital.com.ar\/?p=3260","title":{"rendered":"PAMI: NOS VAMOS A MAR D EL PLATA"},"content":{"rendered":"<p><strong>GESTION\u00d3 PLAZAS.<\/strong><br \/>\n<!--more--><\/p>\n<p>El Pami de Exaltaci\u00f3n de la Cruz , gestion\u00f3 plazas para disfrutar de la ciudad de Mar del Plata desde el dia 22 de septiembre hasta el d\u00eda 29, absolutamente gratis, con pasaje y hotel con pensi\u00f3n completa. &#8220;Es para ustedes&#8221; , s\u00f3lo deben cumplimentar algunos tramites sencillos , antes del dia 12 de setiembre.<\/p>\n<p>Comunicarse al 02323 492124 el dia jueves 5\/9 de 9 a 13 hs.<\/p>\n","protected":false},"excerpt":{"rendered":"<p>GESTION\u00d3 PLAZAS.<\/p>\n","protected":false},"author":3,"featured_media":0,"comment_status":"open","ping_status":"open","sticky":false,"template":"","format":"standard","meta":{"footnotes":"","jetpack_publicize_message":"","jetpack_publicize_feature_enabled":true,"jetpack_social_post_already_shared":false,"jetpack_social_options":{"image_generator_settings":{"template":"highway","default_image_id":0,"font":"","enabled":false},"version":2}},"categories":[6],"tags":[],"class_list":["post-3260","post","type-post","status-publish","format-standard","hentry","category-barrios"],"jetpack_publicize_connections":[],"jetpack_featured_media_url":"","jetpack_likes_enabled":true,"_links":{"self":[{"href":"https:\/\/revistaepocadigital.com.ar\/index.php?rest_route=\/wp\/v2\/posts\/3260","targetHints":{"allow":["GET"]}}],"collection":[{"href":"https:\/\/revistaepocadigital.com.ar\/index.php?rest_route=\/wp\/v2\/posts"}],"about":[{"href":"https:\/\/revistaepocadigital.com.ar\/index.php?rest_route=\/wp\/v2\/types\/post"}],"author":[{"embeddable":true,"href":"https:\/\/revistaepocadigital.com.ar\/index.php?rest_route=\/wp\/v2\/users\/3"}],"replies":[{"embeddable":true,"href":"https:\/\/revistaepocadigital.com.ar\/index.php?rest_route=%2Fwp%2Fv2%2Fcomments&post=3260"}],"version-history":[{"count":0,"href":"https:\/\/revistaepocadigital.com.ar\/index.php?rest_route=\/wp\/v2\/posts\/3260\/revisions"}],"wp:attachment":[{"href":"https:\/\/revistaepocadigital.com.ar\/index.php?rest_route=%2Fwp%2Fv2%2Fmedia&parent=3260"}],"wp:term":[{"taxonomy":"category","embeddable":true,"href":"https:\/\/revistaepocadigital.com.ar\/index.php?rest_route=%2Fwp%2Fv2%2Fcategories&post=3260"},{"taxonomy":"post_tag","embeddable":true,"href":"https:\/\/revistaepocadigital.com.ar\/index.php?rest_route=%2Fwp%2Fv2%2Ftags&post=3260"}],"curies":[{"name":"wp","href":"https:\/\/api.w.org\/{rel}","templated":true}]}}