{"id":3268,"date":"2019-09-29T16:03:40","date_gmt":"2019-09-29T19:03:40","guid":{"rendered":"https:\/\/revistaepocadigital.com.ar\/?p=3268"},"modified":"2019-10-03T00:34:09","modified_gmt":"2019-10-03T03:34:09","slug":"priorizamos-la-transparencia-y-la-verdad","status":"publish","type":"post","link":"https:\/\/revistaepocadigital.com.ar\/?p=3268","title":{"rendered":"&#8220;Priorizamos la transparencia y la verdad&#8221;"},"content":{"rendered":"<div class=\"hd_n P_0 M_0 p_R\" data-name=\"infinite-scroll-content\" data-test-id=\"infinite-scroll-content\">\n<div id=\"pf1\" class=\"dp-page-outer\">\n<div class=\"dp-page-inner\">\n<div id=\"pg-1pf1\" class=\"pf pg-1w0 pg-1h0\">\n<div class=\"pc pg-1pc1 pg-1w0 pg-1h0\">\n<div class=\"c pg-1x0 pg-1y0 pg-1w1 pg-1h1\">\n<div class=\"t pg-1m0 pg-1x1 pg-1h2 pg-1y1 pg-1ff1 pg-1fs0 pg-1fc0 pg-1sc0 pg-1ls0 pg-1ws0\"><strong>EVANGELINA GARC\u00cdA Y MARIO DE CUNTO, ENCABEZAN LA LISTA A CONCEJALES POR CONSENSO FEDERAL QUE POSTULA COMO INTENDENTE A ALFREDO &#8220;FREDDY&#8221; ALVAREZ.<!--more--><\/strong><\/div>\n<div><\/div>\n<div class=\"t pg-1m0 pg-1x1 pg-1h2 pg-1y1 pg-1ff1 pg-1fs0 pg-1fc0 pg-1sc0 pg-1ls0 pg-1ws0\"><strong>Garc\u00eda;<\/strong> secretaria y docente del Centro Educativo Complementario (CEC) N\u00ba 801 de Capilla del Se\u00f1or, casada, dos hijos, vive en el Barrio Parque Sakura. <strong>De Cunto<\/strong>, es vecino de Capilla del Se\u00f1or. Acompa\u00f1an a Freddy Alvarez en la lista 137.<\/div>\n<div><\/div>\n<\/div>\n<\/div>\n<\/div>\n<div>EPOCA los entrevist\u00f3; las elecciones de octubre cada vez m\u00e1s cerca en el horizonte. Dos\u00a0 vecinos que, como otros de otras corrientes pol\u00edticas, han incursionado en pol\u00edtica apuntando al recambio que vecinos y argentinos todos pretenden. Hablan convencidos.<\/div>\n<\/div>\n<div><\/div>\n<\/div>\n<div id=\"pf1\" class=\"dp-page-outer\">\n<div class=\"dp-page-inner\">\n<div id=\"pg-1pf1\" class=\"pf pg-1w0 pg-1h0\">\n<div class=\"pc pg-1pc1 pg-1w0 pg-1h0\">\n<div class=\"c pg-1x0 pg-1y0 pg-1w1 pg-1h1\">\n<div class=\"t pg-1m0 pg-1x1 pg-1h2 pg-1ya pg-1ff1 pg-1fs0 pg-1fc0 pg-1sc0 pg-1ls0 pg-1ws0\"><strong>-Con ustedes encabezando la lista que postula a Freddy Alvarez, a que<\/strong><\/div>\n<div class=\"t pg-1m0 pg-1x3 pg-1h3 pg-1yc pg-1ff2 pg-1fs0 pg-1fc0 pg-1sc0 pg-1ls0 pg-1ws0\"><strong>apuntan, en que se diferencian en forma m\u00e1s marcada con el resto de los<\/strong><\/div>\n<div class=\"t pg-1m0 pg-1x3 pg-1h3 pg-1yd pg-1ff2 pg-1fs0 pg-1fc0 pg-1sc0 pg-1ls0 pg-1ws0\"><strong>candidatos a concejales?<\/strong><\/div>\n<div class=\"t pg-1m0 pg-1x1 pg-1h2 pg-1ye pg-1ff1 pg-1fs0 pg-1fc0 pg-1sc0 pg-1ls0 pg-1ws0\"><em>-Creemos imprescindible una absoluta transparencia como caracter\u00edstica propia de la<\/em><\/div>\n<div class=\"t pg-1m0 pg-1x1 pg-1h2 pg-1yf pg-1ff1 pg-1fs0 pg-1fc0 pg-1sc0 pg-1ls0 pg-1ws0\"><em>gesti\u00f3n y la administraci\u00f3n. Este ser\u00e1 uno de los ejes principales de nuestro trabajo,<\/em><\/div>\n<div class=\"t pg-1m0 pg-1x1 pg-1h2 pg-1y10 pg-1ff1 pg-1fs0 pg-1fc0 pg-1sc0 pg-1ls0 pg-1ws0\"><em>para recuperar credibilidad y confianza p\u00fablica. Es urgente recuperar la moral y la<\/em><\/div>\n<div class=\"t pg-1m0 pg-1x1 pg-1h2 pg-1y11 pg-1ff1 pg-1fs0 pg-1fc0 pg-1sc0 pg-1ls0 pg-1ws0\"><em>\u00e9tica en la vida p\u00fablica para evitar que unos pocos se enriquezcan il\u00edcitamente, y a<\/em><\/div>\n<div class=\"t pg-1m0 pg-1x1 pg-1h2 pg-1y12 pg-1ff1 pg-1fs0 pg-1fc0 pg-1sc0 pg-1ls0 pg-1ws0\"><em>costa de recursos p\u00fablicos que se niegan a los que mas lo necesitan.<\/em><\/div>\n<div class=\"t pg-1m0 pg-1x1 pg-1h2 pg-1y13 pg-1ff1 pg-1fs0 pg-1fc0 pg-1sc0 pg-1ls0 pg-1ws0\"><em>La funci\u00f3n del municipio debe estar siempre al servicio del progreso y el bienestar de<\/em><\/div>\n<div class=\"t pg-1m0 pg-1x1 pg-1h2 pg-1y14 pg-1ff1 pg-1fs0 pg-1fc0 pg-1sc0 pg-1ls0 pg-1ws0\"><em>todos los vecinos. El mayor porcentaje de los recursos proviene del esfuerzo de todos,<\/em><\/div>\n<div class=\"t pg-1m0 pg-1x1 pg-1h2 pg-1y15 pg-1ff1 pg-1fs0 pg-1fc0 pg-1sc0 pg-1ls0 pg-1ws0\"><em>por eso los gastos p\u00fablicos deben hacerse siempre con los niveles mas altos de<\/em><\/div>\n<div class=\"t pg-1m0 pg-1x1 pg-1h2 pg-1y16 pg-1ff1 pg-1fs0 pg-1fc0 pg-1sc0 pg-1ls0 pg-1ws0\"><em>eficiencia y transparencia.<\/em><\/div>\n<div class=\"t pg-1m0 pg-1x1 pg-1h2 pg-1y17 pg-1ff1 pg-1fs0 pg-1fc0 pg-1sc0 pg-1ls0 pg-1ws0\"><em>Todo vecino debe tener derecho al acceso, en forma pr\u00e1ctica y sencilla, de<\/em><\/div>\n<div class=\"t pg-1m0 pg-1x1 pg-1h2 pg-1y18 pg-1ff1 pg-1fs0 pg-1fc0 pg-1sc0 pg-1ls0 pg-1ws0\"><em>informaci\u00f3n sobre c\u00f3mo fueron invertidos los pagos de sus tasas e impuestos<\/em><\/div>\n<div class=\"t pg-1m0 pg-1x1 pg-1h2 pg-1y19 pg-1ff1 pg-1fs0 pg-1fc0 pg-1sc0 pg-1ls0 pg-1ws0\"><em>municipales. El pago de las mismas no debe ser un gasto del mont\u00f3n, sino la mejor<\/em><\/div>\n<div class=\"t pg-1m0 pg-1x1 pg-1h2 pg-1y1a pg-1ff1 pg-1fs0 pg-1fc0 pg-1sc0 pg-1ls0 pg-1ws0\"><em>inversi\u00f3n que tengamos todos los vecino de Exaltaci\u00f3n de la Cruz.<\/em><\/div>\n<div class=\"t pg-1m0 pg-1x1 pg-1h2 pg-1y1b pg-1ff1 pg-1fs0 pg-1fc0 pg-1sc0 pg-1ls0 pg-1ws0\"><em>Todo esto es fundamental para resolver los problemas cotidianos de los vecinos,<\/em><\/div>\n<div class=\"t pg-1m0 pg-1x1 pg-1h2 pg-1y1c pg-1ff1 pg-1fs0 pg-1fc0 pg-1sc0 pg-1ls0 pg-1ws0\"><em>asegurar la participaci\u00f3n de todos, garantizar la igualdad y la inclusi\u00f3n social. S\u00f3lo asi<\/em><\/div>\n<div class=\"t pg-1m0 pg-1x1 pg-1h2 pg-1y1d pg-1ff1 pg-1fs0 pg-1fc0 pg-1sc0 pg-1ls0 pg-1ws0\"><em>podemos transformar la realidad en beneficio de toda la poblaci\u00f3n y en especial, de los<\/em><\/div>\n<div class=\"t pg-1m0 pg-1x1 pg-1h2 pg-1y1e pg-1ff1 pg-1fs0 pg-1fc0 pg-1sc0 pg-1ls0 pg-1ws0\"><em>sectores mas vulnerables.<\/em> (Garc\u00eda y De Cunto).<\/div>\n<div><\/div>\n<div><strong>-Los pobladores de Exaltaci\u00f3n de la Cruz, merecen la atenci\u00f3n de los concejales, es una obviedad.<\/strong><\/div>\n<div class=\"t pg-1m0 pg-1x1 pg-1h2 pg-1y1f pg-1ff1 pg-1fs0 pg-1fc0 pg-1sc0 pg-1ls0 pg-1ws0\"><em>-Es necesario que los vecinos sean representados como corresponde, desde<\/em><\/div>\n<div class=\"t pg-1m0 pg-1x1 pg-1h2 pg-1y20 pg-1ff1 pg-1fs0 pg-1fc0 pg-1sc0 pg-1ls0 pg-1ws0\"><em>mi lugar me comprometo a dedicar 30 hs semanales a esta labor: asistencia a<\/em><\/div>\n<div class=\"t pg-1m0 pg-1x1 pg-1h2 pg-1y21 pg-1ff1 pg-1fs0 pg-1fc0 pg-1sc0 pg-1ls0 pg-1ws0\"><em>sesiones del concejo deliberante, trabajo sobre proyectos a presentar, atenci\u00f3n a<\/em><\/div>\n<div class=\"t pg-1m0 pg-1x1 pg-1h2 pg-1y22 pg-1ff1 pg-1fs0 pg-1fc0 pg-1sc0 pg-1ls0 pg-1ws0\"><em>vecinos en nuestra sede y visitas a los diferentes barrios para as\u00ed poder trabajar<\/em><\/div>\n<div class=\"t pg-1m0 pg-1x1 pg-1h2 pg-1y23 pg-1ff1 pg-1fs0 pg-1fc0 pg-1sc0 pg-1ls0 pg-1ws0\"><em>conjuntamente con ellos sobre los proyectos a presentar. Es una oportunidad que se<\/em><\/div>\n<div class=\"t pg-1m0 pg-1x1 pg-1h2 pg-1y24 pg-1ff1 pg-1fs0 pg-1fc0 pg-1sc0 pg-1ls0 pg-1ws0\"><em>nos presenta tanto al vecino como a nosotros, es tener la oportunidad de demostrar<\/em><\/div>\n<div class=\"t pg-1m0 pg-1x1 pg-1h2 pg-1y25 pg-1ff1 pg-1fs0 pg-1fc0 pg-1sc0 pg-1ls0 pg-1ws0\"><em>que la voz del vecino puede llegar realmente al concejo deliberante.<\/em> (Garc\u00eda).<\/div>\n<div><\/div>\n<div class=\"t pg-1m0 pg-1x2 pg-1h3 pg-1y26 pg-1ff2 pg-1fs0 pg-1fc0 pg-1sc0 pg-1ls0 pg-1ws0\"><strong>-En EPOCA siempre ponemos \u00e9nfasis en la gente, en que encuentre de quienes ha votado, las respuestas merecidas, \u00bfla poblaci\u00f3n exaltacruce\u00f1a que pretende de los candidatos <\/strong><strong>ya sea a intendente, concejales, consejeros escolares, y por que ustedes en tal caso consideran que son realmente capaces de interpretar a los vecinos del distrito?<\/strong><\/div>\n<div class=\"t pg-2m0 pg-2x2 pg-2h3 pg-2y7 pg-2ff2 pg-2fs0 pg-2fc0 pg-2sc0 pg-2ls0 pg-2ws0\"><em>-Creo que cualquiera que quiera y se lo proponga puede lograr interpretar lo que los vecinos manifiestan. Pero esto hay que hacerlo trabajando con compromiso y responsabilidad. Esto implica dedicar tiempo a nuestro trabajo, y comunicar o informar a los vecinos c\u00f3mo es que lo realizamos, ellos son nuestros \u201cempleadores\u201d y a ellos debemos rendirles cuenta de qu\u00e9 hacemos y como lo hacemos.<\/em><\/div>\n<\/div>\n<\/div>\n<\/div>\n<\/div>\n<\/div>\n<div id=\"pf2\" class=\"dp-page-outer\">\n<div class=\"dp-page-inner\">\n<div id=\"pg-2pf2\" class=\"pf pg-2w0 pg-2h0\">\n<div class=\"pc pg-2pc2 pg-2w0 pg-2h0\">\n<div class=\"c pg-2x0 pg-2y0 pg-2w1 pg-2h1\">\n<div class=\"t pg-2m0 pg-2x2 pg-2h3 pg-2y8 pg-2ff2 pg-2fs0 pg-2fc0 pg-2sc0 pg-2ls0 pg-2ws0\"><em>Para poder interpretarlos creo que lo principal es estar al lado de ellos, pero no s\u00f3lo con palabras lindas. Los concejales, \u201ctodos\u201d, deber\u00edan incluir en sus agendas el tiempo necesario para caminar los barrios para ver y sentir de cerca lo que los vecinos manifiestan. De esta manera la voz del vecino llegar\u00eda realmente al concejo deliberante<\/em>.(Garc\u00eda y De Cunto).<\/div>\n<div><\/div>\n<div><strong>-\u00bfEn que hacen foco?: controlar al ejecutivo municipal, priorizar alg\u00fan tema<\/strong><\/div>\n<div class=\"t pg-2m0 pg-2x1 pg-2h2 pg-2ye pg-2ff1 pg-2fs0 pg-2fc0 pg-2sc0 pg-2ls0 pg-2ws0\"><strong>como la seguridad, fuentes de trabajo, salud, problemas sociales,<\/strong><\/div>\n<div class=\"t pg-2m0 pg-2x1 pg-2h2 pg-2yf pg-2ff1 pg-2fs0 pg-2fc0 pg-2sc0 pg-2ls0 pg-2ws0\"><strong>educaci\u00f3n.<\/strong><\/div>\n<div class=\"t pg-2m0 pg-2x2 pg-2h3 pg-2y10 pg-2ff2 pg-2fs0 pg-2fc0 pg-2sc0 pg-2ls0 pg-2ws0\"><em>-Dentro de los diversos roles que tiene un concejal, se encuentra el rol de fiscalizador, es decir verificar la correcta gesti\u00f3n del ejecutivo municipal. Estoy convencida que con una<\/em><\/div>\n<div class=\"t pg-2m0 pg-2x2 pg-2h3 pg-2y12 pg-2ff2 pg-2fs0 pg-2fc0 pg-2sc0 pg-2ls0 pg-2ws0\"><em>administraci\u00f3n transparente se pueden atender todos los temas: creaci\u00f3n de trabajo<\/em><\/div>\n<div class=\"t pg-2m0 pg-2x2 pg-2h3 pg-2y13 pg-2ff2 pg-2fs0 pg-2fc0 pg-2sc0 pg-2ls0 pg-2ws0\"><em>formal y digno, salud eficiente y de calidad, un consejo escolar eficiente, programas<\/em><\/div>\n<div class=\"t pg-2m0 pg-2x2 pg-2h3 pg-2y14 pg-2ff2 pg-2fs0 pg-2fc0 pg-2sc0 pg-2ls0 pg-2ws0\"><em>para viviendas y tantos otros temas; pero eso s\u00ed, es imprescindible transparencia<\/em><\/div>\n<div class=\"t pg-2m0 pg-2x2 pg-2h3 pg-2y15 pg-2ff2 pg-2fs0 pg-2fc0 pg-2sc0 pg-2ls0 pg-2ws0\"><em>100%.<\/em><\/div>\n<div class=\"t pg-2m0 pg-2x2 pg-2h3 pg-2y16 pg-2ff2 pg-2fs0 pg-2fc0 pg-2sc0 pg-2ls0 pg-2ws0\"><em>Nuestro primer proyecto a presentar tiene que ver con esto, con la transparencia.<\/em><\/div>\n<div class=\"t pg-2m0 pg-2x2 pg-2h3 pg-2y17 pg-2ff2 pg-2fs0 pg-2fc0 pg-2sc0 pg-2ls0 pg-2ws0\"><em>Todos los vecinos deben conocer c\u00f3mo se administran sus aportes y el trabajo que se<\/em><\/div>\n<div class=\"t pg-2m0 pg-2x2 pg-2h3 pg-2y18 pg-2ff2 pg-2fs0 pg-2fc0 pg-2sc0 pg-2ls0 pg-2ws0\"><em>lleva a cabo, tanto en el ejecutivo como en el concejo deliberante. Esto debe ser de<\/em><\/div>\n<div class=\"t pg-2m0 pg-2x2 pg-2h3 pg-2y19 pg-2ff2 pg-2fs0 pg-2fc0 pg-2sc0 pg-2ls0 pg-2ws0\"><em>una forma sencilla, con una p\u00e1gina o una aplicaci\u00f3n, y la misma debe ser lo objetiva<\/em><\/div>\n<div class=\"t pg-2m0 pg-2x2 pg-2h3 pg-2y1a pg-2ff2 pg-2fs0 pg-2fc0 pg-2sc0 pg-2ls0 pg-2ws0\"><em>posible, sin opiniones partidarias y dem\u00e1s.<\/em><\/div>\n<div class=\"t pg-2m0 pg-2x2 pg-2h3 pg-2y1b pg-2ff2 pg-2fs0 pg-2fc0 pg-2sc0 pg-2ls0 pg-2ws0\"><em>Por otro lado, yo siempre digo que uno puede creer o pensar que es lo que el vecino<\/em><\/div>\n<div class=\"t pg-2m0 pg-2x2 pg-2h3 pg-2y1c pg-2ff2 pg-2fs0 pg-2fc0 pg-2sc0 pg-2ls0 pg-2ws0\"><em>necesita, pero podemos equivocarnos. Por eso yo me comprometo a trabajar de ser<\/em><\/div>\n<div class=\"t pg-2m0 pg-2x2 pg-2h3 pg-2y1d pg-2ff2 pg-2fs0 pg-2fc0 pg-2sc0 pg-2ls0 pg-2ws0\"><em>electa, desde el primer d\u00eda junto a ellos para as\u00ed saber realmente cu\u00e1les son sus<\/em><\/div>\n<div class=\"t pg-2m0 pg-2x2 pg-2h3 pg-2y1e pg-2ff2 pg-2fs0 pg-2fc0 pg-2sc0 pg-2ls0 pg-2ws0\"><em>prioridades.<\/em> (Garc\u00eda).<\/div>\n<div><\/div>\n<div class=\"t pg-2m0 pg-2x2 pg-2h2 pg-2y1f pg-2ff1 pg-2fs0 pg-2fc0 pg-2sc0 pg-2ls0 pg-2ws0\"><strong>-\u00bfQue priorizar\u00edan para cambiar desde el concejo deliberante en el actual<\/strong><\/div>\n<div class=\"t pg-2m0 pg-2x2 pg-2h2 pg-2y20 pg-2ff1 pg-2fs0 pg-2fc0 pg-2sc0 pg-2ls0 pg-2ws0\"><strong>manejo de la actual administraci\u00f3n municipal?<\/strong><\/div>\n<div class=\"t pg-2m0 pg-2x2 pg-2h3 pg-2y21 pg-2ff2 pg-2fs0 pg-2fc0 pg-2sc0 pg-2ls0 pg-2ws0\"><em>-Priorizamos la transparencia y la verdad, para que nuestro trabajo se vea reflejado en<\/em><\/div>\n<div class=\"t pg-2m0 pg-2x2 pg-2h3 pg-2y22 pg-2ff2 pg-2fs0 pg-2fc0 pg-2sc0 pg-2ls0 pg-2ws0\"><em>una mejor calidad de vida para nuestro pueblo. De poder concretar este objetivo, el beneficio se ver\u00e1 tambi\u00e9n en una mayor disponibilidad de medios para el municipio.<\/em><\/div>\n<div class=\"t pg-2m0 pg-2x2 pg-2h3 pg-2y25 pg-2ff2 pg-2fs0 pg-2fc0 pg-2sc0 pg-2ls0 pg-2ws0\"><em>De ser as\u00ed podemos pensar sin temor a equivocarnos, que nuestra gente estar\u00e1 mas<\/em><\/div>\n<div class=\"t pg-2m0 pg-2x2 pg-2h3 pg-2y26 pg-2ff2 pg-2fs0 pg-2fc0 pg-2sc0 pg-2ls0 pg-2ws0\"><em>predispuesta a tributar lo que corresponda viendo que estos fondos vuelven a ellos en<\/em><\/div>\n<div class=\"t pg-2m0 pg-2x2 pg-2h3 pg-2y27 pg-2ff2 pg-2fs0 pg-2fc0 pg-2sc0 pg-2ls0 pg-2ws0\"><em>salud, seguridad obres de infraestructura en beneficio de todos<\/em>. (Garc\u00eda)<\/div>\n<div><\/div>\n<div class=\"t pg-2m0 pg-2x2 pg-2h2 pg-2y28 pg-2ff1 pg-2fs0 pg-2fc0 pg-2sc0 pg-2ls0 pg-2ws0\"><strong>-\u00bfSon conscientes que los pobladores de Exaltaci\u00f3n de la Cruz, le exigen a los<\/strong><\/div>\n<div class=\"t pg-2m0 pg-2x2 pg-2h2 pg-2y29 pg-2ff1 pg-2fs0 pg-2fc0 pg-2sc0 pg-2ls0 pg-2ws0\"><strong>concejales, dedicaci\u00f3n, esfuerzo, soluciones, propuestas, que no siempre se<\/strong><\/div>\n<div class=\"t pg-2m0 pg-2x2 pg-2h2 pg-2y2a pg-2ff1 pg-2fs0 pg-2fc0 pg-2sc0 pg-2ls0 pg-2ws0\"><strong>concretan?<\/strong><\/div>\n<\/div>\n<\/div>\n<\/div>\n<\/div>\n<\/div>\n<div id=\"pf3\" class=\"dp-page-outer\">\n<div class=\"dp-page-inner\">\n<div id=\"pg-3pf3\" class=\"pf pg-3w0 pg-3h0\">\n<div class=\"pc pg-3pc3 pg-3w0 pg-3h0\">\n<div class=\"c pg-3x0 pg-3y0 pg-3w1 pg-3h1\">\n<div class=\"t pg-3m0 pg-3x1 pg-3h2 pg-3y1 pg-3ff1 pg-3fs0 pg-3fc0 pg-3sc0 pg-3ls0 pg-3ws0\"><em>-S\u00ed, totalmente: es por esto mismo que pretendemos hacer nuestra labor con el m\u00e1ximo<\/em><\/div>\n<div class=\"t pg-3m0 pg-3x1 pg-3h2 pg-3y2 pg-3ff1 pg-3fs0 pg-3fc0 pg-3sc0 pg-3ls0 pg-3ws0\"><em>esfuerzo e idoneidad. Eso es lo que todos los vecinos deber\u00edamos exigir, y de no concretarse tenemos la important\u00edsima herramienta que es el voto. Por eso creo que es muy importante que todos est\u00e9n al tanto del trabajo que realizan los concejales. De esta manera al finalizar<\/em><\/div>\n<div class=\"t pg-3m0 pg-3x1 pg-3h2 pg-3y6 pg-3ff1 pg-3fs0 pg-3fc0 pg-3sc0 pg-3ls0 pg-3ws0\"><em>sus mandatos, debemos elegirlos nuevamente o no. Soy muy consciente de lo que digo, y es por eso que aqu\u00ed estoy, haciendo todo lo que est\u00e9 a mi alcance para representar a<\/em><\/div>\n<div class=\"t pg-3m0 pg-3x1 pg-3h2 pg-3y8 pg-3ff1 pg-3fs0 pg-3fc0 pg-3sc0 pg-3ls0 pg-3ws0\"><em>cada uno de los vecinos como corresponde, realizando el verdadero trabajo de un<\/em><\/div>\n<div class=\"t pg-3m0 pg-3x1 pg-3h2 pg-3y9 pg-3ff1 pg-3fs0 pg-3fc0 pg-3sc0 pg-3ls0 pg-3ws0\"><em>concejal, ni mas ni menos; algo que parece tan sencillo pero a veces, aparentemente,<\/em><\/div>\n<div class=\"t pg-3m0 pg-3x1 pg-3h2 pg-3ya pg-3ff1 pg-3fs0 pg-3fc0 pg-3sc0 pg-3ls0 pg-3ws0\"><em>no lo es.<\/em> (Garc\u00eda)<\/div>\n<\/div>\n<\/div>\n<\/div>\n<\/div>\n<\/div>\n<\/div>\n<p>&nbsp;<\/p>\n<p>Foto: Prensa Consenso Federal.<\/p>\n<p>&nbsp;<\/p>\n","protected":false},"excerpt":{"rendered":"<p>EVANGELINA GARC\u00cdA Y MARIO DE CUNTO, ENCABEZAN LA LISTA A CONCEJALES POR CONSENSO FEDERAL QUE POSTULA COMO INTENDENTE A ALFREDO &#8220;FREDDY&#8221; ALVAREZ.<\/p>\n","protected":false},"author":4,"featured_media":3271,"comment_status":"open","ping_status":"open","sticky":false,"template":"","format":"standard","meta":{"footnotes":"","jetpack_publicize_message":"","jetpack_publicize_feature_enabled":true,"jetpack_social_post_already_shared":false,"jetpack_social_options":{"image_generator_settings":{"template":"highway","default_image_id":0,"font":"","enabled":false},"version":2}},"categories":[17],"tags":[129,474,475,43],"class_list":["post-3268","post","type-post","status-publish","format-standard","has-post-thumbnail","hentry","category-politica","tag-candidatos","tag-concejales","tag-consenso-federal","tag-elecciones"],"jetpack_publicize_connections":[],"jetpack_featured_media_url":"https:\/\/revistaepocadigital.com.ar\/wp-content\/uploads\/2019\/09\/alvarez-19.jpg","jetpack_likes_enabled":true,"_links":{"self":[{"href":"https:\/\/revistaepocadigital.com.ar\/index.php?rest_route=\/wp\/v2\/posts\/3268","targetHints":{"allow":["GET"]}}],"collection":[{"href":"https:\/\/revistaepocadigital.com.ar\/index.php?rest_route=\/wp\/v2\/posts"}],"about":[{"href":"https:\/\/revistaepocadigital.com.ar\/index.php?rest_route=\/wp\/v2\/types\/post"}],"author":[{"embeddable":true,"href":"https:\/\/revistaepocadigital.com.ar\/index.php?rest_route=\/wp\/v2\/users\/4"}],"replies":[{"embeddable":true,"href":"https:\/\/revistaepocadigital.com.ar\/index.php?rest_route=%2Fwp%2Fv2%2Fcomments&post=3268"}],"version-history":[{"count":0,"href":"https:\/\/revistaepocadigital.com.ar\/index.php?rest_route=\/wp\/v2\/posts\/3268\/revisions"}],"wp:featuredmedia":[{"embeddable":true,"href":"https:\/\/revistaepocadigital.com.ar\/index.php?rest_route=\/wp\/v2\/media\/3271"}],"wp:attachment":[{"href":"https:\/\/revistaepocadigital.com.ar\/index.php?rest_route=%2Fwp%2Fv2%2Fmedia&parent=3268"}],"wp:term":[{"taxonomy":"category","embeddable":true,"href":"https:\/\/revistaepocadigital.com.ar\/index.php?rest_route=%2Fwp%2Fv2%2Fcategories&post=3268"},{"taxonomy":"post_tag","embeddable":true,"href":"https:\/\/revistaepocadigital.com.ar\/index.php?rest_route=%2Fwp%2Fv2%2Ftags&post=3268"}],"curies":[{"name":"wp","href":"https:\/\/api.w.org\/{rel}","templated":true}]}}