{"id":32727,"date":"2026-03-09T01:21:32","date_gmt":"2026-03-09T04:21:32","guid":{"rendered":"https:\/\/revistaepocadigital.com.ar\/?p=32727"},"modified":"2026-03-09T08:52:17","modified_gmt":"2026-03-09T11:52:17","slug":"reunion-libertaria-de-peso-sebastian-pareja-con-coordinadores-y-diputados","status":"publish","type":"post","link":"https:\/\/revistaepocadigital.com.ar\/?p=32727","title":{"rendered":"REUNI\u00d3N LIBERTARIA DE PESO. SEBASTIAN PAREJA CON COORDINADORES Y DIPUTADOS BONAERENSES"},"content":{"rendered":"<div>\n<header class=\"r_BN D_F W_6D6F p_R P_Zjgzuf ir_0\" aria-label=\"Mensaje\">\n<div class=\"o_h D_F em_0 E_fq7 ek_BB\" data-test-id=\"address-info\">\n<div class=\"D_F en_0\"><strong>EN SAN NICOL\u00c1S, LA LIBERTAD AVANZA (LLA) DEBAT\u00cdA UNO DE LOS RECLAMOS M\u00c1S FUERTES DE LA GENTE, NO S\u00d3LO EN LA PROVINCIA DE BUENOS AIRES. LA ELIMINACI\u00d3N DE TASAS MUNICIPALES EN 116 DISTRITOS BONAERENSES.<\/strong><\/div>\n<div><\/div>\n<div class=\"D_F en_0\">Uno de los principales temas que van a abordarse este lunes 9 de marzo entre el diputado nacional por la Libertad Avanza, Sebast\u00edan Pareja y coordinadores y diputados de la provincia de Buenos Aires, se relaciona con el<strong> plan de la Libertad Avanza para eliminar tasas municipales en 116 distritos bonaerenses.<\/strong> Uno de los reclamos mas fuertes de la gente, que tambi\u00e9n como en el resto del pa\u00eds, se vino acentuando en los \u00faltimos a\u00f1os.<\/div>\n<\/div>\n<\/header>\n<\/div>\n<p><!--more--><\/p>\n<div data-test-id=\"focus-group\" aria-label=\"Grupo de navegaci\u00f3n del teclado. Usa las flechas para navegar o el tabulador para pasar al siguiente grupo.\">\n<div class=\"p_R b_2w4lU5 I_ZkbNhI em_N it_689y X_fq7 N_6LEV iu_FJ is_Z2bg7IA iv_0 iv3_dRA cZdTOHS_28Otf4 j_ZUs0f0 message-view\" tabindex=\"40\" data-test-id=\"message-view\" data-test-expanded=\"true\" data-iskeynav=\"true\">\n<div data-test-id=\"message-body-container\">\n<div class=\"I_ZkbNhI D_FY W_6D6F\" data-test-id=\"message-view-body\">\n<div class=\"msg-body P_wpofO mq_AS\" data-test-id=\"message-view-body-content\">\n<div class=\"jb_0 X_6MGW N_6Fd5\">\n<div id=\"yiv1166189547\">\n<div class=\"yiv1166189547yahoo-signature\">\n<p>Presidente de La Libertad Avanza en la provincia de Buenos Aires, Pareja es abogado, diputado nacional y ha surgido con creciente preponderancia en LLA y en el espectro pol\u00edtico. Visitaba San Nicol\u00e1s este lunes 9 de marzo, donde se llevaba adelante el encuentro con los 15 coordinadores distritales de la Segunda Secci\u00f3n Electoral, entre los que se encontrar\u00e1n los de ExalTaci\u00f3n de la Cruz. Al encuentro tambi\u00e9n asist\u00edan, los diputados provinciales Anal\u00eda Corvino y Pablo Morillo.<\/p>\n<p>La visita a San Nicol\u00e1s, formaba parte de la agenda territorial que el dirigente de LLA, viene desarrollando en distintos municipios bonaerenses, con el objetivo de fortalecer el espacio pol\u00edtico y escuchar de primera mano las preocupaciones de los vecinos. Finalizada la reuni\u00f3n, Pareja ofrec\u00eda una conferencia de prensa a las 14.30 en el \u201cRestaurante Hoyo 19 San Nicol\u00e1s Golf Club\u201d, ubicado en Avenida Savio 2180, San Nicol\u00e1s de los Arroyos. El presidente de LLA en la provincia de Buenos Aires, iba adem\u00e1s a hablar de temas pol\u00edticos en la provincia y a su vez, las iniciativas impulsadas por La Libertad Avanza, como ha sido mencionado, para reducir la presi\u00f3n fiscal en los municipios.<\/p>\n<p>m\u00e1s informaci\u00f3n: 1162940714 \/ 1144736465<\/p>\n<\/div>\n<\/div>\n<\/div>\n<\/div>\n<\/div>\n<\/div>\n<\/div>\n<\/div>\n<p>&nbsp;<\/p>\n","protected":false},"excerpt":{"rendered":"<p>EN SAN NICOL\u00c1S, LA LIBERTAD AVANZA (LLA) DEBAT\u00cdA UNO DE LOS RECLAMOS M\u00c1S FUERTES DE LA GENTE, NO S\u00d3LO EN LA PROVINCIA DE BUENOS AIRES. LA ELIMINACI\u00d3N DE TASAS MUNICIPALES EN 116 DISTRITOS BONAERENSES. Uno de los principales temas que van a abordarse este lunes 9 de marzo entre el diputado nacional por la Libertad [&hellip;]<\/p>\n","protected":false},"author":3,"featured_media":32731,"comment_status":"open","ping_status":"open","sticky":false,"template":"","format":"standard","meta":{"footnotes":"","jetpack_publicize_message":"","jetpack_publicize_feature_enabled":true,"jetpack_social_post_already_shared":true,"jetpack_social_options":{"image_generator_settings":{"template":"highway","default_image_id":0,"font":"","enabled":false},"version":2}},"categories":[17],"tags":[3457,3459,3458],"class_list":["post-32727","post","type-post","status-publish","format-standard","has-post-thumbnail","hentry","category-politica","tag-pareja","tag-reunion-san-nicolas","tag-tasas-municipales"],"jetpack_publicize_connections":[],"jetpack_featured_media_url":"https:\/\/revistaepocadigital.com.ar\/wp-content\/uploads\/2026\/03\/pareja-y-milei.jpg","jetpack_likes_enabled":true,"_links":{"self":[{"href":"https:\/\/revistaepocadigital.com.ar\/index.php?rest_route=\/wp\/v2\/posts\/32727","targetHints":{"allow":["GET"]}}],"collection":[{"href":"https:\/\/revistaepocadigital.com.ar\/index.php?rest_route=\/wp\/v2\/posts"}],"about":[{"href":"https:\/\/revistaepocadigital.com.ar\/index.php?rest_route=\/wp\/v2\/types\/post"}],"author":[{"embeddable":true,"href":"https:\/\/revistaepocadigital.com.ar\/index.php?rest_route=\/wp\/v2\/users\/3"}],"replies":[{"embeddable":true,"href":"https:\/\/revistaepocadigital.com.ar\/index.php?rest_route=%2Fwp%2Fv2%2Fcomments&post=32727"}],"version-history":[{"count":11,"href":"https:\/\/revistaepocadigital.com.ar\/index.php?rest_route=\/wp\/v2\/posts\/32727\/revisions"}],"predecessor-version":[{"id":32739,"href":"https:\/\/revistaepocadigital.com.ar\/index.php?rest_route=\/wp\/v2\/posts\/32727\/revisions\/32739"}],"wp:featuredmedia":[{"embeddable":true,"href":"https:\/\/revistaepocadigital.com.ar\/index.php?rest_route=\/wp\/v2\/media\/32731"}],"wp:attachment":[{"href":"https:\/\/revistaepocadigital.com.ar\/index.php?rest_route=%2Fwp%2Fv2%2Fmedia&parent=32727"}],"wp:term":[{"taxonomy":"category","embeddable":true,"href":"https:\/\/revistaepocadigital.com.ar\/index.php?rest_route=%2Fwp%2Fv2%2Fcategories&post=32727"},{"taxonomy":"post_tag","embeddable":true,"href":"https:\/\/revistaepocadigital.com.ar\/index.php?rest_route=%2Fwp%2Fv2%2Ftags&post=32727"}],"curies":[{"name":"wp","href":"https:\/\/api.w.org\/{rel}","templated":true}]}}