{"id":32740,"date":"2026-03-12T12:16:09","date_gmt":"2026-03-12T15:16:09","guid":{"rendered":"https:\/\/revistaepocadigital.com.ar\/?p=32740"},"modified":"2026-03-17T23:38:47","modified_gmt":"2026-03-18T02:38:47","slug":"eden-busca-detectar-conexiones-clandestinas","status":"publish","type":"post","link":"https:\/\/revistaepocadigital.com.ar\/?p=32740","title":{"rendered":"EDEN BUSCA DETECTAR CONEXIONES CLANDESTINAS"},"content":{"rendered":"<p><strong>UNA SERIE DE OPERATIVOS.<\/strong><!--more--><br \/>\nCon el objetivo de reforzar la seguridad el\u00e9ctrica y prevenir situaciones de riesgo,<br \/>\nEDEN puso en marcha una serie de operativos en la ciudad de Capilla del Se\u00f1or.<\/p>\n<p>El plan contempla controles e inspecciones t\u00e9cnicas, realizadas por personal<br \/>\nespecializado, orientadas a detectar irregularidades en la red y, principalmente, a<br \/>\nevitar conexiones clandestinas que representan un serio peligro para la<br \/>\ncomunidad.<\/p>\n<p>Desde la empresa han advertido, que las conexiones irregulares implican un riesgo<br \/>\ngrave e inmediato, ya que pueden provocar electrocuciones, incendios y da\u00f1os<br \/>\nen viviendas, comercios y en instalaciones ubicadas en la v\u00eda p\u00fablica. Estas<br \/>\npr\u00e1cticas suelen realizarse sin condiciones m\u00ednimas de seguridad, con materiales<br \/>\ninadecuados y sin la protecci\u00f3n necesaria, lo que incrementa significativamente el<br \/>\npeligro para quienes viven o circulan por la zona.<\/p>\n<p>Adem\u00e1s, las conexiones clandestinas afectan la calidad del servicio de los<br \/>\nusuarios correctamente conectados, generando oscilaciones de tensi\u00f3n,<br \/>\ninterrupciones y posibles da\u00f1os en artefactos el\u00e9ctricos y electr\u00f3nicos.<\/p>\n<p>Es importante destacar que el robo de energ\u00eda es un delito penado por la ley, que<br \/>\npuede dar lugar a acciones penales contra los responsables. Asimismo, ante la<br \/>\ndetecci\u00f3n de un medidor adulterado o una conexi\u00f3n directa, la distribuidora cuenta<br \/>\ncon la facultad legal de realizar el recupero de energ\u00eda no registrada. Esto implica<br \/>\nque el usuario deber\u00e1 abonar de forma retroactiva el consumo que fue<br \/>\ndesviado ilegalmente, adem\u00e1s de enfrentar los costos de normalizaci\u00f3n de la<br \/>\ninstalaci\u00f3n y las multas correspondientes.<\/p>\n<p>Desde EDEN reafirman la continuidad de las acciones para detectar y eliminar<br \/>\nestas pr\u00e1cticas, garantizando as\u00ed la seguridad y la calidad del servicio el\u00e9ctrico<br \/>\npara todos los habitantes de su \u00e1rea de concesi\u00f3n.<\/p>\n<p>Cabe destacar, que los usuarios pueden comunicarse con la empresa, y denunciar<br \/>\nde forma an\u00f3mica este tipo de conexiones a trav\u00e9s de los siguientes canales: por<br \/>\nWhatsApp al +54 9 336 452 6944, por tel\u00e9fono al 0800 999 3336 o contactarse a<br \/>\ntrav\u00e9s de las redes sociales EDEN:<br \/>\nFacebook https:\/\/www.facebook.com\/EDENComunica<br \/>\nInstagram EDEN (@edencomunica)<br \/>\nYouTube https:\/\/www.youtube.com\/@EDENComunica<br \/>\nX EDEN S.A. (@EDENSAComunica)<\/p>\n<p>&nbsp;<\/p>\n","protected":false},"excerpt":{"rendered":"<p>UNA SERIE DE OPERATIVOS.<\/p>\n","protected":false},"author":3,"featured_media":32742,"comment_status":"open","ping_status":"open","sticky":false,"template":"","format":"standard","meta":{"footnotes":"","jetpack_publicize_message":"","jetpack_publicize_feature_enabled":true,"jetpack_social_post_already_shared":true,"jetpack_social_options":{"image_generator_settings":{"template":"highway","default_image_id":0,"font":"","enabled":false},"version":2}},"categories":[13],"tags":[3460,39],"class_list":["post-32740","post","type-post","status-publish","format-standard","has-post-thumbnail","hentry","category-interes-general","tag-conexiones-clandestinas","tag-eden"],"jetpack_publicize_connections":[],"jetpack_featured_media_url":"https:\/\/revistaepocadigital.com.ar\/wp-content\/uploads\/2026\/03\/eden-conex-cland.jpg","jetpack_likes_enabled":true,"_links":{"self":[{"href":"https:\/\/revistaepocadigital.com.ar\/index.php?rest_route=\/wp\/v2\/posts\/32740","targetHints":{"allow":["GET"]}}],"collection":[{"href":"https:\/\/revistaepocadigital.com.ar\/index.php?rest_route=\/wp\/v2\/posts"}],"about":[{"href":"https:\/\/revistaepocadigital.com.ar\/index.php?rest_route=\/wp\/v2\/types\/post"}],"author":[{"embeddable":true,"href":"https:\/\/revistaepocadigital.com.ar\/index.php?rest_route=\/wp\/v2\/users\/3"}],"replies":[{"embeddable":true,"href":"https:\/\/revistaepocadigital.com.ar\/index.php?rest_route=%2Fwp%2Fv2%2Fcomments&post=32740"}],"version-history":[{"count":3,"href":"https:\/\/revistaepocadigital.com.ar\/index.php?rest_route=\/wp\/v2\/posts\/32740\/revisions"}],"predecessor-version":[{"id":32744,"href":"https:\/\/revistaepocadigital.com.ar\/index.php?rest_route=\/wp\/v2\/posts\/32740\/revisions\/32744"}],"wp:featuredmedia":[{"embeddable":true,"href":"https:\/\/revistaepocadigital.com.ar\/index.php?rest_route=\/wp\/v2\/media\/32742"}],"wp:attachment":[{"href":"https:\/\/revistaepocadigital.com.ar\/index.php?rest_route=%2Fwp%2Fv2%2Fmedia&parent=32740"}],"wp:term":[{"taxonomy":"category","embeddable":true,"href":"https:\/\/revistaepocadigital.com.ar\/index.php?rest_route=%2Fwp%2Fv2%2Fcategories&post=32740"},{"taxonomy":"post_tag","embeddable":true,"href":"https:\/\/revistaepocadigital.com.ar\/index.php?rest_route=%2Fwp%2Fv2%2Ftags&post=32740"}],"curies":[{"name":"wp","href":"https:\/\/api.w.org\/{rel}","templated":true}]}}