{"id":32745,"date":"2026-03-09T12:54:21","date_gmt":"2026-03-09T15:54:21","guid":{"rendered":"https:\/\/revistaepocadigital.com.ar\/?p=32745"},"modified":"2026-03-09T12:54:21","modified_gmt":"2026-03-09T15:54:21","slug":"cerro-la-fabrica-de-pullovers-mas-famosa-de-mar-del-plata","status":"publish","type":"post","link":"https:\/\/revistaepocadigital.com.ar\/?p=32745","title":{"rendered":"CERR\u00d3 LA F\u00c1BRICA DE PULLOVERS M\u00c1S FAMOSA DE MAR DEL PLATA"},"content":{"rendered":"<div class=\"xdj266r x14z9mp xat24cr x1lziwak x1vvkbs x126k92a\">\n<div dir=\"auto\"><strong>MAURO SERGIO S.A.<\/strong><\/div>\n<div dir=\"auto\"><\/div>\n<\/div>\n<p><!--more--><\/p>\n<div class=\"x14z9mp xat24cr x1lziwak x1vvkbs xtlvy1s x126k92a\">\n<div dir=\"auto\">La empresa textil Textilana S.A., fabricante de la hist\u00f3rica marca de indumentaria Mauro Sergio, atraviesa un conflicto desde hace cuatro meses. La empresa suspendi\u00f3 masivamente a trabajadores por la falta de consumo que est\u00e1 golpeando al pa\u00eds, que algunos sectores atribuyen a la pol\u00edtica econ\u00f3mica del gobierno de Javier Milei.<\/div>\n<div dir=\"auto\"><\/div>\n<\/div>\n<div class=\"x14z9mp xat24cr x1lziwak x1vvkbs xtlvy1s x126k92a\">\n<div dir=\"auto\">El delegado de la comisi\u00f3n interna de la empresa textil, Mauro Galv\u00e1n, apunt\u00f3 al modelo econ\u00f3mico del gobierno de La Libertad Avanza por \u201cla baja de consumo total\u201d, lo que provoca que \u201clas empresas textiles est\u00e9n quebrando\u201d. Adem\u00e1s, Galv\u00e1n asever\u00f3 que \u201cse han perdido 16.000 puestos de trabajo en el sector textil\u201d a partir de estas pol\u00edticas econ\u00f3micas.<\/div>\n<div dir=\"auto\"><\/div>\n<div dir=\"auto\">La situaci\u00f3n en Textilana S.A. comenz\u00f3 en el mes de noviembre de 2025, cuando fueron suspendidos 175 operarios por cuatro meses.<\/div>\n<div dir=\"auto\">Fuente Todo Pilar Escobar PBA<\/div>\n<\/div>\n","protected":false},"excerpt":{"rendered":"<p>MAURO SERGIO S.A.<\/p>\n","protected":false},"author":3,"featured_media":32747,"comment_status":"open","ping_status":"open","sticky":false,"template":"","format":"standard","meta":{"footnotes":"","jetpack_publicize_message":"","jetpack_publicize_feature_enabled":true,"jetpack_social_post_already_shared":true,"jetpack_social_options":{"image_generator_settings":{"template":"highway","default_image_id":0,"font":"","enabled":false},"version":2}},"categories":[151,13],"tags":[3074,3461],"class_list":["post-32745","post","type-post","status-publish","format-standard","has-post-thumbnail","hentry","category-empleados-de-comercio","category-interes-general","tag-cierre","tag-mauro-sergio"],"jetpack_publicize_connections":[],"jetpack_featured_media_url":"https:\/\/revistaepocadigital.com.ar\/wp-content\/uploads\/2026\/03\/mauro-serg.jpg","jetpack_likes_enabled":true,"_links":{"self":[{"href":"https:\/\/revistaepocadigital.com.ar\/index.php?rest_route=\/wp\/v2\/posts\/32745","targetHints":{"allow":["GET"]}}],"collection":[{"href":"https:\/\/revistaepocadigital.com.ar\/index.php?rest_route=\/wp\/v2\/posts"}],"about":[{"href":"https:\/\/revistaepocadigital.com.ar\/index.php?rest_route=\/wp\/v2\/types\/post"}],"author":[{"embeddable":true,"href":"https:\/\/revistaepocadigital.com.ar\/index.php?rest_route=\/wp\/v2\/users\/3"}],"replies":[{"embeddable":true,"href":"https:\/\/revistaepocadigital.com.ar\/index.php?rest_route=%2Fwp%2Fv2%2Fcomments&post=32745"}],"version-history":[{"count":1,"href":"https:\/\/revistaepocadigital.com.ar\/index.php?rest_route=\/wp\/v2\/posts\/32745\/revisions"}],"predecessor-version":[{"id":32746,"href":"https:\/\/revistaepocadigital.com.ar\/index.php?rest_route=\/wp\/v2\/posts\/32745\/revisions\/32746"}],"wp:featuredmedia":[{"embeddable":true,"href":"https:\/\/revistaepocadigital.com.ar\/index.php?rest_route=\/wp\/v2\/media\/32747"}],"wp:attachment":[{"href":"https:\/\/revistaepocadigital.com.ar\/index.php?rest_route=%2Fwp%2Fv2%2Fmedia&parent=32745"}],"wp:term":[{"taxonomy":"category","embeddable":true,"href":"https:\/\/revistaepocadigital.com.ar\/index.php?rest_route=%2Fwp%2Fv2%2Fcategories&post=32745"},{"taxonomy":"post_tag","embeddable":true,"href":"https:\/\/revistaepocadigital.com.ar\/index.php?rest_route=%2Fwp%2Fv2%2Ftags&post=32745"}],"curies":[{"name":"wp","href":"https:\/\/api.w.org\/{rel}","templated":true}]}}