{"id":32749,"date":"2026-03-09T19:25:36","date_gmt":"2026-03-09T22:25:36","guid":{"rendered":"https:\/\/revistaepocadigital.com.ar\/?p=32749"},"modified":"2026-03-12T03:03:47","modified_gmt":"2026-03-12T06:03:47","slug":"repaso-al-estado-de-obras-y-gestiones-para-nuevas-reunion-martin-nanni-batakis","status":"publish","type":"post","link":"https:\/\/revistaepocadigital.com.ar\/?p=32749","title":{"rendered":"REPASO AL ESTADO DE OBRAS Y GESTIONES PARA NUEVAS. REUNI\u00d3N MARTIN-NANNI-BATAKIS"},"content":{"rendered":"<div class=\"xdj266r x14z9mp xat24cr x1lziwak x1vvkbs x126k92a\">\n<div dir=\"auto\"><strong>REUNI\u00d3N, SE DIJO TAMBI\u00c9N, PARA SEGUIR IMPULSANDO OBRAS EN EL DISTRITO.\u00a0<\/strong><\/div>\n<\/div>\n<p><!--more--><\/p>\n<div class=\"x14z9mp xat24cr x1lziwak x1vvkbs xtlvy1s x126k92a\">\n<div dir=\"auto\">El intendente Luis Mariano Mart\u00edn y el diputado provincial Diego Nanni mantuvieron un encuentro con Silvina Batakis, ministra de H\u00e1bitat y Desarrollo Urbano de la Provincia de Buenos Aires.<\/div>\n<div dir=\"auto\"><\/div>\n<div dir=\"auto\"><strong><img loading=\"lazy\" decoding=\"async\" class=\"aligncenter size-full wp-image-32753\" src=\"https:\/\/revistaepocadigital.com.ar\/wp-content\/uploads\/2026\/03\/martin-nanni.jpeg\" alt=\"\" width=\"590\" height=\"394\" srcset=\"https:\/\/revistaepocadigital.com.ar\/wp-content\/uploads\/2026\/03\/martin-nanni.jpeg 590w, https:\/\/revistaepocadigital.com.ar\/wp-content\/uploads\/2026\/03\/martin-nanni-300x200.jpeg 300w\" sizes=\"auto, (max-width: 590px) 100vw, 590px\" \/><\/strong><\/div>\n<div dir=\"auto\"><\/div>\n<\/div>\n<div class=\"x14z9mp xat24cr x1lziwak x1vvkbs xtlvy1s x126k92a\">\n<div dir=\"auto\">Durante el encuentro concretado en el mencionado ministerio, repasaron el estado de las obras que se encuentran en ejecuci\u00f3n en Exaltaci\u00f3n de la Cruz, y avanzaron en los pasos administrativos necesarios para seguir gestionando soluciones concretas el distrito. <em>&#8220;Seguimos trabajando de manera articulada, para que m\u00e1s proyectos se hagan realidad en Exaltaci\u00f3n de la Cruz&#8221;<\/em>, sostuvieron Martin y Nanni.<\/div>\n<\/div>\n<div dir=\"auto\"><\/div>\n<div dir=\"auto\">La difusi\u00f3n de la reuni\u00f3n y el cometido planteado a trav\u00e9s de la red social Facebook, dio pie a que se reflejara el notorio inter\u00e9s de vecinos, sus necesidades no exentas de cr\u00edticas, comentarios\u00a0 para tener en cuenta claro, sin perder de vista subjetividades y eventuales intereses como sabe ocurrir en las redes. Ac\u00e1 algunos:<\/div>\n<div dir=\"auto\"><a class=\"x1i10hfl xjbqb8w x1ejq31n x18oe1m7 x1sy0etr xstzfhl x972fbf x10w94by x1qhh985 x14e42zd x9f619 x1ypdohk xt0psk2 x3ct3a4 xdj266r x14z9mp xat24cr x1lziwak xexx8yu xyri2b x18d9i69 x1c1uobl x16tdsg8 x1hl2dhg xggy1nq x1a2a7pz x1heor9g xkrqix3 x1sur9pj x1s688f\" tabindex=\"0\" role=\"link\" href=\"https:\/\/www.facebook.com\/carlos.bujan.5?comment_id=Y29tbWVudDoxMjg2MzEwODg2ODc5MTMxXzEyNDgyODU5OTMzNDE2NzY%3D&amp;__cft__[0]=AZYG4lCAQkJhvJ14Ak10uz5B7SBHNRViFaFNqp9RvAXK9n7winfYo6MBveGvLs22BaxfTGx1FcGNGchNydcy9J24bPGbIreT6qDwZrarRcxVWKOVXMbphu5BaFHH53RKOztNyZGd7VijX-fK1FDH4Q1Nt_SSZ_tOpIPUvJLKdhgYSQ&amp;__tn__=R]-R\" aria-hidden=\"false\"><span class=\"x3nfvp2\"><span class=\"x193iq5w xeuugli x13faqbe x1vvkbs x1xmvt09 x1lliihq x1s928wv xhkezso x1gmr53x x1cpjm7i x1fgarty x1943h6x x4zkp8e x676frb x1pg5gke x1sibtaa x1s688f xzsf02u\" dir=\"auto\">Carlos Bujan <\/span><\/span><\/a>Anoten por favor, asfalto de calles en el Remanso, cloacas y agua potable. Es lo m\u00ednimo que una poblaci\u00f3n en el siglo XXI necesita y un estado debe proveer<\/div>\n<div dir=\"auto\">\n<div class=\"x78zum5 xdt5ytf x1iyjqo2 x1n2onr6 xaci4zi x129vozr\">\n<div class=\"html-div xdj266r x14z9mp xat24cr x1lziwak xexx8yu xyri2b x18d9i69 x1c1uobl x78zum5 xdt5ytf x1iyjqo2 x7ywyr2\">\n<div class=\"x6ikm8r x10wlt62\">\n<div class=\"x1yztbdb x1n2onr6 xh8yej3 x1ja2u2z\">\n<div class=\"x1n2onr6 x1ja2u2z\">\n<div class=\"x1a2a7pz\" aria-posinset=\"1\">\n<div class=\"x78zum5 xdt5ytf\" data-virtualized=\"false\">\n<div class=\"x9f619 x1n2onr6 x1ja2u2z\">\n<div class=\"html-div xdj266r x14z9mp xat24cr x1lziwak xexx8yu xyri2b x18d9i69 x1c1uobl x78zum5 x1n2onr6 xh8yej3\">\n<div class=\"x1n2onr6 x1ja2u2z x1jx94hy xw5cjc7 x1dmpuos x1vsv7so xau1kf4 x9f619 xh8yej3 x6ikm8r x10wlt62\">\n<div class=\"html-div xdj266r x14z9mp xat24cr x1lziwak xexx8yu xyri2b x18d9i69 x1c1uobl\">\n<div class=\"html-div xdj266r x14z9mp xat24cr x1lziwak xexx8yu xyri2b x18d9i69 x1c1uobl\">\n<div class=\"html-div xdj266r x14z9mp xat24cr x1lziwak xexx8yu xyri2b x18d9i69 x1c1uobl\">\n<div class=\"xabvvm4 xeyy32k x1ia1hqs x1a2w583 x6ikm8r x10wlt62\" data-visualcompletion=\"ignore-dynamic\">\n<div class=\"html-div xdj266r x14z9mp xat24cr x1lziwak xexx8yu x18d9i69 x1g0dm76 xpdmqnj x1n2onr6\">\n<div class=\"html-div x14z9mp xat24cr x1lziwak xexx8yu xyri2b x18d9i69 x1c1uobl x1gslohp\">\n<div class=\"x78zum5 xdt5ytf\" data-virtualized=\"false\">\n<div class=\"x9f619 x1n2onr6 x1ja2u2z\">\n<div class=\"x18xomjl xbcz3fp\">\n<div class=\"html-div xdj266r x14z9mp xat24cr x1lziwak xexx8yu xyri2b x18d9i69 x1c1uobl x1n2onr6\">\n<div class=\"x1n2onr6 x1g0dm76 x1iorvi4 x78zum5 x1q0g3np x1a2a7pz\" tabindex=\"-1\" role=\"article\" aria-label=\"Comentario de Carlos Bujan hace 5 d\u00edas\">\n<div class=\"x1r8uery x1iyjqo2 x6ikm8r x10wlt62 xv54qhq\">\n<div class=\"x1rg5ohu xxymvpz x17z2i9w\">\n<div class=\"html-div xdj266r x14z9mp xat24cr xexx8yu xyri2b x18d9i69 x1c1uobl x1az2cgm\" aria-hidden=\"false\">\n<div class=\"html-div xdj266r x14z9mp xat24cr x1lziwak xexx8yu xyri2b x18d9i69 x1c1uobl xg01cxk xhva3ql\"><a class=\"x1i10hfl xjbqb8w x1ejq31n x18oe1m7 x1sy0etr xstzfhl x972fbf x10w94by x1qhh985 x14e42zd x9f619 x1ypdohk xt0psk2 x3ct3a4 xdj266r x14z9mp xat24cr x1lziwak xexx8yu xyri2b x18d9i69 x1c1uobl x16tdsg8 x1hl2dhg xggy1nq x1a2a7pz xkrqix3 x1sur9pj xzsf02u x1s688f\" tabindex=\"0\" role=\"link\" href=\"https:\/\/www.facebook.com\/profile.php?id=100083321169710&amp;__cft__[0]=AZYG4lCAQkJhvJ14Ak10uz5B7SBHNRViFaFNqp9RvAXK9n7winfYo6MBveGvLs22BaxfTGx1FcGNGchNydcy9J24bPGbIreT6qDwZrarRcxVWKOVXMbphu5BaFHH53RKOztNyZGd7VijX-fK1FDH4Q1Nt_SSZ_tOpIPUvJLKdhgYSQ&amp;__tn__=R]-R\"><span class=\"xt0psk2\"><span class=\"xjp7ctv\">Barrio Monteverde<\/span><\/span><\/a>\u00a0Estamos ante un severo problema de contaminaci\u00f3n ya que la planta de tratamiento de residuos cloacales (localizada en Exaltaci\u00f3n) desecha los mismos sin tratar, directamente al arroyo que cruza varios barrios (muchos en jurisdicci\u00f3n de Campana). Cuando llueve, el arroyo desborda y deja la materia fecal distribuida. Hace a\u00f1os que estamos reclamando una soluci\u00f3n y nos hemos reunido oportunamente con los entonces intendentes (Nanni y Abella) quienes prometieron soluciones que no llegan. Ojal\u00e1 que estando los tres reunidos hayan podido ver c\u00f3mo resolver este acuciante tema.<\/div>\n<\/div>\n<\/div>\n<\/div>\n<\/div>\n<\/div>\n<\/div>\n<\/div>\n<\/div>\n<div class=\"x78zum5 xdt5ytf\" data-virtualized=\"false\">\n<div class=\"x9f619 x1n2onr6 x1ja2u2z\">\n<div class=\"x18xomjl xbcz3fp\">\n<div class=\"html-div xdj266r x14z9mp xat24cr x1lziwak xexx8yu xyri2b x18d9i69 x1c1uobl x1n2onr6\">\n<div class=\"x1n2onr6 x1g0dm76 x1iorvi4 x78zum5 x1q0g3np x1a2a7pz\" tabindex=\"-1\" role=\"article\" aria-label=\"Comentario de Paula Noem\u00ed Buczak hace 5 d\u00edas\">\n<div class=\"x1r8uery x1iyjqo2 x6ikm8r x10wlt62 xv54qhq\">\n<div class=\"x1rg5ohu xxymvpz x17z2i9w\">\n<div class=\"html-div xdj266r x14z9mp xat24cr xexx8yu xyri2b x18d9i69 x1c1uobl x1az2cgm\" aria-hidden=\"false\"><span class=\"xt0psk2\"><span class=\"xjp7ctv\"><a class=\"x1i10hfl xjbqb8w x1ejq31n x18oe1m7 x1sy0etr xstzfhl x972fbf x10w94by x1qhh985 x14e42zd x9f619 x1ypdohk xt0psk2 x3ct3a4 xdj266r x14z9mp xat24cr x1lziwak xexx8yu xyri2b x18d9i69 x1c1uobl x16tdsg8 x1hl2dhg xggy1nq x1a2a7pz x1heor9g xkrqix3 x1sur9pj x1s688f\" tabindex=\"0\" role=\"link\" href=\"https:\/\/www.facebook.com\/gabriela.carosini.9?comment_id=Y29tbWVudDoxMjg2MzEwODg2ODc5MTMxXzE2NzUzNTczMDM2NDY0OTg%3D&amp;__cft__[0]=AZYG4lCAQkJhvJ14Ak10uz5B7SBHNRViFaFNqp9RvAXK9n7winfYo6MBveGvLs22BaxfTGx1FcGNGchNydcy9J24bPGbIreT6qDwZrarRcxVWKOVXMbphu5BaFHH53RKOztNyZGd7VijX-fK1FDH4Q1Nt_SSZ_tOpIPUvJLKdhgYSQ&amp;__tn__=R]-R\" aria-hidden=\"false\"><span class=\"x3nfvp2\"><span class=\"x193iq5w xeuugli x13faqbe x1vvkbs x1xmvt09 x1lliihq x1s928wv xhkezso x1gmr53x x1cpjm7i x1fgarty x1943h6x x4zkp8e x676frb x1pg5gke x1sibtaa x1s688f xzsf02u\" dir=\"auto\">Gabriela Carosini <\/span><\/span><\/a><\/span><\/span>El barrio abandonado del barrio Esperanza qued\u00f3 en el olvido hace mas de 3 a\u00f1os. Que pas\u00f3 con esa plata para viviendas, nadie dice nada. Mucha gente de Capilla sin hogar propio alquilando no reclaman, que raro si no quieren alquilar mas muevanse para activar al barrio, es una pena estan muy lindas las casitas s\u00f3lo dieron 7 casas que son de los amigos del municipio<\/div>\n<\/div>\n<\/div>\n<\/div>\n<\/div>\n<\/div>\n<\/div>\n<\/div>\n<div class=\"x78zum5 xdt5ytf\" data-virtualized=\"false\">\n<div class=\"x9f619 x1n2onr6 x1ja2u2z\">\n<div class=\"x18xomjl xbcz3fp\">\n<div class=\"html-div xdj266r x14z9mp xat24cr x1lziwak xexx8yu xyri2b x18d9i69 x1c1uobl\">\n<div class=\"html-div xdj266r x14z9mp xat24cr x1lziwak xexx8yu xyri2b x18d9i69 x1c1uobl\">\n<div class=\"html-div xdj266r x14z9mp xat24cr x1lziwak xexx8yu xyri2b x18d9i69 x1n2onr6 x70ekce\">\n<div class=\"html-div xdj266r x14z9mp xat24cr x1lziwak xexx8yu xyri2b x18d9i69 x1c1uobl x78zum5 x1iyjqo2 x21xpn4 x1n2onr6\">\n<div class=\"html-div xdj266r x14z9mp xat24cr x1lziwak xexx8yu xyri2b x18d9i69 x1c1uobl xwnonoy x1ey2m1c xg01cxk x10l6tqk x13vifvy x1k90msu x19991ni xz4gly6 xfo62xy x1pia40t\"><a class=\"x1i10hfl xjbqb8w x1ejq31n x18oe1m7 x1sy0etr xstzfhl x972fbf x10w94by x1qhh985 x14e42zd x9f619 x1ypdohk xt0psk2 x3ct3a4 xdj266r x14z9mp xat24cr x1lziwak xexx8yu xyri2b x18d9i69 x1c1uobl x16tdsg8 x1hl2dhg xggy1nq x1a2a7pz x1heor9g xkrqix3 x1sur9pj x1s688f\" tabindex=\"0\" role=\"link\" href=\"https:\/\/www.facebook.com\/myriambeatriz.ojeda?comment_id=Y29tbWVudDoxMjg2MzEwODg2ODc5MTMxXzkwNTQ2ODIyMjI5MzkxOA%3D%3D&amp;__cft__[0]=AZYG4lCAQkJhvJ14Ak10uz5B7SBHNRViFaFNqp9RvAXK9n7winfYo6MBveGvLs22BaxfTGx1FcGNGchNydcy9J24bPGbIreT6qDwZrarRcxVWKOVXMbphu5BaFHH53RKOztNyZGd7VijX-fK1FDH4Q1Nt_SSZ_tOpIPUvJLKdhgYSQ&amp;__tn__=R]-R\" aria-hidden=\"false\"><span class=\"x3nfvp2\"><span class=\"x193iq5w xeuugli x13faqbe x1vvkbs x1xmvt09 x1lliihq x1s928wv xhkezso x1gmr53x x1cpjm7i x1fgarty x1943h6x x4zkp8e x676frb x1pg5gke x1sibtaa x1s688f xzsf02u\" dir=\"auto\">Myriam Beatriz Ojeda <\/span><\/span><\/a>Parque Sakura, por lo\u00a0 menos un cami\u00f3n regador porque en la calle Obligado parece el lejano oeste por el tierral, empezaron las clases y con los autos parece que estamos en el aut\u00f3dromo!<\/div>\n<\/div>\n<\/div>\n<\/div>\n<\/div>\n<\/div>\n<\/div>\n<\/div>\n<div class=\"x78zum5 xdt5ytf\" data-virtualized=\"false\">\n<div class=\"x9f619 x1n2onr6 x1ja2u2z\">\n<div class=\"x18xomjl xbcz3fp\">\n<div class=\"html-div xdj266r x14z9mp xat24cr x1lziwak xexx8yu xyri2b x18d9i69 x1c1uobl x1n2onr6\">\n<div class=\"x1n2onr6 x1g0dm76 x1iorvi4 x78zum5 x1q0g3np x1a2a7pz\" tabindex=\"-1\" role=\"article\" aria-label=\"Comentario de Myriam Beatriz Ojeda hace 5 d\u00edas\">\n<div class=\"x1r8uery x1iyjqo2 x6ikm8r x10wlt62 xv54qhq\">\n<div>\n<div class=\"x1rg5ohu xxymvpz x17z2i9w\">\n<div class=\"html-div xdj266r x14z9mp xat24cr xexx8yu xyri2b x18d9i69 x1c1uobl x1az2cgm\" aria-hidden=\"false\">\n<div class=\"html-div xdj266r x14z9mp xat24cr x1lziwak xexx8yu xyri2b x18d9i69 x1c1uobl xg01cxk xhva3ql\"><span class=\"xt0psk2\"><span class=\"xjp7ctv\"><a class=\"x1i10hfl xjbqb8w x1ejq31n x18oe1m7 x1sy0etr xstzfhl x972fbf x10w94by x1qhh985 x14e42zd x9f619 x1ypdohk xt0psk2 x3ct3a4 xdj266r x14z9mp xat24cr x1lziwak xexx8yu xyri2b x18d9i69 x1c1uobl x16tdsg8 x1hl2dhg xggy1nq x1a2a7pz x1heor9g xkrqix3 x1sur9pj x1s688f\" tabindex=\"0\" role=\"link\" href=\"https:\/\/www.facebook.com\/carolina.rodriguez.333757?comment_id=Y29tbWVudDoxMjg2MzEwODg2ODc5MTMxXzkwMzE5NDYyNTkyNjcyNQ%3D%3D&amp;__cft__[0]=AZYG4lCAQkJhvJ14Ak10uz5B7SBHNRViFaFNqp9RvAXK9n7winfYo6MBveGvLs22BaxfTGx1FcGNGchNydcy9J24bPGbIreT6qDwZrarRcxVWKOVXMbphu5BaFHH53RKOztNyZGd7VijX-fK1FDH4Q1Nt_SSZ_tOpIPUvJLKdhgYSQ&amp;__tn__=R]-R\" aria-hidden=\"false\"><span class=\"x3nfvp2\"><span class=\"x193iq5w xeuugli x13faqbe x1vvkbs x1xmvt09 x1lliihq x1s928wv xhkezso x1gmr53x x1cpjm7i x1fgarty x1943h6x x4zkp8e x676frb x1pg5gke x1sibtaa x1s688f xzsf02u\" dir=\"auto\">Carolina Rodriguez <\/span><\/span><\/a><\/span><\/span>Acu\u00e9rdense de Cardales que caminamos por la calle porque las veredas est\u00e1n rotas o no hay veredas o est\u00e1n ocupadas por estacionamiento. El predio que iba a ser destinado para espacio recreativo deportivo (tengo memoria, el diputado me lo dijo) sigue lleno de piedras y durmientes. Siguen permitiendo que avancen quienes est\u00e1n usurpando terrenos al lado de las v\u00edas. No hacen nada. No mientan m\u00e1s.<\/div>\n<\/div>\n<\/div>\n<\/div>\n<\/div>\n<\/div>\n<\/div>\n<\/div>\n<\/div>\n<\/div>\n<div class=\"x78zum5 xdt5ytf\" data-virtualized=\"false\">\n<div class=\"x9f619 x1n2onr6 x1ja2u2z\">\n<div class=\"x18xomjl xbcz3fp\">\n<div class=\"html-div xdj266r x14z9mp xat24cr x1lziwak xexx8yu xyri2b x18d9i69 x1c1uobl x1n2onr6\">\n<div class=\"x1n2onr6 x1g0dm76 x1iorvi4 x78zum5 x1q0g3np x1a2a7pz\" tabindex=\"-1\" role=\"article\" aria-label=\"Comentario de Andy Suarez hace 5 d\u00edas\">\n<div class=\"xqcrz7y x1c9tyrk xeusxvb x1pahc9y x1ertn4p x1lliihq xbelrpt xr9ek0c x1n2onr6\"><a class=\"x1i10hfl xjbqb8w x1ejq31n x18oe1m7 x1sy0etr xstzfhl x972fbf x10w94by x1qhh985 x14e42zd x9f619 x1ypdohk xt0psk2 x3ct3a4 xdj266r x14z9mp xat24cr x1lziwak xexx8yu xyri2b x18d9i69 x1c1uobl x16tdsg8 x1hl2dhg xggy1nq x1a2a7pz x1heor9g xkrqix3 x1sur9pj x1s688f\" tabindex=\"0\" role=\"link\" href=\"https:\/\/www.facebook.com\/andy.suarez.520?comment_id=Y29tbWVudDoxMjg2MzEwODg2ODc5MTMxXzIzOTY4MzM2NjQwOTYwNzc%3D&amp;__cft__[0]=AZYG4lCAQkJhvJ14Ak10uz5B7SBHNRViFaFNqp9RvAXK9n7winfYo6MBveGvLs22BaxfTGx1FcGNGchNydcy9J24bPGbIreT6qDwZrarRcxVWKOVXMbphu5BaFHH53RKOztNyZGd7VijX-fK1FDH4Q1Nt_SSZ_tOpIPUvJLKdhgYSQ&amp;__tn__=R]-R\" aria-hidden=\"false\"><span class=\"x3nfvp2\"><span class=\"x193iq5w xeuugli x13faqbe x1vvkbs x1xmvt09 x1lliihq x1s928wv xhkezso x1gmr53x x1cpjm7i x1fgarty x1943h6x x4zkp8e x676frb x1pg5gke x1sibtaa x1s688f xzsf02u\" dir=\"auto\">Andy Suarez <\/span><\/span><\/a>Calle Lavalle a la vueltita del cementerio hay que hacer mejorando estamos cansados de la tierra ,ni el regador pasa y pago mis impuestos.<\/div>\n<div class=\"x1r8uery x1iyjqo2 x6ikm8r x10wlt62 xv54qhq\">\n<div>\n<div class=\"x1rg5ohu xxymvpz x17z2i9w\">\n<div class=\"html-div xdj266r x14z9mp xat24cr xexx8yu xyri2b x18d9i69 x1c1uobl x1az2cgm\" aria-hidden=\"false\"><span class=\"xt0psk2\"><span class=\"xjp7ctv\"><a class=\"x1i10hfl xjbqb8w x1ejq31n x18oe1m7 x1sy0etr xstzfhl x972fbf x10w94by x1qhh985 x14e42zd x9f619 x1ypdohk xt0psk2 x3ct3a4 xdj266r x14z9mp xat24cr x1lziwak xexx8yu xyri2b x18d9i69 x1c1uobl x16tdsg8 x1hl2dhg xggy1nq x1a2a7pz x1heor9g xkrqix3 x1sur9pj x1s688f\" tabindex=\"0\" role=\"link\" href=\"https:\/\/www.facebook.com\/negro.falucho.5?comment_id=Y29tbWVudDoxMjg2MzEwODg2ODc5MTMxXzEyODE3OTIzODcxNTQ2Mzc%3D&amp;__cft__[0]=AZYG4lCAQkJhvJ14Ak10uz5B7SBHNRViFaFNqp9RvAXK9n7winfYo6MBveGvLs22BaxfTGx1FcGNGchNydcy9J24bPGbIreT6qDwZrarRcxVWKOVXMbphu5BaFHH53RKOztNyZGd7VijX-fK1FDH4Q1Nt_SSZ_tOpIPUvJLKdhgYSQ&amp;__tn__=R]-R\" aria-hidden=\"false\"><span class=\"x3nfvp2\"><span class=\"x193iq5w xeuugli x13faqbe x1vvkbs x1xmvt09 x1lliihq x1s928wv xhkezso x1gmr53x x1cpjm7i x1fgarty x1943h6x x4zkp8e x676frb x1pg5gke x1sibtaa x1s688f xzsf02u\" dir=\"auto\">Pablo Vottero <\/span><\/span><\/a><\/span><\/span>Los invito a que circulen por el camino que contin\u00faa de la calle Estrada, es una verg\u00fcenza lo que hicieron rompemos veh\u00edculos y la gente que va en bicicleta o moto no puede andar. Si van a haber obras que sean m\u00ednimamente para mejorar no para que le gente tenga que renegar.<\/div>\n<\/div>\n<\/div>\n<\/div>\n<\/div>\n<\/div>\n<\/div>\n<\/div>\n<\/div>\n<div class=\"x78zum5 xdt5ytf\" data-virtualized=\"false\">\n<div class=\"x9f619 x1n2onr6 x1ja2u2z\">\n<div class=\"x18xomjl xbcz3fp\">\n<div class=\"html-div xdj266r x14z9mp xat24cr x1lziwak xexx8yu xyri2b x18d9i69 x1c1uobl x1n2onr6\">\n<div class=\"x1n2onr6 x1g0dm76 x1iorvi4 x78zum5 x1q0g3np x1a2a7pz\" tabindex=\"-1\" role=\"article\" aria-label=\"Comentario de Pablo Vottero hace 5 d\u00edas\">\n<div class=\"x1r8uery x1iyjqo2 x6ikm8r x10wlt62 xv54qhq\">\n<div class=\"x1rg5ohu xxymvpz x17z2i9w\"><a class=\"x1i10hfl xjbqb8w x1ejq31n x18oe1m7 x1sy0etr xstzfhl x972fbf x10w94by x1qhh985 x14e42zd x9f619 x1ypdohk xt0psk2 x3ct3a4 xdj266r x14z9mp xat24cr x1lziwak xexx8yu xyri2b x18d9i69 x1c1uobl x16tdsg8 x1hl2dhg xggy1nq x1a2a7pz x1heor9g xkrqix3 x1sur9pj x1s688f\" tabindex=\"0\" role=\"link\" href=\"https:\/\/www.facebook.com\/yoco.morante?comment_id=Y29tbWVudDoxMjg2MzEwODg2ODc5MTMxXzE5NDI0NTkzODY2NDg2Mjc%3D&amp;__cft__[0]=AZYG4lCAQkJhvJ14Ak10uz5B7SBHNRViFaFNqp9RvAXK9n7winfYo6MBveGvLs22BaxfTGx1FcGNGchNydcy9J24bPGbIreT6qDwZrarRcxVWKOVXMbphu5BaFHH53RKOztNyZGd7VijX-fK1FDH4Q1Nt_SSZ_tOpIPUvJLKdhgYSQ&amp;__tn__=R]-R\" aria-hidden=\"false\"><span class=\"x3nfvp2\"><span class=\"x193iq5w xeuugli x13faqbe x1vvkbs x1xmvt09 x1lliihq x1s928wv xhkezso x1gmr53x x1cpjm7i x1fgarty x1943h6x x4zkp8e x676frb x1pg5gke x1sibtaa x1s688f xzsf02u\" dir=\"auto\">Yoco Morante <\/span><\/span><\/a>Pasen por el Barrio El Remanso y vean la realidad de las calles,: pozos, podas del a\u00f1o pasado, tierra, basura&#8230;<\/div>\n<\/div>\n<\/div>\n<\/div>\n<\/div>\n<\/div>\n<\/div>\n<div class=\"x78zum5 xdt5ytf\" data-virtualized=\"false\">\n<div class=\"x9f619 x1n2onr6 x1ja2u2z\">\n<div class=\"x18xomjl xbcz3fp\">\n<div class=\"html-div xdj266r x14z9mp xat24cr x1lziwak xexx8yu xyri2b x18d9i69 x1c1uobl x1n2onr6\">\n<div class=\"x1n2onr6 x1g0dm76 x1iorvi4 x78zum5 x1q0g3np x1a2a7pz\" tabindex=\"-1\" role=\"article\" aria-label=\"Comentario de Yoco Morante hace 5 d\u00edas\">\n<div class=\"x1r8uery x1iyjqo2 x6ikm8r x10wlt62 xv54qhq\">\n<div>\n<div class=\"x1rg5ohu xxymvpz x17z2i9w\">\n<div class=\"html-div xdj266r x14z9mp xat24cr xexx8yu xyri2b x18d9i69 x1c1uobl x1az2cgm\" aria-hidden=\"false\">\n<div class=\"html-div xdj266r x14z9mp xat24cr x1lziwak xexx8yu xyri2b x18d9i69 x1c1uobl xg01cxk xhva3ql\"><span class=\"xt0psk2\"><span class=\"xjp7ctv\"><a class=\"x1i10hfl xjbqb8w x1ejq31n x18oe1m7 x1sy0etr xstzfhl x972fbf x10w94by x1qhh985 x14e42zd x9f619 x1ypdohk xt0psk2 x3ct3a4 xdj266r x14z9mp xat24cr x1lziwak xexx8yu xyri2b x18d9i69 x1c1uobl x16tdsg8 x1hl2dhg xggy1nq x1a2a7pz x1heor9g xkrqix3 x1sur9pj x1s688f\" tabindex=\"0\" role=\"link\" href=\"https:\/\/www.facebook.com\/mariarosa.olivero?comment_id=Y29tbWVudDoxMjg2MzEwODg2ODc5MTMxXzE5NzIwNTY3NjAwNTc3NDA%3D&amp;__cft__[0]=AZYG4lCAQkJhvJ14Ak10uz5B7SBHNRViFaFNqp9RvAXK9n7winfYo6MBveGvLs22BaxfTGx1FcGNGchNydcy9J24bPGbIreT6qDwZrarRcxVWKOVXMbphu5BaFHH53RKOztNyZGd7VijX-fK1FDH4Q1Nt_SSZ_tOpIPUvJLKdhgYSQ&amp;__tn__=R]-R\" aria-hidden=\"false\"><span class=\"x3nfvp2\"><span class=\"x193iq5w xeuugli x13faqbe x1vvkbs x1xmvt09 x1lliihq x1s928wv xhkezso x1gmr53x x1cpjm7i x1fgarty x1943h6x x4zkp8e x676frb x1pg5gke x1sibtaa x1s688f xzsf02u\" dir=\"auto\">Maria Rosa Olivero <\/span><\/span><\/a><\/span><\/span>Y las casas del BARRIO ESPERANZA sin terminar y abandonadas tambien es parte de la charlar de obras y trabajos??<\/div>\n<\/div>\n<\/div>\n<\/div>\n<\/div>\n<\/div>\n<\/div>\n<\/div>\n<\/div>\n<\/div>\n<\/div>\n<\/div>\n<\/div>\n<\/div>\n<\/div>\n<\/div>\n<\/div>\n<\/div>\n<\/div>\n<\/div>\n<\/div>\n<\/div>\n<\/div>\n<\/div>\n<\/div>\n<\/div>\n<\/div>\n","protected":false},"excerpt":{"rendered":"<p>REUNI\u00d3N, SE DIJO TAMBI\u00c9N, PARA SEGUIR IMPULSANDO OBRAS EN EL DISTRITO.\u00a0<\/p>\n","protected":false},"author":3,"featured_media":32755,"comment_status":"open","ping_status":"open","sticky":false,"template":"","format":"standard","meta":{"footnotes":"","jetpack_publicize_message":"","jetpack_publicize_feature_enabled":true,"jetpack_social_post_already_shared":true,"jetpack_social_options":{"image_generator_settings":{"template":"highway","default_image_id":0,"font":"","enabled":false},"version":2}},"categories":[17],"tags":[1926,313,66,344],"class_list":["post-32749","post","type-post","status-publish","format-standard","has-post-thumbnail","hentry","category-politica","tag-batakis","tag-martin","tag-nanni","tag-obras"],"jetpack_publicize_connections":[],"jetpack_featured_media_url":"https:\/\/revistaepocadigital.com.ar\/wp-content\/uploads\/2026\/03\/martin-1-nanni.jpeg","jetpack_likes_enabled":true,"_links":{"self":[{"href":"https:\/\/revistaepocadigital.com.ar\/index.php?rest_route=\/wp\/v2\/posts\/32749","targetHints":{"allow":["GET"]}}],"collection":[{"href":"https:\/\/revistaepocadigital.com.ar\/index.php?rest_route=\/wp\/v2\/posts"}],"about":[{"href":"https:\/\/revistaepocadigital.com.ar\/index.php?rest_route=\/wp\/v2\/types\/post"}],"author":[{"embeddable":true,"href":"https:\/\/revistaepocadigital.com.ar\/index.php?rest_route=\/wp\/v2\/users\/3"}],"replies":[{"embeddable":true,"href":"https:\/\/revistaepocadigital.com.ar\/index.php?rest_route=%2Fwp%2Fv2%2Fcomments&post=32749"}],"version-history":[{"count":9,"href":"https:\/\/revistaepocadigital.com.ar\/index.php?rest_route=\/wp\/v2\/posts\/32749\/revisions"}],"predecessor-version":[{"id":32765,"href":"https:\/\/revistaepocadigital.com.ar\/index.php?rest_route=\/wp\/v2\/posts\/32749\/revisions\/32765"}],"wp:featuredmedia":[{"embeddable":true,"href":"https:\/\/revistaepocadigital.com.ar\/index.php?rest_route=\/wp\/v2\/media\/32755"}],"wp:attachment":[{"href":"https:\/\/revistaepocadigital.com.ar\/index.php?rest_route=%2Fwp%2Fv2%2Fmedia&parent=32749"}],"wp:term":[{"taxonomy":"category","embeddable":true,"href":"https:\/\/revistaepocadigital.com.ar\/index.php?rest_route=%2Fwp%2Fv2%2Fcategories&post=32749"},{"taxonomy":"post_tag","embeddable":true,"href":"https:\/\/revistaepocadigital.com.ar\/index.php?rest_route=%2Fwp%2Fv2%2Ftags&post=32749"}],"curies":[{"name":"wp","href":"https:\/\/api.w.org\/{rel}","templated":true}]}}