{"id":3281,"date":"2019-09-12T20:26:09","date_gmt":"2019-09-12T23:26:09","guid":{"rendered":"https:\/\/revistaepocadigital.com.ar\/?p=3281"},"modified":"2019-09-12T20:28:46","modified_gmt":"2019-09-12T23:28:46","slug":"3281-2","status":"publish","type":"post","link":"https:\/\/revistaepocadigital.com.ar\/?p=3281","title":{"rendered":"Acuerdo del Pami con la Universidad de Luj\u00e1n"},"content":{"rendered":"<p><strong>HA SIDO FORMALIZADO.<\/strong><!--more--><\/p>\n<p>Ha sido el formalizado entre el Pami y la Universidad de Lujan, sede Campana. &#8220;Las puertas del saber se abren para nuestros adultos mayores. Exaltaci\u00f3n de la Cruz presente&#8221;, ha dicho Pablo De Brito al frente de la filial exaltcruce\u00f1a del Pami.<\/p>\n<p>Y apunt\u00f3, &#8220;en poco tiempo informaremos horarios , horas c\u00e1tedra y d\u00edas de cursos. Las agencias Pami de Campana, Z\u00e1rate, Escobar y Capilla del Se\u00f1or, son las mas beneficiadas por la cercan\u00eda. Aprovechemos esta oportunidad&#8221;. Luego De Brito agradeci\u00f3 &#8220;al equipo de Sociales, Gladys Campanini, Dr. Santiago Garcia Quiroga y a las autoridades de Pami Central y rector de la Universidad de Luj\u00e1n.<\/p>\n<p>&nbsp;<\/p>\n<p>&nbsp;<\/p>\n","protected":false},"excerpt":{"rendered":"<p>HA SIDO FORMALIZADO.<\/p>\n","protected":false},"author":4,"featured_media":3282,"comment_status":"open","ping_status":"open","sticky":false,"template":"","format":"standard","meta":{"footnotes":"","jetpack_publicize_message":"","jetpack_publicize_feature_enabled":true,"jetpack_social_post_already_shared":false,"jetpack_social_options":{"image_generator_settings":{"template":"highway","default_image_id":0,"font":"","enabled":false},"version":2}},"categories":[6],"tags":[],"class_list":["post-3281","post","type-post","status-publish","format-standard","has-post-thumbnail","hentry","category-barrios"],"jetpack_publicize_connections":[],"jetpack_featured_media_url":"https:\/\/revistaepocadigital.com.ar\/wp-content\/uploads\/2019\/09\/de-brito-pami.jpg","jetpack_likes_enabled":true,"_links":{"self":[{"href":"https:\/\/revistaepocadigital.com.ar\/index.php?rest_route=\/wp\/v2\/posts\/3281","targetHints":{"allow":["GET"]}}],"collection":[{"href":"https:\/\/revistaepocadigital.com.ar\/index.php?rest_route=\/wp\/v2\/posts"}],"about":[{"href":"https:\/\/revistaepocadigital.com.ar\/index.php?rest_route=\/wp\/v2\/types\/post"}],"author":[{"embeddable":true,"href":"https:\/\/revistaepocadigital.com.ar\/index.php?rest_route=\/wp\/v2\/users\/4"}],"replies":[{"embeddable":true,"href":"https:\/\/revistaepocadigital.com.ar\/index.php?rest_route=%2Fwp%2Fv2%2Fcomments&post=3281"}],"version-history":[{"count":0,"href":"https:\/\/revistaepocadigital.com.ar\/index.php?rest_route=\/wp\/v2\/posts\/3281\/revisions"}],"wp:featuredmedia":[{"embeddable":true,"href":"https:\/\/revistaepocadigital.com.ar\/index.php?rest_route=\/wp\/v2\/media\/3282"}],"wp:attachment":[{"href":"https:\/\/revistaepocadigital.com.ar\/index.php?rest_route=%2Fwp%2Fv2%2Fmedia&parent=3281"}],"wp:term":[{"taxonomy":"category","embeddable":true,"href":"https:\/\/revistaepocadigital.com.ar\/index.php?rest_route=%2Fwp%2Fv2%2Fcategories&post=3281"},{"taxonomy":"post_tag","embeddable":true,"href":"https:\/\/revistaepocadigital.com.ar\/index.php?rest_route=%2Fwp%2Fv2%2Ftags&post=3281"}],"curies":[{"name":"wp","href":"https:\/\/api.w.org\/{rel}","templated":true}]}}