{"id":32811,"date":"2026-03-16T23:32:09","date_gmt":"2026-03-17T02:32:09","guid":{"rendered":"https:\/\/revistaepocadigital.com.ar\/?p=32811"},"modified":"2026-03-18T17:03:33","modified_gmt":"2026-03-18T20:03:33","slug":"sebastian-gaspe-entrenador-de-honor-y-patria-convocado-a-la-seleccion-argentina-de-basquet","status":"publish","type":"post","link":"https:\/\/revistaepocadigital.com.ar\/?p=32811","title":{"rendered":"Sebasti\u00e1n Gasp\u00e9 entrenador de Honor y Patria, convocado a la selecci\u00f3n argentina de basquet"},"content":{"rendered":"<p><strong>INCORPORADO ESTE A\u00d1O AL CLUB HONOR Y PATRIA COMO RESPONSABLE DEL BASQUET DE LA INSTITUCI\u00d3N.<\/strong><!--more--><\/p>\n<p>El Club Honor y Patria inform\u00f3 que Sebasti\u00e1n Gasp\u00e9 fue convocado para formar parte del cuerpo t\u00e9cnico del segundo campus de desarrollo para la selecci\u00f3n argentina U18, convocatoria que se suma a otras en temporadas anteriores.<\/p>\n<p>Gasp\u00e9 va a formar parte del cuerpo t\u00e9cnico del plantel de la selecci\u00f3n argentina U18, que comienza con los entrenamientos a desarrollarse entre el 19 y 27 de marzo en la ciudad de Zarate. La intensa preparaci\u00f3n apunta a que el seleccionado llegue de la mejor forma posible tanto en lo f\u00edsico, mental y estrat\u00e9gico a la pr\u00f3xima Americup.<\/p>\n<p><img loading=\"lazy\" decoding=\"async\" class=\"aligncenter size-full wp-image-32812\" src=\"https:\/\/revistaepocadigital.com.ar\/wp-content\/uploads\/2026\/03\/gaspe-seb.jpg\" alt=\"\" width=\"526\" height=\"935\" srcset=\"https:\/\/revistaepocadigital.com.ar\/wp-content\/uploads\/2026\/03\/gaspe-seb.jpg 526w, https:\/\/revistaepocadigital.com.ar\/wp-content\/uploads\/2026\/03\/gaspe-seb-169x300.jpg 169w, https:\/\/revistaepocadigital.com.ar\/wp-content\/uploads\/2026\/03\/gaspe-seb-236x420.jpg 236w, https:\/\/revistaepocadigital.com.ar\/wp-content\/uploads\/2026\/03\/gaspe-seb-473x840.jpg 473w\" sizes=\"auto, (max-width: 526px) 100vw, 526px\" \/><br class=\"html-br\" \/><em>&#8220;Felicitamos a Sebasti\u00e1n por esta convocatoria, que llena de orgullo a toda la comunidad de Honor y Patria&#8221;,<\/em> hicieron saber desde la tradicional entidad capillense.<\/p>\n","protected":false},"excerpt":{"rendered":"<p>INCORPORADO ESTE A\u00d1O AL CLUB HONOR Y PATRIA COMO RESPONSABLE DEL BASQUET DE LA INSTITUCI\u00d3N.<\/p>\n","protected":false},"author":3,"featured_media":32812,"comment_status":"open","ping_status":"open","sticky":false,"template":"","format":"standard","meta":{"footnotes":"","jetpack_publicize_message":"","jetpack_publicize_feature_enabled":true,"jetpack_social_post_already_shared":true,"jetpack_social_options":{"image_generator_settings":{"template":"highway","default_image_id":0,"font":"","enabled":false},"version":2}},"categories":[14],"tags":[409,2718,3466],"class_list":["post-32811","post","type-post","status-publish","format-standard","has-post-thumbnail","hentry","category-la-gente","tag-hyp","tag-sebastian-gaspe","tag-seleccion-argentina"],"jetpack_publicize_connections":[],"jetpack_featured_media_url":"https:\/\/revistaepocadigital.com.ar\/wp-content\/uploads\/2026\/03\/gaspe-seb.jpg","jetpack_likes_enabled":true,"_links":{"self":[{"href":"https:\/\/revistaepocadigital.com.ar\/index.php?rest_route=\/wp\/v2\/posts\/32811","targetHints":{"allow":["GET"]}}],"collection":[{"href":"https:\/\/revistaepocadigital.com.ar\/index.php?rest_route=\/wp\/v2\/posts"}],"about":[{"href":"https:\/\/revistaepocadigital.com.ar\/index.php?rest_route=\/wp\/v2\/types\/post"}],"author":[{"embeddable":true,"href":"https:\/\/revistaepocadigital.com.ar\/index.php?rest_route=\/wp\/v2\/users\/3"}],"replies":[{"embeddable":true,"href":"https:\/\/revistaepocadigital.com.ar\/index.php?rest_route=%2Fwp%2Fv2%2Fcomments&post=32811"}],"version-history":[{"count":1,"href":"https:\/\/revistaepocadigital.com.ar\/index.php?rest_route=\/wp\/v2\/posts\/32811\/revisions"}],"predecessor-version":[{"id":32813,"href":"https:\/\/revistaepocadigital.com.ar\/index.php?rest_route=\/wp\/v2\/posts\/32811\/revisions\/32813"}],"wp:featuredmedia":[{"embeddable":true,"href":"https:\/\/revistaepocadigital.com.ar\/index.php?rest_route=\/wp\/v2\/media\/32812"}],"wp:attachment":[{"href":"https:\/\/revistaepocadigital.com.ar\/index.php?rest_route=%2Fwp%2Fv2%2Fmedia&parent=32811"}],"wp:term":[{"taxonomy":"category","embeddable":true,"href":"https:\/\/revistaepocadigital.com.ar\/index.php?rest_route=%2Fwp%2Fv2%2Fcategories&post=32811"},{"taxonomy":"post_tag","embeddable":true,"href":"https:\/\/revistaepocadigital.com.ar\/index.php?rest_route=%2Fwp%2Fv2%2Ftags&post=32811"}],"curies":[{"name":"wp","href":"https:\/\/api.w.org\/{rel}","templated":true}]}}