{"id":32832,"date":"2026-03-30T11:46:04","date_gmt":"2026-03-30T14:46:04","guid":{"rendered":"https:\/\/revistaepocadigital.com.ar\/?p=32832"},"modified":"2026-03-31T16:14:25","modified_gmt":"2026-03-31T19:14:25","slug":"anses-quienes-cobran-el-miercoles-18-de-marzo","status":"publish","type":"post","link":"https:\/\/revistaepocadigital.com.ar\/?p=32832","title":{"rendered":"CALENDARIOS DE PAGOS DE ABRIL. ANSES"},"content":{"rendered":"<div class=\"yiv5270118618WordSection1\">\n<p align=\"left\"><strong>Informaci\u00f3n \u00fatil para vecinos de Exaltaci\u00f3n de la Cruz y la\u00a0 zona.<!--more--><\/strong><\/p>\n<\/div>\n<p class=\"yiv7845690471MsoNormal\">ANSES, organismo dependiente del Ministerio de Capital Humano, comunic\u00f3 los calendarios de pagos de <b>abril<\/b>\u00a0para jubilados, pensionados y titulares de Pensiones No Contributivas, Asignaci\u00f3n Universal por Hijo, Asignaciones Familiares, Asignaci\u00f3n por Embarazo, por Prenatal, por Maternidad, de Pago \u00danico y Prestaci\u00f3n por Desempleo.<\/p>\n<p class=\"yiv7845690471MsoNormal\"><b>Jubilaciones y pensiones que no superen un haber m\u00ednimo<\/b><\/p>\n<p class=\"yiv7845690471MsoNormal\">\u2022 DNI terminados en 0: 10 de abril<\/p>\n<p class=\"yiv7845690471MsoNormal\">\u2022 DNI terminados en 1: 13 de abril<\/p>\n<p class=\"yiv7845690471MsoNormal\">\u2022 DNI terminados en 2: 14 de abril<\/p>\n<p class=\"yiv7845690471MsoNormal\">\u2022 DNI terminados en 3: 15 de abril<\/p>\n<p class=\"yiv7845690471MsoNormal\">\u2022 DNI terminados en 4: 16 de abril<\/p>\n<p class=\"yiv7845690471MsoNormal\">\u2022 DNI terminados en 5: 17 de abril<\/p>\n<p class=\"yiv7845690471MsoNormal\">\u2022 DNI terminados en 6: 20 de abril<\/p>\n<p class=\"yiv7845690471MsoNormal\">\u2022 DNI terminados en 7: 21 de abril<\/p>\n<p class=\"yiv7845690471MsoNormal\">\u2022 DNI terminados en 8: 22 de abril<\/p>\n<p class=\"yiv7845690471MsoNormal\">\u2022 DNI terminados en 9: 23 de abril<\/p>\n<p class=\"yiv7845690471MsoNormal\"><b>\u00a0<\/b><\/p>\n<p class=\"yiv7845690471MsoNormal\"><b>Jubilaciones y pensiones que superen un haber m\u00ednimo<\/b><\/p>\n<p class=\"yiv7845690471MsoNormal\">\u2022 DNI terminados en 0 y 1: 24 de abril<\/p>\n<p class=\"yiv7845690471MsoNormal\">\u2022 DNI terminados en 2 y 3: 27 de abril<\/p>\n<p class=\"yiv7845690471MsoNormal\">\u2022 DNI terminados en 4 y 5: 28 de abril<\/p>\n<p class=\"yiv7845690471MsoNormal\">\u2022 DNI terminados en 6 y 7: 29 de abril<\/p>\n<p class=\"yiv7845690471MsoNormal\">\u2022 DNI terminados en 8 y 9: 30 de abril<\/p>\n<p class=\"yiv7845690471MsoNormal\"><b>Asignaci\u00f3n Universal por Hijo y Asignaci\u00f3n Familiar por Hijo<\/b><\/p>\n<p class=\"yiv7845690471MsoNormal\">\u2022 DNI terminados en 0: 10 de abril<\/p>\n<p class=\"yiv7845690471MsoNormal\">\u2022 DNI terminados en 1: 13 de abril<\/p>\n<p class=\"yiv7845690471MsoNormal\">\u2022 DNI terminados en 2: 14 de abril<\/p>\n<p class=\"yiv7845690471MsoNormal\">\u2022 DNI terminados en 3: 15 de abril<\/p>\n<p class=\"yiv7845690471MsoNormal\">\u2022 DNI terminados en 4: 16 de abril<\/p>\n<p class=\"yiv7845690471MsoNormal\">\u2022 DNI terminados en 5: 17 de abril<\/p>\n<p class=\"yiv7845690471MsoNormal\">\u2022 DNI terminados en 6: 20 de abril<\/p>\n<p class=\"yiv7845690471MsoNormal\">\u2022 DNI terminados en 7: 21 de abril<\/p>\n<p class=\"yiv7845690471MsoNormal\">\u2022 DNI terminados en 8: 22 de abril<\/p>\n<p class=\"yiv7845690471MsoNormal\">\u2022 DNI terminados en 9: 23 de abril<\/p>\n<p class=\"yiv7845690471MsoNormal\"><b>Asignaci\u00f3n por Embarazo<\/b><\/p>\n<p class=\"yiv7845690471MsoNormal\">\u2022 DNI terminados en 0: 10 de abril<\/p>\n<p class=\"yiv7845690471MsoNormal\">\u2022 DNI terminados en 1: 13 de abril<\/p>\n<p class=\"yiv7845690471MsoNormal\">\u2022 DNI terminados en 2: 14 de abril<\/p>\n<p class=\"yiv7845690471MsoNormal\">\u2022 DNI terminados en 3: 15 de abril<\/p>\n<p class=\"yiv7845690471MsoNormal\">\u2022 DNI terminados en 4: 16 de abril<\/p>\n<p class=\"yiv7845690471MsoNormal\">\u2022 DNI terminados en 5: 17 de abril<\/p>\n<p class=\"yiv7845690471MsoNormal\">\u2022 DNI terminados en 6: 20 de abril<\/p>\n<p class=\"yiv7845690471MsoNormal\">\u2022 DNI terminados en 7: 21 de abril<\/p>\n<p class=\"yiv7845690471MsoNormal\">\u2022 DNI terminados en 8: 22 de abril<\/p>\n<p class=\"yiv7845690471MsoNormal\">\u2022 DNI terminados en 9: 23 de abril<\/p>\n<p class=\"yiv7845690471MsoNormal\"><b>Asignaci\u00f3n por Prenatal<\/b><\/p>\n<p class=\"yiv7845690471MsoNormal\">\u2022 DNI terminados en 0 y 1: 14 de abril<\/p>\n<p class=\"yiv7845690471MsoNormal\">\u2022 DNI terminados en 2 y 3: 15 de abril<\/p>\n<p class=\"yiv7845690471MsoNormal\">\u2022 DNI terminados en 4 y 5: 16 de abril<\/p>\n<p class=\"yiv7845690471MsoNormal\">\u2022 DNI terminados en 6 y 7: 17 de abril<\/p>\n<p class=\"yiv7845690471MsoNormal\">\u2022 DNI terminados en 8 y 9: 20 de abril<\/p>\n<p class=\"yiv7845690471MsoNormal\"><b>\u00a0<\/b><\/p>\n<p class=\"yiv7845690471MsoNormal\"><b>Asignaci\u00f3n por Maternidad<\/b><\/p>\n<p class=\"yiv7845690471MsoNormal\"><b><\/b>\u2022 Todas las terminaciones de documento: 14 de abril al 12 de mayo<\/p>\n<p class=\"yiv7845690471MsoNormal\"><b>\u00a0<\/b><\/p>\n<p class=\"yiv7845690471MsoNormal\"><b>Asignaciones Pago \u00danico (Matrimonio, Nacimiento, Adopci\u00f3n)<\/b><\/p>\n<p class=\"yiv7845690471MsoNormal\">\u2022 Todas las terminaciones de documento: 13 de abril al 12 de mayo<\/p>\n<p class=\"yiv7845690471MsoNormal\"><b>Pensiones No Contributivas<\/b><\/p>\n<p class=\"yiv7845690471MsoNormal\">\u2022 DNI terminados en 0 y 1: 10 de abril<\/p>\n<p class=\"yiv7845690471MsoNormal\">\u2022 DNI terminados en 2 y 3: 13 de abril<\/p>\n<p class=\"yiv7845690471MsoNormal\">\u2022 DNI terminados en 4 y 5: 14 de abril<\/p>\n<p class=\"yiv7845690471MsoNormal\">\u2022 DNI terminados en 6, 7, 8 y 9: 15 de abril<\/p>\n<p class=\"yiv7845690471MsoNormal\"><b>Asignaciones Familiares de Pensiones No Contributivas<\/b><\/p>\n<p class=\"yiv7845690471MsoNormal\">\u2022 Todas las terminaciones de documento: 10 de abril al 12 de mayo<\/p>\n<p class=\"yiv7845690471MsoNormal\"><b>Prestaci\u00f3n por Desempleo<\/b><\/p>\n<p class=\"yiv7845690471MsoNormal\">\u2022 DNI terminados en 0 y 1: 22 de abril<\/p>\n<p class=\"yiv7845690471MsoNormal\">\u2022 DNI terminados en 2 y 3: 23 de abril<\/p>\n<p class=\"yiv7845690471MsoNormal\">\u2022 DNI terminados en 4 y 5: 24 de abril<\/p>\n<p class=\"yiv7845690471MsoNormal\">\u2022 DNI terminados en 6 y 7: 27 de abril<\/p>\n<p class=\"yiv7845690471MsoNormal\">\u2022 DNI terminados en 8 y 9: 28 de abril<\/p>\n<p align=\"left\">&#8212;&#8212;&#8212;&#8212;&#8212;&#8212;&#8212;&#8212;&#8212;&#8212;&#8212;&#8211;<\/p>\n<p align=\"left\">OBRA SOCIAL: C\u00d3MO OBTENER EL COMPROBANTE EN LA WEB DE ANSES<\/p>\n<p align=\"left\">ANSES, organismo dependiente del Ministerio de Capital Humano, recuerda que trabajadores en actividad, titulares de la Prestaci\u00f3n por Desempleo y jubilados y pensionados con cobertura de obra social pueden acceder al Comprobante de Empadronamiento (CODEM) desde\u00a0<a href=\"https:\/\/servicioswww.anses.gob.ar\/ooss2\/\" target=\"_blank\" rel=\"nofollow noopener noreferrer\">aqu\u00ed<\/a>. Al ingresar el n\u00famero de DNI o CUIL, se puede visualizar la consulta de obra social, o bien descargar el comprobante, que es v\u00e1lido para realizar cualquier tipo de tr\u00e1mite y no requiere de firma ni sello.<\/p>\n<div class=\"yiv5270118618WordSection1\">\n<p class=\"yiv0240386908MsoNormal\">En ese sentido, es importante recalcar que a todo trabajador en relaci\u00f3n de dependencia le corresponde la cobertura de una obra social para \u00e9l y sus familiares a cargo (c\u00f3nyuge o conviviente, hijos solteros menores de 21 a\u00f1os o de hasta 25 a\u00f1os que se encuentren estudiando, hijos con discapacidad sin l\u00edmite de edad) y, si necesita incorporar o dar de baja a alguno de ellos, el tr\u00e1mite puede llevarse a cabo bajo la modalidad de\u00a0<a href=\"https:\/\/www.anses.gob.ar\/atencion-virtual\" target=\"_blank\" rel=\"nofollow noopener noreferrer\">Atenci\u00f3n Virtual<\/a>\u00a0del sitio web oficial de ANSES.<\/p>\n<p align=\"left\">&#8212;&#8212;&#8212;&#8212;&#8212;&#8212;&#8212;<\/p>\n<p class=\"yiv5270118618MsoNormal\" align=\"left\"><b>CALENDARIO.<\/b><\/p>\n<p class=\"yiv5270118618MsoNormal\">ANSES, organismo dependiente del Ministerio de Capital Humano, informa que este <b>mi\u00e9rcoles<\/b>\u00a0contin\u00faan los pagos de jubilaciones y pensiones m\u00ednimas, Asignaci\u00f3n Universal por Hijo, Asignaci\u00f3n Familiar por Hijo, Asignaci\u00f3n por Embarazo y Asignaci\u00f3n por Prenatal. Todas las prestaciones poseen el aumento por movilidad del 2,88 por ciento.<\/p>\n<p class=\"yiv5270118618MsoNormal\"><b>Jubilaciones y pensiones que no superen un haber m\u00ednimo<\/b><\/p>\n<p class=\"yiv5270118618MsoNormal\">Titulares con documentos finalizados en\u00a0<b>7<\/b>\u00a0cobran su haber y el bono de 70 mil pesos.<\/p>\n<p class=\"yiv5270118618MsoNormal\"><b>Asignaci\u00f3n Universal por Hijo y Asignaci\u00f3n Familiar por Hijo<\/b><\/p>\n<p class=\"yiv5270118618MsoNormal\">Titulares con documentos terminados en\u00a0<b>7<\/b>.<\/p>\n<p class=\"yiv5270118618MsoNormal\"><b>Asignaci\u00f3n por Embarazo<\/b><\/p>\n<p class=\"yiv5270118618MsoNormal\">Titulares con documentos concluidos en\u00a0<b>6<\/b>.<\/p>\n<p class=\"yiv5270118618MsoNormal\"><b>Asignaci\u00f3n por Prenatal<\/b><\/p>\n<p class=\"yiv5270118618MsoNormal\">Titulares con documentos finalizados en\u00a0<b>6\u00a0<\/b>y<b>\u00a07<\/b>.<\/p>\n<div>\n<p class=\"yiv5270118618MsoNormal\"><b>\u00bfC\u00f3mo consultar fecha y medio de cobro?<\/b><\/p>\n<p class=\"yiv5270118618MsoNormal\">1. Desde el sitio web de ANSES, opci\u00f3n\u00a0<a href=\"https:\/\/www.anses.gob.ar\/consultas\/calendario-de-pagos\" target=\"_blank\" rel=\"nofollow noopener noreferrer\"><i>Calendario de pagos<\/i><\/a>.<\/p>\n<p class=\"yiv5270118618MsoNormal\">2. Desde\u00a0<a href=\"https:\/\/servicioscorp.anses.gob.ar\/clavelogon\/logon.aspx?system=miansesv2\" target=\"_blank\" rel=\"nofollow noopener noreferrer\"><i>mi ANSES<\/i><\/a><span class=\"yiv5270118618MsoHyperlink\">,\u00a0<\/span>ingresando CUIL y Clave de la Seguridad Social. Ir a\u00a0<i>Cobros<\/i>, opci\u00f3n\u00a0<i>Consultar fecha<\/i>\u00a0<i>y medio de cobro<\/i>.<\/p>\n<p class=\"yiv5270118618MsoNormal\">3. Desde la\u00a0<a href=\"https:\/\/www.anses.gob.ar\/app-mi-anses\" target=\"_blank\" rel=\"nofollow noopener noreferrer\">app mi ANSES<\/a>, ingresando CUIL y Clave de la Seguridad Social. Ir a\u00a0<i>Mis datos<\/i>, opci\u00f3n\u00a0<i>Mis fechas de cobro<\/i>.<\/p>\n<p class=\"yiv5270118618MsoNormal\">4. A trav\u00e9s de la modalidad\u00a0<a href=\"https:\/\/www.anses.gob.ar\/atencion-virtual\" target=\"_blank\" rel=\"nofollow noopener noreferrer\">Atenci\u00f3n Virtual<\/a>, con CUIL y Clave de la Seguridad Social. Ir a\u00a0<i>Iniciar atenci\u00f3n<\/i>,\u00a0<i>Consultas r\u00e1pidas<\/i>,\u00a0<i>Cu\u00e1ndo y d\u00f3nde cobro<\/i>.<\/p>\n<\/div>\n<\/div>\n<p>&nbsp;<\/p>\n","protected":false},"excerpt":{"rendered":"<p>Informaci\u00f3n \u00fatil para vecinos de Exaltaci\u00f3n de la Cruz y la\u00a0 zona.<\/p>\n","protected":false},"author":3,"featured_media":0,"comment_status":"open","ping_status":"open","sticky":false,"template":"","format":"standard","meta":{"footnotes":"","jetpack_publicize_message":"","jetpack_publicize_feature_enabled":true,"jetpack_social_post_already_shared":true,"jetpack_social_options":{"image_generator_settings":{"template":"highway","default_image_id":0,"font":"","enabled":false},"version":2}},"categories":[5],"tags":[21],"class_list":["post-32832","post","type-post","status-publish","format-standard","hentry","category-aqui-parada-robles","tag-anses"],"jetpack_publicize_connections":[],"jetpack_featured_media_url":"","jetpack_likes_enabled":true,"_links":{"self":[{"href":"https:\/\/revistaepocadigital.com.ar\/index.php?rest_route=\/wp\/v2\/posts\/32832","targetHints":{"allow":["GET"]}}],"collection":[{"href":"https:\/\/revistaepocadigital.com.ar\/index.php?rest_route=\/wp\/v2\/posts"}],"about":[{"href":"https:\/\/revistaepocadigital.com.ar\/index.php?rest_route=\/wp\/v2\/types\/post"}],"author":[{"embeddable":true,"href":"https:\/\/revistaepocadigital.com.ar\/index.php?rest_route=\/wp\/v2\/users\/3"}],"replies":[{"embeddable":true,"href":"https:\/\/revistaepocadigital.com.ar\/index.php?rest_route=%2Fwp%2Fv2%2Fcomments&post=32832"}],"version-history":[{"count":6,"href":"https:\/\/revistaepocadigital.com.ar\/index.php?rest_route=\/wp\/v2\/posts\/32832\/revisions"}],"predecessor-version":[{"id":32991,"href":"https:\/\/revistaepocadigital.com.ar\/index.php?rest_route=\/wp\/v2\/posts\/32832\/revisions\/32991"}],"wp:attachment":[{"href":"https:\/\/revistaepocadigital.com.ar\/index.php?rest_route=%2Fwp%2Fv2%2Fmedia&parent=32832"}],"wp:term":[{"taxonomy":"category","embeddable":true,"href":"https:\/\/revistaepocadigital.com.ar\/index.php?rest_route=%2Fwp%2Fv2%2Fcategories&post=32832"},{"taxonomy":"post_tag","embeddable":true,"href":"https:\/\/revistaepocadigital.com.ar\/index.php?rest_route=%2Fwp%2Fv2%2Ftags&post=32832"}],"curies":[{"name":"wp","href":"https:\/\/api.w.org\/{rel}","templated":true}]}}