{"id":3287,"date":"2019-09-16T17:49:37","date_gmt":"2019-09-16T20:49:37","guid":{"rendered":"https:\/\/revistaepocadigital.com.ar\/?p=3287"},"modified":"2019-09-16T17:49:37","modified_gmt":"2019-09-16T20:49:37","slug":"kicillof-en-capilla","status":"publish","type":"post","link":"https:\/\/revistaepocadigital.com.ar\/?p=3287","title":{"rendered":"KICILLOF EN CAPILLA"},"content":{"rendered":"<div dir=\"ltr\"><strong>EL CANDIDATO DE FRENTE DE TODOS A LA GOBERNACI\u00d3N DE BUENOS AIRES, GANADOR DE LAS PASO.<\/strong><\/div>\n<p><!--more--><\/p>\n<div dir=\"ltr\"><strong>Axel Kicillof,<\/strong> pas\u00f3 por Capilla del Se\u00f1or en el marco de la campa\u00f1a electoral que ten\u00eda previsto recorrer todos los partidos de la provincia de Buenos Aires, que aspira a gobernar desde el 10 de diciembre.<\/div>\n<div dir=\"ltr\"><\/div>\n<div dir=\"ltr\">\n<figure id=\"attachment_3338\" aria-describedby=\"caption-attachment-3338\" style=\"width: 1280px\" class=\"wp-caption aligncenter\"><img loading=\"lazy\" decoding=\"async\" class=\"size-full wp-image-3338\" src=\"https:\/\/revistaepocadigital.com.ar\/wp-content\/uploads\/2019\/09\/kici-nan.jpg\" alt=\"\" width=\"1280\" height=\"853\" srcset=\"https:\/\/revistaepocadigital.com.ar\/wp-content\/uploads\/2019\/09\/kici-nan.jpg 1280w, https:\/\/revistaepocadigital.com.ar\/wp-content\/uploads\/2019\/09\/kici-nan-300x200.jpg 300w, https:\/\/revistaepocadigital.com.ar\/wp-content\/uploads\/2019\/09\/kici-nan-768x512.jpg 768w, https:\/\/revistaepocadigital.com.ar\/wp-content\/uploads\/2019\/09\/kici-nan-1024x682.jpg 1024w, https:\/\/revistaepocadigital.com.ar\/wp-content\/uploads\/2019\/09\/kici-nan-696x464.jpg 696w, https:\/\/revistaepocadigital.com.ar\/wp-content\/uploads\/2019\/09\/kici-nan-1068x712.jpg 1068w, https:\/\/revistaepocadigital.com.ar\/wp-content\/uploads\/2019\/09\/kici-nan-630x420.jpg 630w, https:\/\/revistaepocadigital.com.ar\/wp-content\/uploads\/2019\/09\/kici-nan-1260x840.jpg 1260w\" sizes=\"auto, (max-width: 1280px) 100vw, 1280px\" \/><figcaption id=\"caption-attachment-3338\" class=\"wp-caption-text\">El candidato a gobernador del Frente de Todos, se abraza con Nanni.<\/figcaption><\/figure>\n<\/div>\n<div dir=\"ltr\"><\/div>\n<div dir=\"ltr\">Una vez en nuestra ciudad, Kicillof visit\u00f3 el <strong>Hospital Municipal San Jos\u00e9,<\/strong> donde fue acompa\u00f1ado por el intendente Adri\u00e1n S\u00e1nchez, por Ariel Sujarchuk, intendente de Escobar, los diputados Abel Furlan y Lisandro Bonelli, el candidato a senador Facundo Ballesteros, el<\/div>\n<div dir=\"ltr\">el ex jefe comunal, ex senador y ex funcionario bonaerense, Ricardo Bozzani, entre otros.<\/div>\n<div dir=\"ltr\"><\/div>\n<div dir=\"ltr\">En el auditorio Pedro Colombini del hospital, Kiciloff brind\u00f3 una conferencia de prensa donde reiter\u00f3 sus cr\u00edticas a la administraci\u00f3n actual encabezada por Mar\u00eda Eugenia Vidal. Poniendose en el rol de futuro gobernador, en caso de reiterar el triunfo claro alcanzado en las PASO,\u00a0 sostuvo que la situaci\u00f3n en que encontrar\u00e1 a la provincia es grave.<\/div>\n<div dir=\"ltr\"><\/div>\n<div dir=\"ltr\">\n<figure id=\"attachment_3339\" aria-describedby=\"caption-attachment-3339\" style=\"width: 960px\" class=\"wp-caption aligncenter\"><img loading=\"lazy\" decoding=\"async\" class=\"size-full wp-image-3339\" src=\"https:\/\/revistaepocadigital.com.ar\/wp-content\/uploads\/2019\/09\/kici-nanni.jpg\" alt=\"\" width=\"960\" height=\"639\" srcset=\"https:\/\/revistaepocadigital.com.ar\/wp-content\/uploads\/2019\/09\/kici-nanni.jpg 960w, https:\/\/revistaepocadigital.com.ar\/wp-content\/uploads\/2019\/09\/kici-nanni-300x200.jpg 300w, https:\/\/revistaepocadigital.com.ar\/wp-content\/uploads\/2019\/09\/kici-nanni-768x511.jpg 768w, https:\/\/revistaepocadigital.com.ar\/wp-content\/uploads\/2019\/09\/kici-nanni-696x463.jpg 696w, https:\/\/revistaepocadigital.com.ar\/wp-content\/uploads\/2019\/09\/kici-nanni-631x420.jpg 631w\" sizes=\"auto, (max-width: 960px) 100vw, 960px\" \/><figcaption id=\"caption-attachment-3339\" class=\"wp-caption-text\">Vecinos y militantes estuvieron presentes.<\/figcaption><\/figure>\n<\/div>\n<div dir=\"ltr\">M\u00e1s tarde Kiciloff se traslad\u00f3 al c\u00e9ntrico <strong>Sal\u00f3n Roma de Jubilados y Pensionados<\/strong>, donde junto al candidato a intendente por el Frente de Todos, <strong>Diego Nanni<\/strong>, habl\u00f3 a la numerosa concurrencia entre los que se encontraron vecinos, referentes y militantes de todas las organizaciones que componen el <strong>Frente de Todos<\/strong> en Exaltaci\u00f3n de la Cruz.<\/div>\n<div dir=\"ltr\"><\/div>\n<div dir=\"ltr\"><em>&#8220;La verdad, me sent\u00ed muy orgulloso de haber recibido en nuestro pueblo, al pr\u00f3ximo gobernador de la provincia de Buenos Aires&#8221;,<\/em> dijo con \u00e9nfasis <strong>Nanni.<\/strong><\/div>\n<div dir=\"ltr\"><\/div>\n<div dir=\"ltr\">Fotos: Prensa Frente de Todos Exaltaci\u00f3n de la Cruz.<\/div>\n<div dir=\"ltr\"><\/div>\n<div dir=\"ltr\"><\/div>\n","protected":false},"excerpt":{"rendered":"<p>EL CANDIDATO DE FRENTE DE TODOS A LA GOBERNACI\u00d3N DE BUENOS AIRES, GANADOR DE LAS PASO.<\/p>\n","protected":false},"author":4,"featured_media":3337,"comment_status":"open","ping_status":"open","sticky":false,"template":"","format":"standard","meta":{"footnotes":"","jetpack_publicize_message":"","jetpack_publicize_feature_enabled":true,"jetpack_social_post_already_shared":false,"jetpack_social_options":{"image_generator_settings":{"template":"highway","default_image_id":0,"font":"","enabled":false},"version":2}},"categories":[17],"tags":[293,478,66],"class_list":["post-3287","post","type-post","status-publish","format-standard","has-post-thumbnail","hentry","category-politica","tag-campana-electoral","tag-kicillof","tag-nanni"],"jetpack_publicize_connections":[],"jetpack_featured_media_url":"https:\/\/revistaepocadigital.com.ar\/wp-content\/uploads\/2019\/09\/ki-tapa.jpg","jetpack_likes_enabled":true,"_links":{"self":[{"href":"https:\/\/revistaepocadigital.com.ar\/index.php?rest_route=\/wp\/v2\/posts\/3287","targetHints":{"allow":["GET"]}}],"collection":[{"href":"https:\/\/revistaepocadigital.com.ar\/index.php?rest_route=\/wp\/v2\/posts"}],"about":[{"href":"https:\/\/revistaepocadigital.com.ar\/index.php?rest_route=\/wp\/v2\/types\/post"}],"author":[{"embeddable":true,"href":"https:\/\/revistaepocadigital.com.ar\/index.php?rest_route=\/wp\/v2\/users\/4"}],"replies":[{"embeddable":true,"href":"https:\/\/revistaepocadigital.com.ar\/index.php?rest_route=%2Fwp%2Fv2%2Fcomments&post=3287"}],"version-history":[{"count":0,"href":"https:\/\/revistaepocadigital.com.ar\/index.php?rest_route=\/wp\/v2\/posts\/3287\/revisions"}],"wp:featuredmedia":[{"embeddable":true,"href":"https:\/\/revistaepocadigital.com.ar\/index.php?rest_route=\/wp\/v2\/media\/3337"}],"wp:attachment":[{"href":"https:\/\/revistaepocadigital.com.ar\/index.php?rest_route=%2Fwp%2Fv2%2Fmedia&parent=3287"}],"wp:term":[{"taxonomy":"category","embeddable":true,"href":"https:\/\/revistaepocadigital.com.ar\/index.php?rest_route=%2Fwp%2Fv2%2Fcategories&post=3287"},{"taxonomy":"post_tag","embeddable":true,"href":"https:\/\/revistaepocadigital.com.ar\/index.php?rest_route=%2Fwp%2Fv2%2Ftags&post=3287"}],"curies":[{"name":"wp","href":"https:\/\/api.w.org\/{rel}","templated":true}]}}