{"id":3297,"date":"2019-09-16T17:39:26","date_gmt":"2019-09-16T20:39:26","guid":{"rendered":"https:\/\/revistaepocadigital.com.ar\/?p=3297"},"modified":"2019-09-16T17:39:26","modified_gmt":"2019-09-16T20:39:26","slug":"el-14-de-septiembre-un-dia-magico","status":"publish","type":"post","link":"https:\/\/revistaepocadigital.com.ar\/?p=3297","title":{"rendered":"EL 14 DE SEPTIEMBRE, UN D\u00cdA M\u00c1GICO"},"content":{"rendered":"<p><strong>\u00a1INVARIABLE!<\/strong><!--more--><\/p>\n<p>Cada <strong>14 de Septiembre,<\/strong> d\u00eda de los festejos patronales de <strong>Exaltaci\u00f3n de la Cruz,<\/strong> reitera el profundo arraigo y sentimiento que despierta para los vecinos de todos los puntos del distrito, la fiesta que se siente y se lleva muy adentro superando generaci\u00f3n tras generaci\u00f3n.<\/p>\n<p>Este a\u00f1o no fue la excepci\u00f3n y una multitud se acerc\u00f3 a la tradicional <strong>Plaza San Mart\u00edn,<\/strong> epicentro de los festejos, en un d\u00eda a pleno sol que colabor\u00f3 para que tanta gente estuviera presente y disfrutara en familia, con amigos y en paz el d\u00eda que llevamos en nuestro interior los exaltacruce\u00f1os. Una fiesta que, vale la pena resaltarlo m\u00e1s en los tiempos que transcurren, se vivi\u00f3 enmarcada en un clima festivo, y para encontrarse con amigos y vecinos.<\/p>\n<p>Ac\u00e1 te mostramos en una s\u00edntesis de imagenes, la fiesta del 14 de Septiembre.<\/p>\n<figure id=\"attachment_3317\" aria-describedby=\"caption-attachment-3317\" style=\"width: 960px\" class=\"wp-caption aligncenter\"><img loading=\"lazy\" decoding=\"async\" class=\"size-full wp-image-3317\" src=\"https:\/\/revistaepocadigital.com.ar\/wp-content\/uploads\/2019\/09\/14-san-adi-boz-pres-ucr.jpg\" alt=\"\" width=\"960\" height=\"540\" srcset=\"https:\/\/revistaepocadigital.com.ar\/wp-content\/uploads\/2019\/09\/14-san-adi-boz-pres-ucr.jpg 960w, https:\/\/revistaepocadigital.com.ar\/wp-content\/uploads\/2019\/09\/14-san-adi-boz-pres-ucr-300x169.jpg 300w, https:\/\/revistaepocadigital.com.ar\/wp-content\/uploads\/2019\/09\/14-san-adi-boz-pres-ucr-768x432.jpg 768w, https:\/\/revistaepocadigital.com.ar\/wp-content\/uploads\/2019\/09\/14-san-adi-boz-pres-ucr-696x392.jpg 696w, https:\/\/revistaepocadigital.com.ar\/wp-content\/uploads\/2019\/09\/14-san-adi-boz-pres-ucr-747x420.jpg 747w\" sizes=\"auto, (max-width: 960px) 100vw, 960px\" \/><figcaption id=\"caption-attachment-3317\" class=\"wp-caption-text\">&#8220;Chau&#8221;, parece decir el intendente Adri\u00e1n S\u00e1nchez, quien vivi\u00f3 su \u00faltimo 14 de Septiembre como intendente. Junto a el, el presidente de la UCR y Ricardo Bozzani entre otros<\/figcaption><\/figure>\n<figure id=\"attachment_3299\" aria-describedby=\"caption-attachment-3299\" style=\"width: 960px\" class=\"wp-caption aligncenter\"><img loading=\"lazy\" decoding=\"async\" class=\"size-full wp-image-3299\" src=\"https:\/\/revistaepocadigital.com.ar\/wp-content\/uploads\/2019\/09\/14-bombe-capi-carda.jpg\" alt=\"\" width=\"960\" height=\"540\" srcset=\"https:\/\/revistaepocadigital.com.ar\/wp-content\/uploads\/2019\/09\/14-bombe-capi-carda.jpg 960w, https:\/\/revistaepocadigital.com.ar\/wp-content\/uploads\/2019\/09\/14-bombe-capi-carda-300x169.jpg 300w, https:\/\/revistaepocadigital.com.ar\/wp-content\/uploads\/2019\/09\/14-bombe-capi-carda-768x432.jpg 768w, https:\/\/revistaepocadigital.com.ar\/wp-content\/uploads\/2019\/09\/14-bombe-capi-carda-696x392.jpg 696w, https:\/\/revistaepocadigital.com.ar\/wp-content\/uploads\/2019\/09\/14-bombe-capi-carda-747x420.jpg 747w\" sizes=\"auto, (max-width: 960px) 100vw, 960px\" \/><figcaption id=\"caption-attachment-3299\" class=\"wp-caption-text\">Los Bomberos Voluntarios de Capilla del Se\u00f1or y Los Cardales.<\/figcaption><\/figure>\n<figure id=\"attachment_3319\" aria-describedby=\"caption-attachment-3319\" style=\"width: 960px\" class=\"wp-caption aligncenter\"><img loading=\"lazy\" decoding=\"async\" class=\"size-full wp-image-3319\" src=\"https:\/\/revistaepocadigital.com.ar\/wp-content\/uploads\/2019\/09\/14-ri-bo-bander.jpg\" alt=\"\" width=\"960\" height=\"540\" srcset=\"https:\/\/revistaepocadigital.com.ar\/wp-content\/uploads\/2019\/09\/14-ri-bo-bander.jpg 960w, https:\/\/revistaepocadigital.com.ar\/wp-content\/uploads\/2019\/09\/14-ri-bo-bander-300x169.jpg 300w, https:\/\/revistaepocadigital.com.ar\/wp-content\/uploads\/2019\/09\/14-ri-bo-bander-768x432.jpg 768w, https:\/\/revistaepocadigital.com.ar\/wp-content\/uploads\/2019\/09\/14-ri-bo-bander-696x392.jpg 696w, https:\/\/revistaepocadigital.com.ar\/wp-content\/uploads\/2019\/09\/14-ri-bo-bander-747x420.jpg 747w\" sizes=\"auto, (max-width: 960px) 100vw, 960px\" \/><figcaption id=\"caption-attachment-3319\" class=\"wp-caption-text\">Nadie se la quiso perder; en la apertura de los festejos, al izar la bandera en la plaza se lo vio entre otros al ex intendente y referente pol\u00edtico Ricardo Bozzani.<\/figcaption><\/figure>\n<figure id=\"attachment_3316\" aria-describedby=\"caption-attachment-3316\" style=\"width: 960px\" class=\"wp-caption aligncenter\"><img loading=\"lazy\" decoding=\"async\" class=\"size-full wp-image-3316\" src=\"https:\/\/revistaepocadigital.com.ar\/wp-content\/uploads\/2019\/09\/14-sanche-palco.jpg\" alt=\"\" width=\"960\" height=\"540\" srcset=\"https:\/\/revistaepocadigital.com.ar\/wp-content\/uploads\/2019\/09\/14-sanche-palco.jpg 960w, https:\/\/revistaepocadigital.com.ar\/wp-content\/uploads\/2019\/09\/14-sanche-palco-300x169.jpg 300w, https:\/\/revistaepocadigital.com.ar\/wp-content\/uploads\/2019\/09\/14-sanche-palco-768x432.jpg 768w, https:\/\/revistaepocadigital.com.ar\/wp-content\/uploads\/2019\/09\/14-sanche-palco-696x392.jpg 696w, https:\/\/revistaepocadigital.com.ar\/wp-content\/uploads\/2019\/09\/14-sanche-palco-747x420.jpg 747w\" sizes=\"auto, (max-width: 960px) 100vw, 960px\" \/><figcaption id=\"caption-attachment-3316\" class=\"wp-caption-text\">En el palco, el intendente, autoridades y los dos candidatos a intendente, Diego Nanni y Ra\u00fal Sancho.<\/figcaption><\/figure>\n<figure id=\"attachment_3328\" aria-describedby=\"caption-attachment-3328\" style=\"width: 960px\" class=\"wp-caption aligncenter\"><img loading=\"lazy\" decoding=\"async\" class=\"size-full wp-image-3328\" src=\"https:\/\/revistaepocadigital.com.ar\/wp-content\/uploads\/2019\/09\/14-monu-malvi-1.jpg\" alt=\"\" width=\"960\" height=\"540\" srcset=\"https:\/\/revistaepocadigital.com.ar\/wp-content\/uploads\/2019\/09\/14-monu-malvi-1.jpg 960w, https:\/\/revistaepocadigital.com.ar\/wp-content\/uploads\/2019\/09\/14-monu-malvi-1-300x169.jpg 300w, https:\/\/revistaepocadigital.com.ar\/wp-content\/uploads\/2019\/09\/14-monu-malvi-1-768x432.jpg 768w, https:\/\/revistaepocadigital.com.ar\/wp-content\/uploads\/2019\/09\/14-monu-malvi-1-696x392.jpg 696w, https:\/\/revistaepocadigital.com.ar\/wp-content\/uploads\/2019\/09\/14-monu-malvi-1-747x420.jpg 747w\" sizes=\"auto, (max-width: 960px) 100vw, 960px\" \/><figcaption id=\"caption-attachment-3328\" class=\"wp-caption-text\">Espl\u00e9ndida escultura inaugurada en la plaza del Ferrocarril Mitre en homenaje a los ca\u00eddos y veteranos de la Guerra de Malvinas. Un momento muy emotivo.<\/figcaption><\/figure>\n<figure id=\"attachment_3325\" aria-describedby=\"caption-attachment-3325\" style=\"width: 720px\" class=\"wp-caption aligncenter\"><img loading=\"lazy\" decoding=\"async\" class=\"size-full wp-image-3325\" src=\"https:\/\/revistaepocadigital.com.ar\/wp-content\/uploads\/2019\/09\/pelota-trapo-kios-14.jpg\" alt=\"\" width=\"720\" height=\"960\" srcset=\"https:\/\/revistaepocadigital.com.ar\/wp-content\/uploads\/2019\/09\/pelota-trapo-kios-14.jpg 720w, https:\/\/revistaepocadigital.com.ar\/wp-content\/uploads\/2019\/09\/pelota-trapo-kios-14-225x300.jpg 225w, https:\/\/revistaepocadigital.com.ar\/wp-content\/uploads\/2019\/09\/pelota-trapo-kios-14-696x928.jpg 696w, https:\/\/revistaepocadigital.com.ar\/wp-content\/uploads\/2019\/09\/pelota-trapo-kios-14-315x420.jpg 315w, https:\/\/revistaepocadigital.com.ar\/wp-content\/uploads\/2019\/09\/pelota-trapo-kios-14-630x840.jpg 630w\" sizes=\"auto, (max-width: 720px) 100vw, 720px\" \/><figcaption id=\"caption-attachment-3325\" class=\"wp-caption-text\">En la plaza, los puestos de distintas escuelas, colegios, entidades, tambi\u00e9n le pusieron su nota de color.<\/figcaption><\/figure>\n<figure id=\"attachment_3300\" aria-describedby=\"caption-attachment-3300\" style=\"width: 960px\" class=\"wp-caption aligncenter\"><img loading=\"lazy\" decoding=\"async\" class=\"size-full wp-image-3300\" src=\"https:\/\/revistaepocadigital.com.ar\/wp-content\/uploads\/2019\/09\/14-bombe-desfi.jpg\" alt=\"\" width=\"960\" height=\"540\" srcset=\"https:\/\/revistaepocadigital.com.ar\/wp-content\/uploads\/2019\/09\/14-bombe-desfi.jpg 960w, https:\/\/revistaepocadigital.com.ar\/wp-content\/uploads\/2019\/09\/14-bombe-desfi-300x169.jpg 300w, https:\/\/revistaepocadigital.com.ar\/wp-content\/uploads\/2019\/09\/14-bombe-desfi-768x432.jpg 768w, https:\/\/revistaepocadigital.com.ar\/wp-content\/uploads\/2019\/09\/14-bombe-desfi-696x392.jpg 696w, https:\/\/revistaepocadigital.com.ar\/wp-content\/uploads\/2019\/09\/14-bombe-desfi-747x420.jpg 747w\" sizes=\"auto, (max-width: 960px) 100vw, 960px\" \/><figcaption id=\"caption-attachment-3300\" class=\"wp-caption-text\">El desfile. En la imagen, los Bomberos.<\/figcaption><\/figure>\n<figure id=\"attachment_3301\" aria-describedby=\"caption-attachment-3301\" style=\"width: 960px\" class=\"wp-caption aligncenter\"><img loading=\"lazy\" decoding=\"async\" class=\"size-full wp-image-3301\" src=\"https:\/\/revistaepocadigital.com.ar\/wp-content\/uploads\/2019\/09\/14-herlin-sanc.jpg\" alt=\"\" width=\"960\" height=\"540\" srcset=\"https:\/\/revistaepocadigital.com.ar\/wp-content\/uploads\/2019\/09\/14-herlin-sanc.jpg 960w, https:\/\/revistaepocadigital.com.ar\/wp-content\/uploads\/2019\/09\/14-herlin-sanc-300x169.jpg 300w, https:\/\/revistaepocadigital.com.ar\/wp-content\/uploads\/2019\/09\/14-herlin-sanc-768x432.jpg 768w, https:\/\/revistaepocadigital.com.ar\/wp-content\/uploads\/2019\/09\/14-herlin-sanc-696x392.jpg 696w, https:\/\/revistaepocadigital.com.ar\/wp-content\/uploads\/2019\/09\/14-herlin-sanc-747x420.jpg 747w\" sizes=\"auto, (max-width: 960px) 100vw, 960px\" \/><figcaption id=\"caption-attachment-3301\" class=\"wp-caption-text\">Ra\u00fal Sancho, candidato a intendente por Cambiemos junto al concejal Herling, en la plaza.<\/figcaption><\/figure>\n<figure id=\"attachment_3326\" aria-describedby=\"caption-attachment-3326\" style=\"width: 960px\" class=\"wp-caption aligncenter\"><img loading=\"lazy\" decoding=\"async\" class=\"size-full wp-image-3326\" src=\"https:\/\/revistaepocadigital.com.ar\/wp-content\/uploads\/2019\/09\/san-bozz-bozz.jpg\" alt=\"\" width=\"960\" height=\"720\" srcset=\"https:\/\/revistaepocadigital.com.ar\/wp-content\/uploads\/2019\/09\/san-bozz-bozz.jpg 960w, https:\/\/revistaepocadigital.com.ar\/wp-content\/uploads\/2019\/09\/san-bozz-bozz-300x225.jpg 300w, https:\/\/revistaepocadigital.com.ar\/wp-content\/uploads\/2019\/09\/san-bozz-bozz-768x576.jpg 768w, https:\/\/revistaepocadigital.com.ar\/wp-content\/uploads\/2019\/09\/san-bozz-bozz-80x60.jpg 80w, https:\/\/revistaepocadigital.com.ar\/wp-content\/uploads\/2019\/09\/san-bozz-bozz-160x120.jpg 160w, https:\/\/revistaepocadigital.com.ar\/wp-content\/uploads\/2019\/09\/san-bozz-bozz-265x198.jpg 265w, https:\/\/revistaepocadigital.com.ar\/wp-content\/uploads\/2019\/09\/san-bozz-bozz-696x522.jpg 696w, https:\/\/revistaepocadigital.com.ar\/wp-content\/uploads\/2019\/09\/san-bozz-bozz-560x420.jpg 560w\" sizes=\"auto, (max-width: 960px) 100vw, 960px\" \/><figcaption id=\"caption-attachment-3326\" class=\"wp-caption-text\">El primero y el actual. El primer intendente del actual tan prolongado ciclo pol\u00edtico (hace casi 30 a\u00f1os), Ricardo Bozzani junto a Adri\u00e1n S\u00e1nchez el actual, junto a Mar\u00eda Luz Bozzani, funcionaria del \u00e1rea de salud y quien ha sabido desempe\u00f1arse como intendente interina.<\/figcaption><\/figure>\n<figure id=\"attachment_3303\" aria-describedby=\"caption-attachment-3303\" style=\"width: 540px\" class=\"wp-caption aligncenter\"><img loading=\"lazy\" decoding=\"async\" class=\"size-full wp-image-3303\" src=\"https:\/\/revistaepocadigital.com.ar\/wp-content\/uploads\/2019\/09\/14-hermida.jpg\" alt=\"\" width=\"540\" height=\"960\" srcset=\"https:\/\/revistaepocadigital.com.ar\/wp-content\/uploads\/2019\/09\/14-hermida.jpg 540w, https:\/\/revistaepocadigital.com.ar\/wp-content\/uploads\/2019\/09\/14-hermida-169x300.jpg 169w, https:\/\/revistaepocadigital.com.ar\/wp-content\/uploads\/2019\/09\/14-hermida-236x420.jpg 236w, https:\/\/revistaepocadigital.com.ar\/wp-content\/uploads\/2019\/09\/14-hermida-473x840.jpg 473w\" sizes=\"auto, (max-width: 540px) 100vw, 540px\" \/><figcaption id=\"caption-attachment-3303\" class=\"wp-caption-text\">Jos\u00e9 Luis Hermida, gerente de la Cooperativa Cepral que el mismo 14 de Septiembre cumpli\u00f3 nada menos que 50 a\u00f1os de vida. (Foto FM Studio)<\/figcaption><\/figure>\n<figure id=\"attachment_3304\" aria-describedby=\"caption-attachment-3304\" style=\"width: 540px\" class=\"wp-caption aligncenter\"><img loading=\"lazy\" decoding=\"async\" class=\"size-full wp-image-3304\" src=\"https:\/\/revistaepocadigital.com.ar\/wp-content\/uploads\/2019\/09\/14-marche-gente.jpg\" alt=\"\" width=\"540\" height=\"960\" srcset=\"https:\/\/revistaepocadigital.com.ar\/wp-content\/uploads\/2019\/09\/14-marche-gente.jpg 540w, https:\/\/revistaepocadigital.com.ar\/wp-content\/uploads\/2019\/09\/14-marche-gente-169x300.jpg 169w, https:\/\/revistaepocadigital.com.ar\/wp-content\/uploads\/2019\/09\/14-marche-gente-236x420.jpg 236w, https:\/\/revistaepocadigital.com.ar\/wp-content\/uploads\/2019\/09\/14-marche-gente-473x840.jpg 473w\" sizes=\"auto, (max-width: 540px) 100vw, 540px\" \/><figcaption id=\"caption-attachment-3304\" class=\"wp-caption-text\">La gente, los vecinos, congregados en la plaza; el gran baluarte de Exaltaci\u00f3n de la Cruz que le ponen el verdadero calor a los festejos.<\/figcaption><\/figure>\n<figure id=\"attachment_3306\" aria-describedby=\"caption-attachment-3306\" style=\"width: 960px\" class=\"wp-caption aligncenter\"><img loading=\"lazy\" decoding=\"async\" class=\"size-full wp-image-3306\" src=\"https:\/\/revistaepocadigital.com.ar\/wp-content\/uploads\/2019\/09\/14-nanni-malvi.jpg\" alt=\"\" width=\"960\" height=\"540\" srcset=\"https:\/\/revistaepocadigital.com.ar\/wp-content\/uploads\/2019\/09\/14-nanni-malvi.jpg 960w, https:\/\/revistaepocadigital.com.ar\/wp-content\/uploads\/2019\/09\/14-nanni-malvi-300x169.jpg 300w, https:\/\/revistaepocadigital.com.ar\/wp-content\/uploads\/2019\/09\/14-nanni-malvi-768x432.jpg 768w, https:\/\/revistaepocadigital.com.ar\/wp-content\/uploads\/2019\/09\/14-nanni-malvi-696x392.jpg 696w, https:\/\/revistaepocadigital.com.ar\/wp-content\/uploads\/2019\/09\/14-nanni-malvi-747x420.jpg 747w\" sizes=\"auto, (max-width: 960px) 100vw, 960px\" \/><figcaption id=\"caption-attachment-3306\" class=\"wp-caption-text\">Nanni, Vanesa Russo, (funcionaria municipal), la concejal Graciela Gallo (FR) entre otros en la inauguraci\u00f3n del monumento a los ca\u00eddos y veteranos de Malvinas.<\/figcaption><\/figure>\n<figure id=\"attachment_3307\" aria-describedby=\"caption-attachment-3307\" style=\"width: 960px\" class=\"wp-caption aligncenter\"><img loading=\"lazy\" decoding=\"async\" class=\"size-full wp-image-3307\" src=\"https:\/\/revistaepocadigital.com.ar\/wp-content\/uploads\/2019\/09\/14-procesion.jpg\" alt=\"\" width=\"960\" height=\"540\" srcset=\"https:\/\/revistaepocadigital.com.ar\/wp-content\/uploads\/2019\/09\/14-procesion.jpg 960w, https:\/\/revistaepocadigital.com.ar\/wp-content\/uploads\/2019\/09\/14-procesion-300x169.jpg 300w, https:\/\/revistaepocadigital.com.ar\/wp-content\/uploads\/2019\/09\/14-procesion-768x432.jpg 768w, https:\/\/revistaepocadigital.com.ar\/wp-content\/uploads\/2019\/09\/14-procesion-696x392.jpg 696w, https:\/\/revistaepocadigital.com.ar\/wp-content\/uploads\/2019\/09\/14-procesion-747x420.jpg 747w\" sizes=\"auto, (max-width: 960px) 100vw, 960px\" \/><figcaption id=\"caption-attachment-3307\" class=\"wp-caption-text\">Como marca la historia y la tradici\u00f3n, la peregrinaci\u00f3n religiosa recorri\u00f3 la calles que enmarcan la plaza.<\/figcaption><\/figure>\n<figure id=\"attachment_3308\" aria-describedby=\"caption-attachment-3308\" style=\"width: 960px\" class=\"wp-caption aligncenter\"><img loading=\"lazy\" decoding=\"async\" class=\"size-full wp-image-3308\" src=\"https:\/\/revistaepocadigital.com.ar\/wp-content\/uploads\/2019\/09\/14-padre-pablo-depedidda.jpg\" alt=\"\" width=\"960\" height=\"540\" srcset=\"https:\/\/revistaepocadigital.com.ar\/wp-content\/uploads\/2019\/09\/14-padre-pablo-depedidda.jpg 960w, https:\/\/revistaepocadigital.com.ar\/wp-content\/uploads\/2019\/09\/14-padre-pablo-depedidda-300x169.jpg 300w, https:\/\/revistaepocadigital.com.ar\/wp-content\/uploads\/2019\/09\/14-padre-pablo-depedidda-768x432.jpg 768w, https:\/\/revistaepocadigital.com.ar\/wp-content\/uploads\/2019\/09\/14-padre-pablo-depedidda-696x392.jpg 696w, https:\/\/revistaepocadigital.com.ar\/wp-content\/uploads\/2019\/09\/14-padre-pablo-depedidda-747x420.jpg 747w\" sizes=\"auto, (max-width: 960px) 100vw, 960px\" \/><figcaption id=\"caption-attachment-3308\" class=\"wp-caption-text\">El 14 tambi\u00e9n result\u00f3 la despedida del padre Pablo, p\u00e1rroco local; su nuevo destino pastoral lo llev\u00f3 a Presidente Derqui.<\/figcaption><\/figure>\n<figure id=\"attachment_3309\" aria-describedby=\"caption-attachment-3309\" style=\"width: 960px\" class=\"wp-caption aligncenter\"><img loading=\"lazy\" decoding=\"async\" class=\"size-full wp-image-3309\" src=\"https:\/\/revistaepocadigital.com.ar\/wp-content\/uploads\/2019\/09\/14-quioscs.jpg\" alt=\"\" width=\"960\" height=\"720\" srcset=\"https:\/\/revistaepocadigital.com.ar\/wp-content\/uploads\/2019\/09\/14-quioscs.jpg 960w, https:\/\/revistaepocadigital.com.ar\/wp-content\/uploads\/2019\/09\/14-quioscs-300x225.jpg 300w, https:\/\/revistaepocadigital.com.ar\/wp-content\/uploads\/2019\/09\/14-quioscs-768x576.jpg 768w, https:\/\/revistaepocadigital.com.ar\/wp-content\/uploads\/2019\/09\/14-quioscs-80x60.jpg 80w, https:\/\/revistaepocadigital.com.ar\/wp-content\/uploads\/2019\/09\/14-quioscs-160x120.jpg 160w, https:\/\/revistaepocadigital.com.ar\/wp-content\/uploads\/2019\/09\/14-quioscs-265x198.jpg 265w, https:\/\/revistaepocadigital.com.ar\/wp-content\/uploads\/2019\/09\/14-quioscs-696x522.jpg 696w, https:\/\/revistaepocadigital.com.ar\/wp-content\/uploads\/2019\/09\/14-quioscs-560x420.jpg 560w\" sizes=\"auto, (max-width: 960px) 100vw, 960px\" \/><figcaption id=\"caption-attachment-3309\" class=\"wp-caption-text\">Artesanos, puestos de comidas, a su vez juegos y diversiones; todos en el centro capillense.<\/figcaption><\/figure>\n<figure id=\"attachment_3310\" aria-describedby=\"caption-attachment-3310\" style=\"width: 960px\" class=\"wp-caption aligncenter\"><img loading=\"lazy\" decoding=\"async\" class=\"size-full wp-image-3310\" src=\"https:\/\/revistaepocadigital.com.ar\/wp-content\/uploads\/2019\/09\/14-san-nan-bozz-igle.jpg\" alt=\"\" width=\"960\" height=\"540\" srcset=\"https:\/\/revistaepocadigital.com.ar\/wp-content\/uploads\/2019\/09\/14-san-nan-bozz-igle.jpg 960w, https:\/\/revistaepocadigital.com.ar\/wp-content\/uploads\/2019\/09\/14-san-nan-bozz-igle-300x169.jpg 300w, https:\/\/revistaepocadigital.com.ar\/wp-content\/uploads\/2019\/09\/14-san-nan-bozz-igle-768x432.jpg 768w, https:\/\/revistaepocadigital.com.ar\/wp-content\/uploads\/2019\/09\/14-san-nan-bozz-igle-696x392.jpg 696w, https:\/\/revistaepocadigital.com.ar\/wp-content\/uploads\/2019\/09\/14-san-nan-bozz-igle-747x420.jpg 747w\" sizes=\"auto, (max-width: 960px) 100vw, 960px\" \/><figcaption id=\"caption-attachment-3310\" class=\"wp-caption-text\">El oficio religiosa en la hermosa parroquia de l ciuda<\/figcaption><\/figure>\n<figure id=\"attachment_3311\" aria-describedby=\"caption-attachment-3311\" style=\"width: 960px\" class=\"wp-caption aligncenter\"><img loading=\"lazy\" decoding=\"async\" class=\"size-full wp-image-3311\" src=\"https:\/\/revistaepocadigital.com.ar\/wp-content\/uploads\/2019\/09\/14-scout-malvin.jpg\" alt=\"\" width=\"960\" height=\"540\" srcset=\"https:\/\/revistaepocadigital.com.ar\/wp-content\/uploads\/2019\/09\/14-scout-malvin.jpg 960w, https:\/\/revistaepocadigital.com.ar\/wp-content\/uploads\/2019\/09\/14-scout-malvin-300x169.jpg 300w, https:\/\/revistaepocadigital.com.ar\/wp-content\/uploads\/2019\/09\/14-scout-malvin-768x432.jpg 768w, https:\/\/revistaepocadigital.com.ar\/wp-content\/uploads\/2019\/09\/14-scout-malvin-696x392.jpg 696w, https:\/\/revistaepocadigital.com.ar\/wp-content\/uploads\/2019\/09\/14-scout-malvin-747x420.jpg 747w\" sizes=\"auto, (max-width: 960px) 100vw, 960px\" \/><figcaption id=\"caption-attachment-3311\" class=\"wp-caption-text\">La agrupaci\u00f3n de Scouts de Capilla, tambi\u00e9n presente.<\/figcaption><\/figure>\n<figure id=\"attachment_3312\" aria-describedby=\"caption-attachment-3312\" style=\"width: 960px\" class=\"wp-caption aligncenter\"><img loading=\"lazy\" decoding=\"async\" class=\"size-full wp-image-3312\" src=\"https:\/\/revistaepocadigital.com.ar\/wp-content\/uploads\/2019\/09\/14-vetera-mal.jpg\" alt=\"\" width=\"960\" height=\"540\" srcset=\"https:\/\/revistaepocadigital.com.ar\/wp-content\/uploads\/2019\/09\/14-vetera-mal.jpg 960w, https:\/\/revistaepocadigital.com.ar\/wp-content\/uploads\/2019\/09\/14-vetera-mal-300x169.jpg 300w, https:\/\/revistaepocadigital.com.ar\/wp-content\/uploads\/2019\/09\/14-vetera-mal-768x432.jpg 768w, https:\/\/revistaepocadigital.com.ar\/wp-content\/uploads\/2019\/09\/14-vetera-mal-696x392.jpg 696w, https:\/\/revistaepocadigital.com.ar\/wp-content\/uploads\/2019\/09\/14-vetera-mal-747x420.jpg 747w\" sizes=\"auto, (max-width: 960px) 100vw, 960px\" \/><figcaption id=\"caption-attachment-3312\" class=\"wp-caption-text\">Representantes de veteranos de la guerra por Malvinas.<\/figcaption><\/figure>\n<figure id=\"attachment_3323\" aria-describedby=\"caption-attachment-3323\" style=\"width: 960px\" class=\"wp-caption aligncenter\"><img loading=\"lazy\" decoding=\"async\" class=\"size-full wp-image-3323\" src=\"https:\/\/revistaepocadigital.com.ar\/wp-content\/uploads\/2019\/09\/14-banda-prefe-1.jpg\" alt=\"\" width=\"960\" height=\"540\" srcset=\"https:\/\/revistaepocadigital.com.ar\/wp-content\/uploads\/2019\/09\/14-banda-prefe-1.jpg 960w, https:\/\/revistaepocadigital.com.ar\/wp-content\/uploads\/2019\/09\/14-banda-prefe-1-300x169.jpg 300w, https:\/\/revistaepocadigital.com.ar\/wp-content\/uploads\/2019\/09\/14-banda-prefe-1-768x432.jpg 768w, https:\/\/revistaepocadigital.com.ar\/wp-content\/uploads\/2019\/09\/14-banda-prefe-1-696x392.jpg 696w, https:\/\/revistaepocadigital.com.ar\/wp-content\/uploads\/2019\/09\/14-banda-prefe-1-747x420.jpg 747w\" sizes=\"auto, (max-width: 960px) 100vw, 960px\" \/><figcaption id=\"caption-attachment-3323\" class=\"wp-caption-text\">La banda de m\u00fasica de la Prefectura Naval Argentina, tambi\u00e9n se asoci\u00f3 a los festejos patronales.<\/figcaption><\/figure>\n<figure id=\"attachment_3321\" aria-describedby=\"caption-attachment-3321\" style=\"width: 960px\" class=\"wp-caption aligncenter\"><img loading=\"lazy\" decoding=\"async\" class=\"size-full wp-image-3321\" src=\"https:\/\/revistaepocadigital.com.ar\/wp-content\/uploads\/2019\/09\/14-21.jpg\" alt=\"\" width=\"960\" height=\"540\" srcset=\"https:\/\/revistaepocadigital.com.ar\/wp-content\/uploads\/2019\/09\/14-21.jpg 960w, https:\/\/revistaepocadigital.com.ar\/wp-content\/uploads\/2019\/09\/14-21-300x169.jpg 300w, https:\/\/revistaepocadigital.com.ar\/wp-content\/uploads\/2019\/09\/14-21-768x432.jpg 768w, https:\/\/revistaepocadigital.com.ar\/wp-content\/uploads\/2019\/09\/14-21-696x392.jpg 696w, https:\/\/revistaepocadigital.com.ar\/wp-content\/uploads\/2019\/09\/14-21-747x420.jpg 747w\" sizes=\"auto, (max-width: 960px) 100vw, 960px\" \/><figcaption id=\"caption-attachment-3321\" class=\"wp-caption-text\">El cierre de los espect\u00e1culos musicales, donde se destacaron artistas locales, estuvo a cargo del grupo Banda 21 que contagi\u00f3 al gent\u00edo.<\/figcaption><\/figure>\n<p>Fotos: gentileza Fabi\u00e1n Marchese Facebook<\/p>\n","protected":false},"excerpt":{"rendered":"<p>\u00a1INVARIABLE!<\/p>\n","protected":false},"author":4,"featured_media":3329,"comment_status":"open","ping_status":"open","sticky":false,"template":"","format":"standard","meta":{"footnotes":"","jetpack_publicize_message":"","jetpack_publicize_feature_enabled":true,"jetpack_social_post_already_shared":false,"jetpack_social_options":{"image_generator_settings":{"template":"highway","default_image_id":0,"font":"","enabled":false},"version":2}},"categories":[13],"tags":[479,480],"class_list":["post-3297","post","type-post","status-publish","format-standard","has-post-thumbnail","hentry","category-interes-general","tag-14-de-septiembre","tag-festejos-patronales"],"jetpack_publicize_connections":[],"jetpack_featured_media_url":"https:\/\/revistaepocadigital.com.ar\/wp-content\/uploads\/2019\/09\/14-genete.jpg","jetpack_likes_enabled":true,"_links":{"self":[{"href":"https:\/\/revistaepocadigital.com.ar\/index.php?rest_route=\/wp\/v2\/posts\/3297","targetHints":{"allow":["GET"]}}],"collection":[{"href":"https:\/\/revistaepocadigital.com.ar\/index.php?rest_route=\/wp\/v2\/posts"}],"about":[{"href":"https:\/\/revistaepocadigital.com.ar\/index.php?rest_route=\/wp\/v2\/types\/post"}],"author":[{"embeddable":true,"href":"https:\/\/revistaepocadigital.com.ar\/index.php?rest_route=\/wp\/v2\/users\/4"}],"replies":[{"embeddable":true,"href":"https:\/\/revistaepocadigital.com.ar\/index.php?rest_route=%2Fwp%2Fv2%2Fcomments&post=3297"}],"version-history":[{"count":0,"href":"https:\/\/revistaepocadigital.com.ar\/index.php?rest_route=\/wp\/v2\/posts\/3297\/revisions"}],"wp:featuredmedia":[{"embeddable":true,"href":"https:\/\/revistaepocadigital.com.ar\/index.php?rest_route=\/wp\/v2\/media\/3329"}],"wp:attachment":[{"href":"https:\/\/revistaepocadigital.com.ar\/index.php?rest_route=%2Fwp%2Fv2%2Fmedia&parent=3297"}],"wp:term":[{"taxonomy":"category","embeddable":true,"href":"https:\/\/revistaepocadigital.com.ar\/index.php?rest_route=%2Fwp%2Fv2%2Fcategories&post=3297"},{"taxonomy":"post_tag","embeddable":true,"href":"https:\/\/revistaepocadigital.com.ar\/index.php?rest_route=%2Fwp%2Fv2%2Ftags&post=3297"}],"curies":[{"name":"wp","href":"https:\/\/api.w.org\/{rel}","templated":true}]}}