{"id":33206,"date":"2026-04-28T08:41:47","date_gmt":"2026-04-28T11:41:47","guid":{"rendered":"https:\/\/revistaepocadigital.com.ar\/?p=33206"},"modified":"2026-04-28T08:41:47","modified_gmt":"2026-04-28T11:41:47","slug":"%f0%9f%a5%89-ornella-perez-medalla-de-bronce-en-panama","status":"publish","type":"post","link":"https:\/\/revistaepocadigital.com.ar\/?p=33206","title":{"rendered":"\ud83e\udd49 \u00a1ORNELLA PEREZ, MEDALLA DE BRONCE EN PANAM\u00c1!"},"content":{"rendered":"<p>Hubo que esperar hasta el \u00faltimo d\u00eda de los Juegos Suramericanos de la Juventud que se est\u00e1n desarrollando en Panam\u00e1 pero vaya que vali\u00f3 la pena.<\/p>\n<p>Bajo un sol abrasador en el estadio &#8220;Rommel Fern\u00e1ndez&#8221; y Centro de Alto Rendimiento &#8220;Luis Tejada Hansell&#8221;, la joven exaltacrucense Ornella Perez disfrut\u00f3 de otra jornada de gloria.<\/p>\n<p>Vestuda de celeste y blanco, la joven surgida de la Escuela Municipal de Atletismo se adjudic\u00f3 la medalla de bronce en la prueba de Lanzamiento de Bala. \u00a1Notable!.<\/p>\n<p>Ornella consigui\u00f3 su mejor marca personal al impulsar la bala a 15,03 metros y se subi\u00f3 al pelda\u00f1o m\u00e1s bajo del podio.<\/p>\n<p>La ganadora de la competencia fue la brasile\u00f1a Mar\u00eda Meier con un registro de 15,81 metros y la medalla de plata fue para la tambi\u00e9n brasile\u00f1a, Marya Miguel Da Silva, con 15,30 metros.<\/p>\n","protected":false},"excerpt":{"rendered":"<p>Hubo que esperar hasta el \u00faltimo d\u00eda de los Juegos Suramericanos de la Juventud que se est\u00e1n desarrollando en Panam\u00e1 pero vaya que vali\u00f3 la pena. Bajo un sol abrasador en el estadio &#8220;Rommel Fern\u00e1ndez&#8221; y Centro de Alto Rendimiento &#8220;Luis Tejada Hansell&#8221;, la joven exaltacrucense Ornella Perez disfrut\u00f3 de otra jornada de gloria. Vestuda [&hellip;]<\/p>\n","protected":false},"author":3,"featured_media":33207,"comment_status":"open","ping_status":"open","sticky":false,"template":"","format":"standard","meta":{"footnotes":"","jetpack_publicize_message":"","jetpack_publicize_feature_enabled":true,"jetpack_social_post_already_shared":true,"jetpack_social_options":{"image_generator_settings":{"template":"highway","default_image_id":0,"font":"","enabled":false},"version":2}},"categories":[4],"tags":[],"class_list":["post-33206","post","type-post","status-publish","format-standard","has-post-thumbnail","hentry","category-aqui-los-cardales"],"jetpack_publicize_connections":[],"jetpack_featured_media_url":"https:\/\/revistaepocadigital.com.ar\/wp-content\/uploads\/2026\/04\/ornala.jpg","jetpack_likes_enabled":true,"_links":{"self":[{"href":"https:\/\/revistaepocadigital.com.ar\/index.php?rest_route=\/wp\/v2\/posts\/33206","targetHints":{"allow":["GET"]}}],"collection":[{"href":"https:\/\/revistaepocadigital.com.ar\/index.php?rest_route=\/wp\/v2\/posts"}],"about":[{"href":"https:\/\/revistaepocadigital.com.ar\/index.php?rest_route=\/wp\/v2\/types\/post"}],"author":[{"embeddable":true,"href":"https:\/\/revistaepocadigital.com.ar\/index.php?rest_route=\/wp\/v2\/users\/3"}],"replies":[{"embeddable":true,"href":"https:\/\/revistaepocadigital.com.ar\/index.php?rest_route=%2Fwp%2Fv2%2Fcomments&post=33206"}],"version-history":[{"count":1,"href":"https:\/\/revistaepocadigital.com.ar\/index.php?rest_route=\/wp\/v2\/posts\/33206\/revisions"}],"predecessor-version":[{"id":33208,"href":"https:\/\/revistaepocadigital.com.ar\/index.php?rest_route=\/wp\/v2\/posts\/33206\/revisions\/33208"}],"wp:featuredmedia":[{"embeddable":true,"href":"https:\/\/revistaepocadigital.com.ar\/index.php?rest_route=\/wp\/v2\/media\/33207"}],"wp:attachment":[{"href":"https:\/\/revistaepocadigital.com.ar\/index.php?rest_route=%2Fwp%2Fv2%2Fmedia&parent=33206"}],"wp:term":[{"taxonomy":"category","embeddable":true,"href":"https:\/\/revistaepocadigital.com.ar\/index.php?rest_route=%2Fwp%2Fv2%2Fcategories&post=33206"},{"taxonomy":"post_tag","embeddable":true,"href":"https:\/\/revistaepocadigital.com.ar\/index.php?rest_route=%2Fwp%2Fv2%2Ftags&post=33206"}],"curies":[{"name":"wp","href":"https:\/\/api.w.org\/{rel}","templated":true}]}}