{"id":33211,"date":"2026-04-30T09:01:57","date_gmt":"2026-04-30T12:01:57","guid":{"rendered":"https:\/\/revistaepocadigital.com.ar\/?p=33211"},"modified":"2026-04-30T09:01:57","modified_gmt":"2026-04-30T12:01:57","slug":"operativos-documentarios-en-exaltacion-de-la-cruz","status":"publish","type":"post","link":"https:\/\/revistaepocadigital.com.ar\/?p=33211","title":{"rendered":"Operativos documentarios en Exaltaci\u00f3n de la Cruz"},"content":{"rendered":"<p>La pr\u00f3xima semana se realizar\u00e1n operativos documentarios en Los Cardales, Capilla del Se\u00f1or y Parada Robles.<\/p>\n<p><strong>\u2022 Lunes 4\/5 &#8211; Centro Cultural Cardales<\/strong><br \/>\n<strong>\u2022 Martes 5\/5 &#8211; Centro Cultural Cosmopolita, Capilla del Se\u00f1or<\/strong><br \/>\n<strong>\u2022 Mi\u00e9rcoles 6\/5 &#8211; Centro Cultural Parada Robles.<\/strong><\/p>\n<p>Podes realizar de forma gratuita los siguientes tr\u00e1mites:<br \/>\n\u2022 DNI<br \/>\n\u2022 Solicitar partidas<br \/>\n\u2022 Certificado de domicilio y extrav\u00edo<br \/>\n\u2022 Certificado de pre identificaci\u00f3n (cpi)<br \/>\n\u2022 Empadronamiento de personas extranjeras<br \/>\n\u2022 Iniciar tr\u00e1mite de cambio de g\u00e9nero<br \/>\n\u2022 Inicio de expediente de inscripci\u00f3n tard\u00eda.<\/p>\n<p><strong>Los operativos son por orden de llegada de 10 a 15 hs.<\/strong><br \/>\n<img loading=\"lazy\" decoding=\"async\" class=\"alignnone size-full\" src=\"https:\/\/revistaepocadigital.com.ar\/wp-content\/uploads\/2026\/04\/DNI.png\" width=\"800\" height=\"1005\" \/><br \/>\n<img loading=\"lazy\" decoding=\"async\" class=\"alignnone size-full\" src=\"https:\/\/revistaepocadigital.com.ar\/wp-content\/uploads\/2026\/04\/DNI2.png\" width=\"800\" height=\"1005\" \/><br \/>\n<img loading=\"lazy\" decoding=\"async\" class=\"alignnone size-full\" src=\"https:\/\/revistaepocadigital.com.ar\/wp-content\/uploads\/2026\/04\/DNI3.png\" width=\"800\" height=\"1005\" \/><\/p>\n","protected":false},"excerpt":{"rendered":"<p>La pr\u00f3xima semana se realizar\u00e1n operativos documentarios en Los Cardales, Capilla del Se\u00f1or y Parada Robles. \u2022 Lunes 4\/5 &#8211; Centro Cultural Cardales \u2022 Martes 5\/5 &#8211; Centro Cultural Cosmopolita, Capilla del Se\u00f1or \u2022 Mi\u00e9rcoles 6\/5 &#8211; Centro Cultural Parada Robles. Podes realizar de forma gratuita los siguientes tr\u00e1mites: \u2022 DNI \u2022 Solicitar partidas \u2022 [&hellip;]<\/p>\n","protected":false},"author":3,"featured_media":0,"comment_status":"open","ping_status":"open","sticky":false,"template":"","format":"standard","meta":{"footnotes":"","jetpack_publicize_message":"","jetpack_publicize_feature_enabled":true,"jetpack_social_post_already_shared":true,"jetpack_social_options":{"image_generator_settings":{"template":"highway","default_image_id":0,"font":"","enabled":false},"version":2}},"categories":[4,5],"tags":[],"class_list":["post-33211","post","type-post","status-publish","format-standard","hentry","category-aqui-los-cardales","category-aqui-parada-robles"],"jetpack_publicize_connections":[],"jetpack_featured_media_url":"","jetpack_likes_enabled":true,"_links":{"self":[{"href":"https:\/\/revistaepocadigital.com.ar\/index.php?rest_route=\/wp\/v2\/posts\/33211","targetHints":{"allow":["GET"]}}],"collection":[{"href":"https:\/\/revistaepocadigital.com.ar\/index.php?rest_route=\/wp\/v2\/posts"}],"about":[{"href":"https:\/\/revistaepocadigital.com.ar\/index.php?rest_route=\/wp\/v2\/types\/post"}],"author":[{"embeddable":true,"href":"https:\/\/revistaepocadigital.com.ar\/index.php?rest_route=\/wp\/v2\/users\/3"}],"replies":[{"embeddable":true,"href":"https:\/\/revistaepocadigital.com.ar\/index.php?rest_route=%2Fwp%2Fv2%2Fcomments&post=33211"}],"version-history":[{"count":1,"href":"https:\/\/revistaepocadigital.com.ar\/index.php?rest_route=\/wp\/v2\/posts\/33211\/revisions"}],"predecessor-version":[{"id":33215,"href":"https:\/\/revistaepocadigital.com.ar\/index.php?rest_route=\/wp\/v2\/posts\/33211\/revisions\/33215"}],"wp:attachment":[{"href":"https:\/\/revistaepocadigital.com.ar\/index.php?rest_route=%2Fwp%2Fv2%2Fmedia&parent=33211"}],"wp:term":[{"taxonomy":"category","embeddable":true,"href":"https:\/\/revistaepocadigital.com.ar\/index.php?rest_route=%2Fwp%2Fv2%2Fcategories&post=33211"},{"taxonomy":"post_tag","embeddable":true,"href":"https:\/\/revistaepocadigital.com.ar\/index.php?rest_route=%2Fwp%2Fv2%2Ftags&post=33211"}],"curies":[{"name":"wp","href":"https:\/\/api.w.org\/{rel}","templated":true}]}}