{"id":3341,"date":"2019-09-16T18:20:21","date_gmt":"2019-09-16T21:20:21","guid":{"rendered":"https:\/\/revistaepocadigital.com.ar\/?p=3341"},"modified":"2019-09-16T18:24:20","modified_gmt":"2019-09-16T21:24:20","slug":"el-raver-es-de-primera","status":"publish","type":"post","link":"https:\/\/revistaepocadigital.com.ar\/?p=3341","title":{"rendered":"\u00a1El Raver es de Primera!"},"content":{"rendered":"<p><strong>EN LA PROMOCI\u00d3N, VENCI\u00d3 A DEFENSORES UNIDOS DE Z\u00c1RATE Y LOGR\u00d3 EL ANHELADO ASCENSO EN BASQUET.<\/strong><!--more--><\/p>\n<p>El <strong>Club Ingeniero Raver de Los Cardales<\/strong> derrot\u00f3 en Z\u00e1rate a Defensores Unidos por 68 a 65 y Ascendi\u00f3 a primera divisi\u00f3n de la liga de basquet de Z\u00e1rate-Campana.<\/p>\n<figure id=\"attachment_3345\" aria-describedby=\"caption-attachment-3345\" style=\"width: 783px\" class=\"wp-caption aligncenter\"><img loading=\"lazy\" decoding=\"async\" class=\"size-full wp-image-3345\" src=\"https:\/\/revistaepocadigital.com.ar\/wp-content\/uploads\/2019\/09\/rav3.jpg\" alt=\"\" width=\"783\" height=\"551\" srcset=\"https:\/\/revistaepocadigital.com.ar\/wp-content\/uploads\/2019\/09\/rav3.jpg 783w, https:\/\/revistaepocadigital.com.ar\/wp-content\/uploads\/2019\/09\/rav3-300x211.jpg 300w, https:\/\/revistaepocadigital.com.ar\/wp-content\/uploads\/2019\/09\/rav3-768x540.jpg 768w, https:\/\/revistaepocadigital.com.ar\/wp-content\/uploads\/2019\/09\/rav3-100x70.jpg 100w, https:\/\/revistaepocadigital.com.ar\/wp-content\/uploads\/2019\/09\/rav3-200x140.jpg 200w, https:\/\/revistaepocadigital.com.ar\/wp-content\/uploads\/2019\/09\/rav3-696x490.jpg 696w, https:\/\/revistaepocadigital.com.ar\/wp-content\/uploads\/2019\/09\/rav3-597x420.jpg 597w\" sizes=\"auto, (max-width: 783px) 100vw, 783px\" \/><figcaption id=\"caption-attachment-3345\" class=\"wp-caption-text\">El saludo de los ganadores a los derrotados en el gran partido.<\/figcaption><\/figure>\n<p>En el desempate de la Promoci\u00f3n A-B del Torneo Oficial de B\u00e1squet ABZC 2019, ante un repleto <strong>Gimnasio &#8220;Carlos Baigros&#8221;<\/strong>, y en un desenlace dram\u00e1tico y de alto voltaje, Ingeniero Raver derrot\u00f3 en Z\u00e1rate a Defensores Unidos por un ag\u00f3nico 68 a 65 y ascendi\u00f3 a primera para la temporada 2020. Defensores Unidos por su parte, descendi\u00f3 a la B. En Defensores Unidos, no alcanz\u00f3 la enorme producci\u00f3n de Carlos Garin Palacios, m\u00e1ximo goleador de la noche con 41 unidades, ni los 10 de Juan Manuel Cuenca. La figura del encuentro, fue Ramos Chavez E. Ezequiel del Raver, con 18 unidades, aunque, tambi\u00e9n resultaron vitales las contribuciones de Dante Perez 12, Rodrigo Mat\u00edas Insaurralde 9 y reparti\u00e9ndose 8 c\/u Ivan Cerolini y Joaqu\u00edn Calvo.<\/p>\n<figure id=\"attachment_3346\" aria-describedby=\"caption-attachment-3346\" style=\"width: 960px\" class=\"wp-caption aligncenter\"><img loading=\"lazy\" decoding=\"async\" class=\"size-full wp-image-3346\" src=\"https:\/\/revistaepocadigital.com.ar\/wp-content\/uploads\/2019\/09\/rav1.jpg\" alt=\"\" width=\"960\" height=\"720\" srcset=\"https:\/\/revistaepocadigital.com.ar\/wp-content\/uploads\/2019\/09\/rav1.jpg 960w, https:\/\/revistaepocadigital.com.ar\/wp-content\/uploads\/2019\/09\/rav1-300x225.jpg 300w, https:\/\/revistaepocadigital.com.ar\/wp-content\/uploads\/2019\/09\/rav1-768x576.jpg 768w, https:\/\/revistaepocadigital.com.ar\/wp-content\/uploads\/2019\/09\/rav1-80x60.jpg 80w, https:\/\/revistaepocadigital.com.ar\/wp-content\/uploads\/2019\/09\/rav1-160x120.jpg 160w, https:\/\/revistaepocadigital.com.ar\/wp-content\/uploads\/2019\/09\/rav1-265x198.jpg 265w, https:\/\/revistaepocadigital.com.ar\/wp-content\/uploads\/2019\/09\/rav1-696x522.jpg 696w, https:\/\/revistaepocadigital.com.ar\/wp-content\/uploads\/2019\/09\/rav1-560x420.jpg 560w\" sizes=\"auto, (max-width: 960px) 100vw, 960px\" \/><figcaption id=\"caption-attachment-3346\" class=\"wp-caption-text\">Los aplausos de la hinchada, luego de la ag\u00f3nica victoria.<\/figcaption><\/figure>\n<p>Aunque no tuvo suerte en la definici\u00f3n del Cuadrangular Final Zona B ante Arenal, tras perder por 61 a 56, ahora, si pudo coronar con un <strong>broche de oro<\/strong> un proceso que lleva aproximadamente tan s\u00f3lo una d\u00e9cada, mientras que en CADU, se pas\u00f3 de un extremo a otro en un a\u00f1o; de resultar subcampe\u00f3n y quedar a 24 segundos de la gloria, se fue al descenso, algo que lamentablemente se ve\u00eda venir en el horizonte y tarde o temprano iba a suceder.<\/p>\n<figure id=\"attachment_3347\" aria-describedby=\"caption-attachment-3347\" style=\"width: 960px\" class=\"wp-caption aligncenter\"><img loading=\"lazy\" decoding=\"async\" class=\"size-full wp-image-3347\" src=\"https:\/\/revistaepocadigital.com.ar\/wp-content\/uploads\/2019\/09\/rav2.jpg\" alt=\"\" width=\"960\" height=\"720\" srcset=\"https:\/\/revistaepocadigital.com.ar\/wp-content\/uploads\/2019\/09\/rav2.jpg 960w, https:\/\/revistaepocadigital.com.ar\/wp-content\/uploads\/2019\/09\/rav2-300x225.jpg 300w, https:\/\/revistaepocadigital.com.ar\/wp-content\/uploads\/2019\/09\/rav2-768x576.jpg 768w, https:\/\/revistaepocadigital.com.ar\/wp-content\/uploads\/2019\/09\/rav2-80x60.jpg 80w, https:\/\/revistaepocadigital.com.ar\/wp-content\/uploads\/2019\/09\/rav2-160x120.jpg 160w, https:\/\/revistaepocadigital.com.ar\/wp-content\/uploads\/2019\/09\/rav2-265x198.jpg 265w, https:\/\/revistaepocadigital.com.ar\/wp-content\/uploads\/2019\/09\/rav2-696x522.jpg 696w, https:\/\/revistaepocadigital.com.ar\/wp-content\/uploads\/2019\/09\/rav2-560x420.jpg 560w\" sizes=\"auto, (max-width: 960px) 100vw, 960px\" \/><figcaption id=\"caption-attachment-3347\" class=\"wp-caption-text\">A pura emoci\u00f3n, despu\u00e9s del partido.<\/figcaption><\/figure>\n<p>Ac\u00e1 la s\u00edntesis.<\/p>\n<p>DEFENSORES UNIDOS (Z\u00c1RATE)(65)\/1\\: Guido Tedesco 7, Carlos Garin Palacios 41, Juan Manuel Cuenca 10, Lautaro Burgue\u00f1o 3 y Bruno Girardi 2 (FI). Nahuel Arana 0 y Emiliano Cimenti 2. Entrenador: Juan Francisco Negro.<\/p>\n<p>INGENIERO RAVER (LOS CARDALES)(68)\/2\\*: Ezequiel Ramos Ch\u00e1vez 18, Ivan Cerolini 8, Rodrigo Insaurralde 9, Juan Venturino 6 y Matias Pacheco 7 (FI). Joaqu\u00edn Calvo 8 y Dante P\u00e9rez 12. Entrenador: Marcelo Policastro.<\/p>\n<p>Parciales: 15-20, 11-20, 24-14 y 15-14.<br \/>\nGoleadores: Carlos Garin Palacios (Defensores Unidos) con 41 unidades y Ezequiel Ramos Ch\u00e1vez (Ingeniero Raver) con 18 unidades.<br \/>\n\u00c1rbitros: Ezequiel De La Pe\u00f1a, Sergio Veron y Joaqu\u00edn Albertinsky.<br \/>\nGimnasio: &#8220;Carlos Baigros&#8221; (Defensores Unidos Z\u00e1rate).<br \/>\nSerie: Defensores Unidos (Z\u00e1rate) 1-Ingeniero Raver (Los Cardales) 2*.<br \/>\n* INGENIERO RAVER (LOS CARDALES) ASCENDI\u00d3 A LA 1RA DIVISI\u00d3N.<br \/>\n*DEFENSORES UNIDOS (Z\u00c1RATE) DESCENDI\u00d3 A LA B.<\/p>\n<p>&nbsp;<\/p>\n<p>Informe y fotos:<strong> Mat\u00edas Adri\u00e1n Bravo.<\/strong><\/p>\n","protected":false},"excerpt":{"rendered":"<p>EN LA PROMOCI\u00d3N, VENCI\u00d3 A DEFENSORES UNIDOS DE Z\u00c1RATE Y LOGR\u00d3 EL ANHELADO ASCENSO EN BASQUET.<\/p>\n","protected":false},"author":3,"featured_media":3349,"comment_status":"open","ping_status":"open","sticky":false,"template":"","format":"standard","meta":{"footnotes":"","jetpack_publicize_message":"","jetpack_publicize_feature_enabled":true,"jetpack_social_post_already_shared":false,"jetpack_social_options":{"image_generator_settings":{"template":"highway","default_image_id":0,"font":"","enabled":false},"version":2}},"categories":[4],"tags":[102,481],"class_list":["post-3341","post","type-post","status-publish","format-standard","has-post-thumbnail","hentry","category-aqui-los-cardales","tag-basquet","tag-raver-campeon"],"jetpack_publicize_connections":[],"jetpack_featured_media_url":"https:\/\/revistaepocadigital.com.ar\/wp-content\/uploads\/2019\/09\/raver-camp19.jpg","jetpack_likes_enabled":true,"_links":{"self":[{"href":"https:\/\/revistaepocadigital.com.ar\/index.php?rest_route=\/wp\/v2\/posts\/3341","targetHints":{"allow":["GET"]}}],"collection":[{"href":"https:\/\/revistaepocadigital.com.ar\/index.php?rest_route=\/wp\/v2\/posts"}],"about":[{"href":"https:\/\/revistaepocadigital.com.ar\/index.php?rest_route=\/wp\/v2\/types\/post"}],"author":[{"embeddable":true,"href":"https:\/\/revistaepocadigital.com.ar\/index.php?rest_route=\/wp\/v2\/users\/3"}],"replies":[{"embeddable":true,"href":"https:\/\/revistaepocadigital.com.ar\/index.php?rest_route=%2Fwp%2Fv2%2Fcomments&post=3341"}],"version-history":[{"count":0,"href":"https:\/\/revistaepocadigital.com.ar\/index.php?rest_route=\/wp\/v2\/posts\/3341\/revisions"}],"wp:featuredmedia":[{"embeddable":true,"href":"https:\/\/revistaepocadigital.com.ar\/index.php?rest_route=\/wp\/v2\/media\/3349"}],"wp:attachment":[{"href":"https:\/\/revistaepocadigital.com.ar\/index.php?rest_route=%2Fwp%2Fv2%2Fmedia&parent=3341"}],"wp:term":[{"taxonomy":"category","embeddable":true,"href":"https:\/\/revistaepocadigital.com.ar\/index.php?rest_route=%2Fwp%2Fv2%2Fcategories&post=3341"},{"taxonomy":"post_tag","embeddable":true,"href":"https:\/\/revistaepocadigital.com.ar\/index.php?rest_route=%2Fwp%2Fv2%2Ftags&post=3341"}],"curies":[{"name":"wp","href":"https:\/\/api.w.org\/{rel}","templated":true}]}}