{"id":3375,"date":"2019-09-20T00:37:19","date_gmt":"2019-09-20T03:37:19","guid":{"rendered":"https:\/\/revistaepocadigital.com.ar\/?p=3375"},"modified":"2019-09-20T00:37:34","modified_gmt":"2019-09-20T03:37:34","slug":"diego-nanni-enfocado-a-octubre-las-diferencias-se-extenderan-a-favor-nuestro","status":"publish","type":"post","link":"https:\/\/revistaepocadigital.com.ar\/?p=3375","title":{"rendered":"DIEGO NANNI,  ENFOCADO A OCTUBRE:   &#8220;Las diferencias se extender\u00e1n a favor nuestro&#8221;"},"content":{"rendered":"<p><strong>DESPU\u00c9S DE GANAR LAS PASO, EN PLENA CAMPA\u00d1A. EL CANDIDATO A INTENDENTE POR EL FRENTE DE TODOS.<\/strong><!--more--><\/p>\n<p>Los argentinos afrontamos el compromiso electoral de octubre en un contexto complejo por cierto.<\/p>\n<p>EPOCA convers\u00f3 con Diego Nanni, oficializado como candidato a intendente de Exaltaci\u00f3n de la Cruz por el Frente de Todos, luego de las internas en las que super\u00f3 a las vertientes internas encabezadas por Luciano Ferreyra y Horacio Errazu.<\/p>\n<p>Ac\u00e1 definiciones de Nanni.<\/p>\n<p>LA VICTORIA, LA DIFERENCIA.&#8221;Esperabamos ganar la interna claro, y lo hicimos por mucha diferencia, m\u00e1s all\u00e1 que en alg\u00fan momento pensamos que pod\u00eda ser menor. Haber obtenido 1643 votos m\u00e1s que el Juntos por el Cambio, nos dej\u00f3 ante nosotros, un panorama m\u00e1s que auspicioso para las elecciones de octubre. Y por sobre lo que hayan dicho o puedan decir las encuestas, estamos convencidos que ampliaremos esa ventaja en octubre&#8221;.<\/p>\n<p>LOS CORTES DE BOLETA. &#8220;S\u00ed, hubo mucho cortes de boletas, m\u00e1s de 1700 vecinos no votaron a Mauricio Macri y localmente a Ra\u00fal Sancho (Juntos por el Cambio), y lo hicieron por Alberto Fern\u00e1ndez-Cristina Fern\u00e1ndez. Por eso, insisto, en octubre podremos llegar a obtener el 70% de los votos&#8221;.<\/p>\n<p>LAS NEGOCIACIONES CON LOS OTROS SECTORES INTERNOS DEL FRENTE DE TODOS. Le pregunt\u00f3 EPOCA a Nanni, si exist\u00edan conversaciones con las l\u00edneas lideradas por Luciano Ferreyra y Horacio Errazu, a modo de conformar la lista definitiva que encabezar\u00e1 como candidato . Y esto respondi\u00f3: &#8220;As\u00ed, en los ultimos dias hemos estado manteniendo contactos charlas con el objetivo de alcanzar los consensos que estimo, ser\u00e1n beneficiosos para nuestra propuesta al pueblo de Exaltacion de la Cruz. Existen criterios dispares respecto al tema, podria decir, pero confio en que coincidiremos. La linea encabezada por Ferreyra nos plante\u00f3 que deb\u00edamos &#8220;abrir&#8221; nuestra lista de candidatos original que llevamos a las PASO, para insertar candidatos de su linea. Ahora bien, yo estoy convencido que hay que ce\u00f1irse a lo que fijan las normas, y estas indican que en el caso de la linea mencionada, les corresponde sumarse con un candidato que debe ocupar el 5to lugar, y debemos cumplir con las pautas fijadas. Debi\u00f3 haber sido el 4\u00ba lugar, pero lo debe ocupar una mujer&#8221;.<br \/>\nAgreg\u00f3 despu\u00e9s Nanni: &#8220;Yo me pregunto en este sentido, \u00bfcomo tomar\u00eda un candidato que nos ha acompa\u00f1ado en nuestra lista, que ha trabajado con mucho esfuerzo, para que lograramos tan importante triunfo en las PASO, si se viera desplazado por un candidato de otra de las lineas internas del Frente de Todos?. No ser\u00eda justo, por eso insisto, hay que contemplar lo que fijan las normas. No es nuestra intenci\u00f3n &#8220;abrir&#8221; la lista, eso s\u00ed cumplir con lo fijado como corresponde. Si as\u00ed no se diera, planteariamos un antecedente a futuro que no resultar\u00eda beneficioso.<br \/>\n&#8220;Entiendo -apunt\u00f3- que las internas son ordenadoras y constituyen la herramiento para que queden conformadas las listas para las elecciones generales. Con respecto a este tema, puedo decir que hemos venido negociando con las distintas agrupaciones desde diciembre del a\u00f1o paso, al momento (cierre de esta edici\u00f3n), no hemos logrado sentar a la mesa a la gente de Luciano Ferreyra, m\u00e1s all\u00e1 que interpreto que negociaciones de este tipo, deber\u00edan haberse dado antes de las PASO y no despu\u00e9s y con los resultados conocidos&#8221;.<\/p>\n<p><strong><img loading=\"lazy\" decoding=\"async\" class=\"aligncenter size-full wp-image-3378\" src=\"https:\/\/revistaepocadigital.com.ar\/wp-content\/uploads\/2019\/09\/nanni1.jpg\" alt=\"\" width=\"640\" height=\"480\" srcset=\"https:\/\/revistaepocadigital.com.ar\/wp-content\/uploads\/2019\/09\/nanni1.jpg 640w, https:\/\/revistaepocadigital.com.ar\/wp-content\/uploads\/2019\/09\/nanni1-300x225.jpg 300w, https:\/\/revistaepocadigital.com.ar\/wp-content\/uploads\/2019\/09\/nanni1-80x60.jpg 80w, https:\/\/revistaepocadigital.com.ar\/wp-content\/uploads\/2019\/09\/nanni1-160x120.jpg 160w, https:\/\/revistaepocadigital.com.ar\/wp-content\/uploads\/2019\/09\/nanni1-265x198.jpg 265w, https:\/\/revistaepocadigital.com.ar\/wp-content\/uploads\/2019\/09\/nanni1-560x420.jpg 560w\" sizes=\"auto, (max-width: 640px) 100vw, 640px\" \/><\/strong><\/p>\n<p>LA PROPUESTA INCLUYE A TODOS. Lo asegur\u00f3 Nanni, y en tal sentido ampli\u00f3: &#8220;Y no s\u00f3lo a aquellos de nuestra l\u00ednea pol\u00edtica, tambi\u00e9n a radicales y de otras fuerzas, como el caso de Luis Mariano Mart\u00edn que ha estado trabajando con nosotros, y tambien vale mencionar a un radical, Hugo Gigena y a Alejandro Marcus quien fue candidato a senador por el partido de Espert. Como ellos, ex-concejales, ex-candidatdos, politicos, todos pueden aportar lo suyo pero desde ya, de la gesti\u00f3n y de las decisiones me ocupar\u00e9 yo. \u00bfSi est\u00e1 previsto que alguno de los mencionados, pueden ejercer alg\u00fan rol en mi gobierno municipal; s\u00f3lo Luisma es considerado para la pr\u00f3xima administraci\u00f3n&#8221;.<\/p>\n<p>LOS RESULTADOS Y CHANCES DE RA\u00daL SANCHO: &#8220;No creo que Sancho pese a lo que pueda estar intentando, vaya a lograr una mayor cantidad de votos con respecto a las PASO. Al contrario, estimo que las diferencias se extender\u00e1n a favor nuestro. A Sancho por otro lado, no lo favorece el contexto actual; todos sabemos los momentos cr\u00edticos que atraviesa el pais con el gobierno de Mauricio Macri en la presidencia y (Mar\u00eda Eugenia) Vidal en la provincia. Lo que si aguardamos es que conduzcan el pa\u00eds y la provincia en el tiempo restante, de la manera mas responasable para no perjudicar m\u00e1s a la poblaci\u00f3n&#8221;.<br \/>\n&#8220;Acerca de los resultados obtenidos por el en las urnas, agrego que se debi\u00f3 a una mala propuesta y eso nos favoreci\u00f3 a nosotros. Fue funcionario del actual gobierno de Vidal en el ministerio de seguridad, y no aport\u00f3 nada para Exaltaci\u00f3n de la Cruz. Al contrario se ha ocupado de poner palos en la rueda en forma permanente, de plantear chicanas, hacer campa\u00f1as en facebook y otras redes donde siempre ha estado muy activo con cr\u00edticas pero nada m\u00e1s&#8221;. &#8220;En definitiva -acot\u00f3 Nanni- ha estado alejado de la gente, que necesita otras cosas para cubrir sus problemas y mejorar la calidad de vida&#8221;.<\/p>\n<p>DIF\u00cdCILES, LOS TIEMPOS QUE VENDR\u00c1N, UN BONO. &#8220;Desde ya -consider\u00f3 Nanni- los primeros tiempos del nuevo gobierno de Alberto Fern\u00e1ndez y Cristina Fern\u00e1ndez al frente del pa\u00eds, de Axel Kichilof en la provincia de Buenos Aires, y en nuestro caso en el municipio, ser\u00e1n arduos, dificiles. Trataremos de estar a\u00fan m\u00e1s cerca de la gente, tenemos previsto otorgar un bono a los empleados muncipales para intentar paliar la situaci\u00f3n: bono que no ofrece el gobienro provincial&#8221;.<\/p>\n<p>LOS PROBLEMAS. &#8220;En diciembre de este a\u00f1o no se terminan los problemas. Pero eso s\u00ed, existir\u00e1 una fuerza con decisi\u00f3n y ganas para revertir el presente. Ya veremos que en 6 meses o un a\u00f1o, las cosas comenzar\u00e1n a encarrilarse, habr\u00e1 que esperar esos resultados. Nos ocuparemos de atender mejor a nuestros vecinos de Exaltaci\u00f3n de la Cruz, a los abuelos, hay que poner m\u00e1s plata en los bolsillos a la gente, para que pueda cubrir sus necesidades, y sin dudas continuar esforz\u00e1ndonos y volcar ideas para generar mayor cantidad de puestos de trabajo&#8221;.<br \/>\n&#8220;El contexto dem\u00e1s est\u00e1 decirlo, es muy complicado; si bien la gente nos ha respaldado y volver\u00e1 a hacerlo porque reconoce a una gesti\u00f3n de muchos a\u00f1os en el municipio. Lo que arrojaron las urnas en Exaltaci\u00f3n de la Cruz, fue una demostraci\u00f3n que los vecinos votan por la gesti\u00f3n y no por la coyuntura&#8221;.<\/p>\n<p>PRIORIDADES: &#8220;Iremos avanzando en temas de suma impoprtancia, desde ya, entre nuestras prioridades, la salud p\u00fablica, las viviendas, los peajes, las tarifas, lo atinente a IOMA y PAMI, evitando que no se siga mezclando todo. Acerca de la necesidad de hacer m\u00e1s viviendas, algo que hace mucho no ocurre, desde ya evitaremos que los beneficiarios provengan de otros lugares; est\u00e1 estipulaod que deben contar al menos con 10 a\u00f1os de residencia en el distrito. En cuanto a planes sociales y asignaciones, se deben aplicar en forma ordenada y prolija, en el caso de construcci\u00f3n de viviendas, no tiene sentido en todo caso entregar dinero, es m\u00e1s importante ofrecer materiales&#8221;.<br \/>\n&#8220;Desde ya existen carencias, pero yo soy optimista por naturaleza, siempre veo el vaso medio lleno, y con ese esp\u00edritu me desempe\u00f1ar\u00e9 como intendente, hay mucho por hacer, cloacas, caminos, seguir creciendo en materia de salud en el hosptial y los CAPs. En el hospital nom\u00e1s se han atendido a unas 10 mil personas por a\u00f1o. Adem\u00e1s incrementar la seguridad, impulsar m\u00e1s los tres parques industriales con los que cuenta Exaltaci\u00f3n de la Cruz, el de la ruta 6, el de Cardales y el Ecol\u00f3gico ubicado en Parada Robles tan importante sin dudas, y a futuro a unos 10 a\u00f1os pensar en contar con un polo tecnol\u00f3gico y, atenci\u00f3n, desde ya valorar lo que se hizo hasta ahora&#8221;.<br \/>\n&#8220;Trabajaremos en definitiva por un municipio m\u00e1s amigable con la gentee, desde lo administrativo apuntando a simnplificar tr\u00e1mites y gestiones, hasta proyectos para la poblaci\u00f3n. Hay que ser mas incisivos ante muchas cosas importantes que afrontaremos, para servir a la gente, y en este sentido vamos a seguir estando en las calles junto a los vecinos&#8221;.<\/p>\n<p>LOS SECTORES QUE LO ACOMPA\u00d1AN<\/p>\n<p>A su candidatura Nanni, sum\u00f3 el apoyo de sectores justicialistas, otros partidos, movimientos sociales, algunos hasta dis\u00edmiles pol\u00edtica e ideol\u00f3gicamene. EPOCA le consult\u00f3 acerca de si accediera a la intendencia, pueda darse que a medida que transcurra el tiempo puedan aparecer diferencias y abrirse por ende debates internos. &#8220;No, no; nosotros contamos en nuestras filas a gente del Frente Renovador, del radicalismo y Defensa Comunal. Estoy convencido que comunic\u00e1ndonos en forma permanente, dialogando, se evitar\u00e1n ese tipo de situaciones; se precisa muy buena convivencia y desde ya habr\u00e1 que estar atento para que as\u00ed suceda. No habr\u00e1 problemas de convivencia entre los distintos sectores, necesario mucho consenso y madurez para llevar adelane un plan de gobierno con todos&#8221;.<\/p>\n<p>LAS DECISIONES SI RESULTARA ELEGIDO INTENDENTE: Enfatiz\u00f3 Nanni, &#8220;sin dudas, yo tomar\u00e9 la decisiones, si bien escuchar\u00e9 a la gente que me acompa\u00f1e en la gesti\u00f3n&#8221;.<\/p>\n<p>RICARDO BOZZANI, REFERENTE: Al ex intendente siempre se lo ubicado como el referente obligado en el oficialismo, y a\u00fan con poder de decisi\u00f3n en el manejo del municipio. \u00bfCu\u00e1l es la visi\u00f3n de Nanni?: &#8220;Sin dudas no se puede negar la gran experiencia que tiene Ricardo Bozzani y sus deseos de colaborar. Puedo conversar con el como lo hice tantas veces, pero las decisiones seran mias. Insisto puedO charlar con el, pero yo tengo mis puntos de vista y apuesto a una propuesta de apertura con consenso. Nadie puede negar de la importancai de Ricardo en la politica local y en la gesti\u00f3n municipal en su momento, pero en mi caso no le doy un lugar m\u00e1s especial que a otra gente<br \/>\n. Reitero, hay que valorar su capacidad y experiencia y tenerla en cuenta, pero hay que seguir trabajando a futuro con nuestras estrategias&#8221;.<br \/>\n&#8220;No se puede -sostuvo- culpar a Bozzani por esa sensaci\u00f3n instalda en muchos vecinos exaltacruce\u00f1os, quienes piensan que las decisiones siguen pasando por el; no para nada, en tal caso si as\u00ed hubiera ocurrido habria que mirar a los intendentes anteriores que pudieron actuar de esa forma en sus gestiones&#8221;.<\/p>\n<p>.<\/p>\n","protected":false},"excerpt":{"rendered":"<p>DESPU\u00c9S DE GANAR LAS PASO, EN PLENA CAMPA\u00d1A. EL CANDIDATO A INTENDENTE POR EL FRENTE DE TODOS.<\/p>\n","protected":false},"author":4,"featured_media":3377,"comment_status":"open","ping_status":"open","sticky":false,"template":"","format":"standard","meta":{"footnotes":"","jetpack_publicize_message":"","jetpack_publicize_feature_enabled":true,"jetpack_social_post_already_shared":false,"jetpack_social_options":{"image_generator_settings":{"template":"highway","default_image_id":0,"font":"","enabled":false},"version":2}},"categories":[17],"tags":[43,66],"class_list":["post-3375","post","type-post","status-publish","format-standard","has-post-thumbnail","hentry","category-politica","tag-elecciones","tag-nanni"],"jetpack_publicize_connections":[],"jetpack_featured_media_url":"https:\/\/revistaepocadigital.com.ar\/wp-content\/uploads\/2019\/09\/nanni-ping-pong19-1.jpg","jetpack_likes_enabled":true,"_links":{"self":[{"href":"https:\/\/revistaepocadigital.com.ar\/index.php?rest_route=\/wp\/v2\/posts\/3375","targetHints":{"allow":["GET"]}}],"collection":[{"href":"https:\/\/revistaepocadigital.com.ar\/index.php?rest_route=\/wp\/v2\/posts"}],"about":[{"href":"https:\/\/revistaepocadigital.com.ar\/index.php?rest_route=\/wp\/v2\/types\/post"}],"author":[{"embeddable":true,"href":"https:\/\/revistaepocadigital.com.ar\/index.php?rest_route=\/wp\/v2\/users\/4"}],"replies":[{"embeddable":true,"href":"https:\/\/revistaepocadigital.com.ar\/index.php?rest_route=%2Fwp%2Fv2%2Fcomments&post=3375"}],"version-history":[{"count":0,"href":"https:\/\/revistaepocadigital.com.ar\/index.php?rest_route=\/wp\/v2\/posts\/3375\/revisions"}],"wp:featuredmedia":[{"embeddable":true,"href":"https:\/\/revistaepocadigital.com.ar\/index.php?rest_route=\/wp\/v2\/media\/3377"}],"wp:attachment":[{"href":"https:\/\/revistaepocadigital.com.ar\/index.php?rest_route=%2Fwp%2Fv2%2Fmedia&parent=3375"}],"wp:term":[{"taxonomy":"category","embeddable":true,"href":"https:\/\/revistaepocadigital.com.ar\/index.php?rest_route=%2Fwp%2Fv2%2Fcategories&post=3375"},{"taxonomy":"post_tag","embeddable":true,"href":"https:\/\/revistaepocadigital.com.ar\/index.php?rest_route=%2Fwp%2Fv2%2Ftags&post=3375"}],"curies":[{"name":"wp","href":"https:\/\/api.w.org\/{rel}","templated":true}]}}