{"id":3381,"date":"2019-09-20T00:52:24","date_gmt":"2019-09-20T03:52:24","guid":{"rendered":"https:\/\/revistaepocadigital.com.ar\/?p=3381"},"modified":"2019-09-20T00:56:47","modified_gmt":"2019-09-20T03:56:47","slug":"raul-sancho-confia-en-revertir-el-resultado-de-las-paso","status":"publish","type":"post","link":"https:\/\/revistaepocadigital.com.ar\/?p=3381","title":{"rendered":"RAUL SANCHO, CONF\u00cdA EN REVERTIR EL RESULTADO DE LAS PASO"},"content":{"rendered":"<p><em><strong>&#8220;EL OFICIALISMO TERMIN\u00d3 CAYENDO EN&#8230;<\/strong><\/em><!--more--><\/p>\n<p><em>el Frente de Todos, acordando con La C\u00e1mpora para ir con una boleta de arrastre nacional&#8221;<\/em>, ha sostenido Ra\u00fal Sancho, candidato a intendente de Exaltaci\u00f3n de la Cruz por Cambiemos.<\/p>\n<p><em>&#8220;Es tiempo de que se d\u00e9 un cambio que permita salirnos de una concepci\u00f3n del Estado Municipal, como un generador de negocios privados para sus funcionarios y sus amigos y pasar a un Estado transparente&#8221;<\/em>, ha afirmado.<\/p>\n<p>La campa\u00f1a electoral en nuestro distrito comenz\u00f3, las elecciones del mes que vienen marcan ahora s\u00ed, post-PASO, la gran instancia decisiva para establecer quien administrar\u00e1 Exaltaci\u00f3n de la Cruz por los pr\u00f3ximos cuatro a\u00f1os. <strong>Ra\u00fal Sancho<\/strong>, l\u00edder de Cambiemos, afronta la crucial pulseada en las urnas y con una motivaci\u00f3n extra como significa la de haber sido padre por primera hace poco.<\/p>\n<p>-\u00bfA que conclusiones lleg\u00f3 luego del resultado electoral en las PASO en Exaltaci\u00f3n de la Cruz?; los numeros alcanzados a que lectura los ha llevado puertas adentro?<br \/>\n<em>-Ha resultado dif\u00edcil entender o analizar los resultados locales, sin tener presente el panorama nacional. A pesar de ello, de esa elecci\u00f3n inesperada y el arrastre que fue su consecuencia, nos encaminamos hacia octubre con el panorama que se dar\u00e1 una elecci\u00f3n pareja entre el oficialismo local y Cambiemos. Hay un oficialismo que desde la eleccion de 2011, no logra superar el 36% de los votos y esto, pese al arrastre del Frente de Todos, la estructura y la bochornosa cantidad de dinero que ha sido gastada en la campa\u00f1a.<\/em><br \/>\n<em>En lo que se ha referido al an\u00e1lisis hacia dentro de nuestro espacio, siempre tratamos de analizar todo desde una mirada constructiva, entendiendo que siempre hay que mejorar. Lo hemos hecho cuando sacamos 800 votos en 2013, y en 2017 cuando ganamos la eleccion. Nunca faltan aspectos para mejorar, y la \u00fanica manera de ir mejorando, es advirtiendo y trabajando sobre los errores o sobre esos aspectos que a\u00fan falta desarrollar.<\/em><br \/>\n<em>Hay un gran sector del electorado que no ha votado por ninguna de las listas que se presentar\u00e1n en octubre, y es a quienes intentaremos llegar en estos meses. El camino, creo que son las propuestas y los proyectos, que tenemos pensados para Exaltaci\u00f3n, ah\u00ed vamos a coincidir en muchas cosas incluso con quienes no han votado a Cambiemos a nivel nacional.<\/em><\/p>\n<p>-Sobre el resultado impactante de las PASO a nivel provincial y nacional, \u00bfa que lo atribuy\u00f3 y cree que se puede revertir en las elecciones de octubre, en tal caso como?<br \/>\n<em>-Ha sido claramente consecuencia de la situaci\u00f3n econ\u00f3mica. Hay un sector de la sociedad que ha votado a Cambiemos en 2015 porque no la estaba pasando bien, que sostuvo en 2017 y que decidi\u00f3 votar otra cosa en agosto pasado, porque vio desmejorada su situaci\u00f3n econ\u00f3mica familiar. Creo que ese sector se ha sentido sin alternativas frente a un gobierno que no ha sabido percibir su malestar.<\/em><br \/>\n<em>El voto hay que analizarlo siempre como lo que es, la decisi\u00f3n del pueblo que es soberano, hay que saber entender el mensaje de las urnas para poder cambiar lo qu\u00e9 hay que cambiar, para lograr que ese mismo electorado vuelva a confiar en que la Argentina puede sostener un camino de crecimiento, alejada de todo lo mal que nos ha hecho el populismo, pero sin afectar a la clase media.<\/em><br \/>\n<em>Creo que hay posibilidades de revertir la eleccion en tanto el gobierno de se\u00f1ales de que ha entendido el mensaje y hay tomado las medidas que esos votantes est\u00e1n pidiendo. Creo que las medidas adoptadas son positivas, la del IVA en los alimentos es un reclamo de much\u00edsimos a\u00f1os y que nadie se anim\u00f3 a tomar. De la misma forma considero que a\u00fan resta hacer pie en el sector de los jubilados, en las cargas sociales que son muchas veces impuestos que atentan contra la generaci\u00f3n de empleo, y sobretodo falta plantear las medidas m\u00e1s all\u00e1 de diciembre, para que medidas que son muy positivas no parezcan s\u00f3lo electorales.<\/em><br \/>\n<em>De la misma forma entiendo debemos exigir c\u00f3mo ciudadanos que los candidatos expliquen lo que van a hacer en su posible gobierno. En todos los niveles la discusi\u00f3n parece pasar m\u00e1s por lo de emocional que por lo propositivo. El resultado es que existen dos candidatos como Alberto Fern\u00e1ndez y Axel Kicillof que han conseguido casi el 50% del electorado, y a\u00fan no han hablado explicando una sola medida a futuro.<\/em><br \/>\n<em>En el caso de la provincia creo que Vidal pag\u00f3el costo del arrastre nacional, es una l\u00e1stima realmente que est\u00e9 en dudas la posibilidad de un segundo mandato suyo en la provincia, despu\u00e9s de todo lo que ha hecho. Los avances que ha tenido la provincia no se han visto con ning\u00fan otro gobernador, antes siempre se ha usado a la provincia como trampol\u00edn para llegar a la presidencia, dejando como saldo unas gestiones terror\u00edficas que nos han hundido. La lucha que ha llevado adelante Vidal contra las mafias (narcotr\u00e1fico, corrupci\u00f3n, en la polic\u00eda, la Justicia o los sindicatos) no tiene antecedentes. Retroceder en todos esos aspectos ser\u00eda grav\u00edsimo.<\/em><\/p>\n<figure id=\"attachment_3385\" aria-describedby=\"caption-attachment-3385\" style=\"width: 960px\" class=\"wp-caption aligncenter\"><img loading=\"lazy\" decoding=\"async\" class=\"size-full wp-image-3385\" src=\"https:\/\/revistaepocadigital.com.ar\/wp-content\/uploads\/2019\/09\/sancho-esc-4-robl3w.jpg\" alt=\"\" width=\"960\" height=\"720\" srcset=\"https:\/\/revistaepocadigital.com.ar\/wp-content\/uploads\/2019\/09\/sancho-esc-4-robl3w.jpg 960w, https:\/\/revistaepocadigital.com.ar\/wp-content\/uploads\/2019\/09\/sancho-esc-4-robl3w-300x225.jpg 300w, https:\/\/revistaepocadigital.com.ar\/wp-content\/uploads\/2019\/09\/sancho-esc-4-robl3w-768x576.jpg 768w, https:\/\/revistaepocadigital.com.ar\/wp-content\/uploads\/2019\/09\/sancho-esc-4-robl3w-80x60.jpg 80w, https:\/\/revistaepocadigital.com.ar\/wp-content\/uploads\/2019\/09\/sancho-esc-4-robl3w-160x120.jpg 160w, https:\/\/revistaepocadigital.com.ar\/wp-content\/uploads\/2019\/09\/sancho-esc-4-robl3w-265x198.jpg 265w, https:\/\/revistaepocadigital.com.ar\/wp-content\/uploads\/2019\/09\/sancho-esc-4-robl3w-696x522.jpg 696w, https:\/\/revistaepocadigital.com.ar\/wp-content\/uploads\/2019\/09\/sancho-esc-4-robl3w-560x420.jpg 560w\" sizes=\"auto, (max-width: 960px) 100vw, 960px\" \/><figcaption id=\"caption-attachment-3385\" class=\"wp-caption-text\">Sancho en la Escuela 4 de Parada Robles.<\/figcaption><\/figure>\n<p>-\u00bfEn que se est\u00e1n centrando en funci\u00f3n de la campa\u00f1a electoral para octubre?<br \/>\n<em>-En las propuestas de gesti\u00f3n. Hay muchas cosas que tenemos pensadas y proyectadas para Exaltaci\u00f3n de la Cruz, y queremos que sean el centro de la discusi\u00f3n de la campa\u00f1a en marcha. Es desde las propuestas que lograremos llegar a los votantes de otros espacios.<\/em><br \/>\n<em>Queremos hacer la ruta que conecta Capilla del Se\u00f1or con Cardales, una deuda hist\u00f3rica de la gesti\u00f3n actual, y que es sumamente necesaria para alimentar la relaci\u00f3n entre las localidades m\u00e1s grandes del partido. Queremos hacer hincapi\u00e9 fuerte en los servicios; los niveles de agua, cloacas, asfalto o gas natural son de los m\u00e1s bajos en la region, estando en el mismo que se da en zonas desatendidas del conurbano. El 50% de los vecinos no tiene agua ni cloacas, y un 70% no cuenta con gas de red. Son aspectos donde debemos mejorar mucho, no s\u00f3lo por una cuesti\u00f3n de calidad de vida, sino por un tema de salubridad. En muchos barrios se toma agua de pozo de napas contaminadas por los propios pozos negros.<\/em><br \/>\n<em>A su vez, pretendemos avanzar con la educaci\u00f3n terciaria y la universidad. Hemos logrado<\/em> la <em>instalaci\u00f3n de un terciario, que toda la vida dijeron que no era posible o viable. Hoy 120 jovenes tienen una perspectiva mejor de futuro gracias a eso, y apuntamos a que avance hasta tener la sede propia, como es sabido hoy es una extensi\u00f3n de Pilar, con m\u00e1s carreras y la universidad. Queremos que todo el Fondo Educativo llegue a las escuelas; entre 2018 y 2019 el municipio recibi\u00f3 de la Naci\u00f3n $50.000.000 para la educacion. Han sido m\u00e1s de $1.000.000 por escuela, y el 80% de eso se destina a otra cosa.<\/em><br \/>\n<em>Buscamos concretar un distrito donde el municipio asuma el compromiso de potenciar la generaci\u00f3n de empleo; en la actualidad la municipalida se ha vuelto el mayor empleador y en las peores condiciones, con la mitad de sus trabajadores en negro y con salarios b\u00e1sicos que en algunos casos no superan los $7.000. Es algo qu\u00e9 hay que regularizar, cumpliendo con las normas.<\/em><br \/>\n<em>Por otro lado, se debe reformar much\u00edsimo la seguridad, en un distrito en el que el propio crecimiento poblacional y la cercan\u00eda al conurbano lo hacen m\u00e1s vulnerable, donde no se monitorean ni siquiera las entradas a cada pueblo y donde por cuestiones pol\u00edticas se genera una gran tolerancia hacia los delincuentes.<\/em><br \/>\n<em>Otra de nuestras prioridades es proponer un giro fuerte en cuesti\u00f3n ambiental; Exaltaci\u00f3n de la Cruz es un gran ejemplo de todo lo que no hay que hacer para cuidar el ambiente. Padecemos un basural a cielo abierto prohibido por Ley, donde se entierran sin tratamiento o separaci\u00f3n alguna 40 toneladas diarias de basura. De los mas de 40 a\u00f1os de vida del basural, el oficialismo ha gobernado 28 y nunca ha propuesto nada para resolver el tema que sigue causando un da\u00f1o irreparable, y pone en riesgo la salud y el futuro de nuestro pueblo.<\/em><br \/>\n<em>En definitiva, es en el an\u00e1lisis de la situaci\u00f3n que dejan 28 a\u00f1os de gesti\u00f3n de Defensa Comunal y en muchas de las propuestas que queremos llevar adelante, lo que nos va a permitir generar consensos a futuro con otros espacios y con sus electores para que pueda hacer un cambio en Exaltaci\u00f3n de la Cruz.<\/em><\/p>\n<p>-\u00bfQue errores cometieron en la campa\u00f1a para las PASO, Y en la transmisi\u00f3n de sus propuestas a la gente?<br \/>\n<em>-Creo que tanto lo nacional como la existencia de una interna fuerte en el Frente de Todos, dificult\u00f3 trasladar las propuestas desde un espacio que no tenia internas, y en una elecci\u00f3n donde el foco se puso en lo nacional. Es parte del desaf\u00edo hacia octubre, poder lograr una campa\u00f1a m\u00e1s local, para poner sobre la mesa los temas que s\u00ed podemos resolver nosotros en caso de ganar, y las propuestas para llevar adelante.<\/em><\/p>\n<p><em>&#8220;DE SEGUIR AS\u00cd<\/em> (EL OFICIALISMO) <em>NOS CONDUCIR\u00c1 A UN MODELO DE DISTRITO<\/em><br \/>\n<em>M\u00c1S DE CONURBANO, Y NO AL DEL PUEBLO QUE ESTAMOS ACOSTUMBRADOS&#8221;<\/em><\/p>\n<p>-El Frente de Todos con Nanni a la cabeza se impuso en las PASO, en funci\u00f3n de las elecciones del mes pr\u00f3ximo, a su caudal de votos deber\u00edan sumarse los recogidos por Luciano Ferreyra y Horacio Errazu. La pulseada en las urnas asoma complicada, \u00bfque piensa?<br \/>\n<em>-Entiendo que si algo nos han mostrado las distintas elecciones atravesadas, es que nadie es due\u00f1o de los votos. Cada ciudadano elige lo que cree que es mejor para el pais, la provincia y el municipio.<\/em><br \/>\n<em>Creo que quien vot\u00f3 tanto a Ferreyra como a Errazu en las PASO, tuvo sobre la mesa la posibilidad de votar a Nanni y por alg\u00fan motivo lo descart\u00f3. Creemos que ese elector mantiene una mirada cr\u00edtica sobre la gesti\u00f3n de 28 a\u00f1os, que ahora Nanni representa y es el desaf\u00edo nuestro saber generar las condiciones como para que se sientan representados por una opci\u00f3n de cambio.<\/em><br \/>\n<em>Por su parte los espacios tanto de Errazu como de Ferreyra, han manifestado serias cr\u00edticas al oficialismo loca en cuestiones de fondo, y en las que pr\u00e1cticamente coincidimos en todo. Desde ese punto de vista es dif\u00edcil imaginar que vayan a pedirle a sus votantes que apoyen todo aquello que en agosto le dec\u00edan que ten\u00eda que cambiar. La interna del Frente de Todos, no se asemej\u00f3 a la de Cambiemos en 2015 o 2017. En esa oportunidad hab\u00eda dos listas con una representaci\u00f3n similar dentro de Cambiemos. Defensa comunal en 2017 se abri\u00f3 del kirchnerismo del que fue parte 12 a\u00f1os por entender que restaba votos, estuvo 3 a\u00f1os diciendo ser de Cambiemos y alentando una interna que no fue, y termin\u00f3 cayendo en el Frente de Todos acordando con La C\u00e1mpora para ir con una boleta de arrastre nacional. No se identifica con el espacio por convicci\u00f3n sino por conveniencia, y es entendible desde ese lado que Nanni no represente ni al sector de Ferreyra ubicado hace a\u00f1os con el kirchnerismo, ni con el de Errazu vinculado al Frente Renovador.<\/em><br \/>\n<em>Est\u00e1n en la misma situaci\u00f3n que hubi\u00e9ramos estado nosotros, si se daba una interna con el oficialismo dentro de Cambiemos. De haber tenido esa interna y haber perdido, no hubi\u00e9ramos salido a pedirle a quienes nos han acompa\u00f1ado que voten por un gobierno al que nosotros mismos creemos qu\u00e9 hay que cambiar.<\/em><br \/>\n<em>Defensa Comunal est\u00e1 dentro del Frente de Todos por negociados, no por una identificaci\u00f3n con el espacio y seguramente quien vot\u00f3 un cambio en las PASO, aunque no haya sido a nosotros, analizar\u00e1 al votar un cambio en octubre. 30 a\u00f1os ha sido tiempo m\u00e1s que suficiente para hacer lo que han tenido voluntad de hacer. Y lo que no han tenido voluntad de hacer, no va a ocurrir a futuro con las mismas personas de siempre.<\/em><br \/>\n<em>Es tiempo de que se d\u00e9 un cambio que permita salirnos de una concepci\u00f3n del Estado Municipal, como un generador de negocios privados para sus funcionarios y los amigos de estos y pasar a un Estado transparente, que busque generar progreso en un distrito como Exaltaci\u00f3n de la Cruz que adolece de una desmejora notable en much\u00edsimas cuestiones, y que de seguir as\u00ed nos conducir\u00e1 a un modelo de distrito m\u00e1s de conurbano que del pueblo a que estamos acostumbrados. Es lo que vamos a buscar en octubre tratando de generar los consensos pol\u00edticos necesarios para la eleccion y para una futura gesti\u00f3n que debe escuchar a todos.<\/em><\/p>\n","protected":false},"excerpt":{"rendered":"<p>&#8220;EL OFICIALISMO TERMIN\u00d3 CAYENDO EN&#8230;<\/p>\n","protected":false},"author":4,"featured_media":3387,"comment_status":"open","ping_status":"open","sticky":false,"template":"","format":"standard","meta":{"footnotes":"","jetpack_publicize_message":"","jetpack_publicize_feature_enabled":true,"jetpack_social_post_already_shared":false,"jetpack_social_options":{"image_generator_settings":{"template":"highway","default_image_id":0,"font":"","enabled":false},"version":2}},"categories":[13],"tags":[43,256],"class_list":["post-3381","post","type-post","status-publish","format-standard","has-post-thumbnail","hentry","category-interes-general","tag-elecciones","tag-sancho"],"jetpack_publicize_connections":[],"jetpack_featured_media_url":"https:\/\/revistaepocadigital.com.ar\/wp-content\/uploads\/2019\/09\/14-sanc-eeerlin-igle-2.jpg","jetpack_likes_enabled":true,"_links":{"self":[{"href":"https:\/\/revistaepocadigital.com.ar\/index.php?rest_route=\/wp\/v2\/posts\/3381","targetHints":{"allow":["GET"]}}],"collection":[{"href":"https:\/\/revistaepocadigital.com.ar\/index.php?rest_route=\/wp\/v2\/posts"}],"about":[{"href":"https:\/\/revistaepocadigital.com.ar\/index.php?rest_route=\/wp\/v2\/types\/post"}],"author":[{"embeddable":true,"href":"https:\/\/revistaepocadigital.com.ar\/index.php?rest_route=\/wp\/v2\/users\/4"}],"replies":[{"embeddable":true,"href":"https:\/\/revistaepocadigital.com.ar\/index.php?rest_route=%2Fwp%2Fv2%2Fcomments&post=3381"}],"version-history":[{"count":0,"href":"https:\/\/revistaepocadigital.com.ar\/index.php?rest_route=\/wp\/v2\/posts\/3381\/revisions"}],"wp:featuredmedia":[{"embeddable":true,"href":"https:\/\/revistaepocadigital.com.ar\/index.php?rest_route=\/wp\/v2\/media\/3387"}],"wp:attachment":[{"href":"https:\/\/revistaepocadigital.com.ar\/index.php?rest_route=%2Fwp%2Fv2%2Fmedia&parent=3381"}],"wp:term":[{"taxonomy":"category","embeddable":true,"href":"https:\/\/revistaepocadigital.com.ar\/index.php?rest_route=%2Fwp%2Fv2%2Fcategories&post=3381"},{"taxonomy":"post_tag","embeddable":true,"href":"https:\/\/revistaepocadigital.com.ar\/index.php?rest_route=%2Fwp%2Fv2%2Ftags&post=3381"}],"curies":[{"name":"wp","href":"https:\/\/api.w.org\/{rel}","templated":true}]}}