{"id":3423,"date":"2019-09-29T00:10:06","date_gmt":"2019-09-29T03:10:06","guid":{"rendered":"https:\/\/revistaepocadigital.com.ar\/?p=3423"},"modified":"2019-09-29T00:10:59","modified_gmt":"2019-09-29T03:10:59","slug":"la-gobernadora-vidal-en-san-miguel","status":"publish","type":"post","link":"https:\/\/revistaepocadigital.com.ar\/?p=3423","title":{"rendered":"La gobernadora Vidal en San Miguel"},"content":{"rendered":"<div dir=\"ltr\"><b>VISIT\u00d3 UN HOSPITAL Y RECORRI\u00d3 EL CENTRO COMERCIAL DE SAN MIGUEL.<br \/>\n<!--more--><br \/>\n<\/b>La gobernadora de la Provincia de Buenos Aires, Mar\u00eda Eugenia Vidal, estuvo en el municipio bonaerense de San Miguel, visit\u00f3 el Hospital Santa Mar\u00eda, recorri\u00f3 el centro comercial y dialog\u00f3 con vecinos. Estuvo acompa\u00f1ada por el intendente local, Jaime M\u00e9ndez.<\/div>\n<div dir=\"ltr\"><\/div>\n<div dir=\"ltr\">El hospital -recientemente inaugurado- fue construido con fondos municipales y demand\u00f3 una inversi\u00f3n de $100 millones. Cuenta con una guardia de emergencias pedi\u00e1trica y cl\u00ednica; una nueva base de operaciones de SAME; diagn\u00f3stico por im\u00e1genes y laboratorio; una sala de shock room; farmacia; 25 camas de observaci\u00f3n; entre otros servicios.<\/div>\n<div dir=\"ltr\"><\/div>\n<div dir=\"ltr\">\n<p><img loading=\"lazy\" decoding=\"async\" class=\"aligncenter size-full wp-image-3425\" src=\"https:\/\/revistaepocadigital.com.ar\/wp-content\/uploads\/2019\/09\/vidal2.jpg\" alt=\"\" width=\"906\" height=\"613\" srcset=\"https:\/\/revistaepocadigital.com.ar\/wp-content\/uploads\/2019\/09\/vidal2.jpg 906w, https:\/\/revistaepocadigital.com.ar\/wp-content\/uploads\/2019\/09\/vidal2-300x203.jpg 300w, https:\/\/revistaepocadigital.com.ar\/wp-content\/uploads\/2019\/09\/vidal2-768x520.jpg 768w, https:\/\/revistaepocadigital.com.ar\/wp-content\/uploads\/2019\/09\/vidal2-696x471.jpg 696w, https:\/\/revistaepocadigital.com.ar\/wp-content\/uploads\/2019\/09\/vidal2-621x420.jpg 621w\" sizes=\"auto, (max-width: 906px) 100vw, 906px\" \/><\/p>\n<p>El nuevo centro se complementa con el programa del Gobierno Bonaerense, \u201cSalud en Tu Barrio\u201d. En ese marco, en San Miguel la Provincia finaliz\u00f3 \u00a0obras en 14 CAPS y 2 m\u00e1s se encuentran en construcci\u00f3n, con el objetivo de garantizar el acceso a la salud de calidad a los vecinos de la localidad.<\/p>\n<p>Fotos: Secretar\u00eda de Medios de la Provincia de Buenos Aires.<\/p>\n<\/div>\n","protected":false},"excerpt":{"rendered":"<p>VISIT\u00d3 UN HOSPITAL Y RECORRI\u00d3 EL CENTRO COMERCIAL DE SAN MIGUEL.<\/p>\n","protected":false},"author":3,"featured_media":3424,"comment_status":"open","ping_status":"open","sticky":false,"template":"","format":"standard","meta":{"footnotes":"","jetpack_publicize_message":"","jetpack_publicize_feature_enabled":true,"jetpack_social_post_already_shared":false,"jetpack_social_options":{"image_generator_settings":{"template":"highway","default_image_id":0,"font":"","enabled":false},"version":2}},"categories":[17],"tags":[44,344,146],"class_list":["post-3423","post","type-post","status-publish","format-standard","has-post-thumbnail","hentry","category-politica","tag-elecciones-2019","tag-obras","tag-vidal"],"jetpack_publicize_connections":[],"jetpack_featured_media_url":"https:\/\/revistaepocadigital.com.ar\/wp-content\/uploads\/2019\/09\/vidal19.jpg","jetpack_likes_enabled":true,"_links":{"self":[{"href":"https:\/\/revistaepocadigital.com.ar\/index.php?rest_route=\/wp\/v2\/posts\/3423","targetHints":{"allow":["GET"]}}],"collection":[{"href":"https:\/\/revistaepocadigital.com.ar\/index.php?rest_route=\/wp\/v2\/posts"}],"about":[{"href":"https:\/\/revistaepocadigital.com.ar\/index.php?rest_route=\/wp\/v2\/types\/post"}],"author":[{"embeddable":true,"href":"https:\/\/revistaepocadigital.com.ar\/index.php?rest_route=\/wp\/v2\/users\/3"}],"replies":[{"embeddable":true,"href":"https:\/\/revistaepocadigital.com.ar\/index.php?rest_route=%2Fwp%2Fv2%2Fcomments&post=3423"}],"version-history":[{"count":0,"href":"https:\/\/revistaepocadigital.com.ar\/index.php?rest_route=\/wp\/v2\/posts\/3423\/revisions"}],"wp:featuredmedia":[{"embeddable":true,"href":"https:\/\/revistaepocadigital.com.ar\/index.php?rest_route=\/wp\/v2\/media\/3424"}],"wp:attachment":[{"href":"https:\/\/revistaepocadigital.com.ar\/index.php?rest_route=%2Fwp%2Fv2%2Fmedia&parent=3423"}],"wp:term":[{"taxonomy":"category","embeddable":true,"href":"https:\/\/revistaepocadigital.com.ar\/index.php?rest_route=%2Fwp%2Fv2%2Fcategories&post=3423"},{"taxonomy":"post_tag","embeddable":true,"href":"https:\/\/revistaepocadigital.com.ar\/index.php?rest_route=%2Fwp%2Fv2%2Ftags&post=3423"}],"curies":[{"name":"wp","href":"https:\/\/api.w.org\/{rel}","templated":true}]}}