{"id":3428,"date":"2019-09-29T00:17:14","date_gmt":"2019-09-29T03:17:14","guid":{"rendered":"https:\/\/revistaepocadigital.com.ar\/?p=3428"},"modified":"2019-09-29T00:18:52","modified_gmt":"2019-09-29T03:18:52","slug":"la-fogata-de-cardales-eel-show-del-fuego","status":"publish","type":"post","link":"https:\/\/revistaepocadigital.com.ar\/?p=3428","title":{"rendered":"La Fogata de Cardales, el Show del Fuego"},"content":{"rendered":"<p><strong>LA EDICI\u00d3N 26, ENTRE EL VIERNES 4 Y S\u00c1BADO 5 DE OCTUBRE.<\/strong><!--more--><\/p>\n<p>Ten\u00eda lugar la tradicional y tan concurrida <strong>Fogata de Los Cardales,<\/strong> como todos los a\u00f1os uno de los eventos m\u00e1s atrayentes y convocantes que va por la edici\u00f3n n\u00famero 26. Un gran show como siempre en la Plaza Mitre con entrada libre y gratuita.<br \/>\nLa actividad comenzaba con &#8220;La Previa&#8221; el d\u00eda 4 con las aperturas del patio de comidas a cargo de Sabores del Mundo, y de los espacios de artesanos adem\u00e1s de la exhibici\u00f3n de las esculturas de Teseo y Minotauro, especialmente preparadas, para al dia siguiente dar lugar al momento culminante de la fogata, seg\u00fan coment\u00f3 a EPOCA, el Dr. H\u00e9ctor Nanni, al frente de la comisi\u00f3n organizadora de la Fogata de Los Cardales.<\/p>\n<p><img loading=\"lazy\" decoding=\"async\" class=\"aligncenter size-full wp-image-3433\" src=\"https:\/\/revistaepocadigital.com.ar\/wp-content\/uploads\/2019\/09\/fogata-19-1.jpg\" alt=\"\" width=\"820\" height=\"315\" srcset=\"https:\/\/revistaepocadigital.com.ar\/wp-content\/uploads\/2019\/09\/fogata-19-1.jpg 820w, https:\/\/revistaepocadigital.com.ar\/wp-content\/uploads\/2019\/09\/fogata-19-1-300x115.jpg 300w, https:\/\/revistaepocadigital.com.ar\/wp-content\/uploads\/2019\/09\/fogata-19-1-768x295.jpg 768w, https:\/\/revistaepocadigital.com.ar\/wp-content\/uploads\/2019\/09\/fogata-19-1-696x267.jpg 696w\" sizes=\"auto, (max-width: 820px) 100vw, 820px\" \/><\/p>\n<p>Estaban previstos 35 stands de comidas t\u00edpicas de Sabores del Mundo m\u00e1s 250 artesanos, coordinados por la Sala de Primeros Auxilios, a cuyo beneficio se destinaban ingreso: tambi\u00e9n fueron programadas actividades culturales en el escenario de la plaza, a cargo del Centro de Cultura de Los Cardales. El s\u00e1bado 5 a las 10, agreg\u00f3 el Dr. Nanni, ten\u00eda lugar la marat\u00f3n atl\u00e9tica sobre 5 y 10 Kms con posterior entrega de premios y por la tarde, en el patio de juegos se serv\u00eda chocolate y alfajores gratis a los chicos, donados por la empresa Ferrero; al atardecer la caminata de chicos junto a sus padres con farolitos y del stand de La Fogata, se retiraba en forma gratuita un le\u00f1o para escribir un deseo y luego ser arrojado al fuego &#8220;para dar fuerza para que se cumplan esos deseos&#8221;. A su vez hab\u00eda mu\u00f1equitas alusivas en venta.<\/p>\n<p>El momento culminante del &#8220;gran show del fuego&#8221;, que contaba con el auspicio de la municipalidad de Exaltaci\u00f3n de la Cruz, se daba el s\u00e1bado 5 desde las 20 con el inicio de la Fiesta del Fuego que culminaba a las 22 con el encendido de la gran Fogata con Teseo y Minotauro, relacionandola con la mitolog\u00eda griega en esta edici\u00f3n. La Fogata de Los Cardales, un cl\u00e1sico que siempre vale la pena vivir.<\/p>\n","protected":false},"excerpt":{"rendered":"<p>LA EDICI\u00d3N 26, ENTRE EL VIERNES 4 Y S\u00c1BADO 5 DE OCTUBRE.<\/p>\n","protected":false},"author":4,"featured_media":3429,"comment_status":"open","ping_status":"open","sticky":false,"template":"","format":"standard","meta":{"footnotes":"","jetpack_publicize_message":"","jetpack_publicize_feature_enabled":true,"jetpack_social_post_already_shared":false,"jetpack_social_options":{"image_generator_settings":{"template":"highway","default_image_id":0,"font":"","enabled":false},"version":2}},"categories":[4,13],"tags":[487,395,486],"class_list":["post-3428","post","type-post","status-publish","format-standard","has-post-thumbnail","hentry","category-aqui-los-cardales","category-interes-general","tag-artesanos","tag-espectaculos","tag-fogata"],"jetpack_publicize_connections":[],"jetpack_featured_media_url":"https:\/\/revistaepocadigital.com.ar\/wp-content\/uploads\/2019\/09\/fogata-19.jpg","jetpack_likes_enabled":true,"_links":{"self":[{"href":"https:\/\/revistaepocadigital.com.ar\/index.php?rest_route=\/wp\/v2\/posts\/3428","targetHints":{"allow":["GET"]}}],"collection":[{"href":"https:\/\/revistaepocadigital.com.ar\/index.php?rest_route=\/wp\/v2\/posts"}],"about":[{"href":"https:\/\/revistaepocadigital.com.ar\/index.php?rest_route=\/wp\/v2\/types\/post"}],"author":[{"embeddable":true,"href":"https:\/\/revistaepocadigital.com.ar\/index.php?rest_route=\/wp\/v2\/users\/4"}],"replies":[{"embeddable":true,"href":"https:\/\/revistaepocadigital.com.ar\/index.php?rest_route=%2Fwp%2Fv2%2Fcomments&post=3428"}],"version-history":[{"count":0,"href":"https:\/\/revistaepocadigital.com.ar\/index.php?rest_route=\/wp\/v2\/posts\/3428\/revisions"}],"wp:featuredmedia":[{"embeddable":true,"href":"https:\/\/revistaepocadigital.com.ar\/index.php?rest_route=\/wp\/v2\/media\/3429"}],"wp:attachment":[{"href":"https:\/\/revistaepocadigital.com.ar\/index.php?rest_route=%2Fwp%2Fv2%2Fmedia&parent=3428"}],"wp:term":[{"taxonomy":"category","embeddable":true,"href":"https:\/\/revistaepocadigital.com.ar\/index.php?rest_route=%2Fwp%2Fv2%2Fcategories&post=3428"},{"taxonomy":"post_tag","embeddable":true,"href":"https:\/\/revistaepocadigital.com.ar\/index.php?rest_route=%2Fwp%2Fv2%2Ftags&post=3428"}],"curies":[{"name":"wp","href":"https:\/\/api.w.org\/{rel}","templated":true}]}}