{"id":3435,"date":"2019-09-29T00:28:21","date_gmt":"2019-09-29T03:28:21","guid":{"rendered":"https:\/\/revistaepocadigital.com.ar\/?p=3435"},"modified":"2019-09-29T00:30:13","modified_gmt":"2019-09-29T03:30:13","slug":"fabian-scovenna-en-concierto","status":"publish","type":"post","link":"https:\/\/revistaepocadigital.com.ar\/?p=3435","title":{"rendered":"Fabi\u00e1n Scovenna en concierto"},"content":{"rendered":"<p><b><img loading=\"lazy\" decoding=\"async\" class=\"aligncenter size-full wp-image-3437\" src=\"https:\/\/revistaepocadigital.com.ar\/wp-content\/uploads\/2019\/09\/scovenna-conciero19.jpg\" alt=\"\" width=\"2315\" height=\"1701\" srcset=\"https:\/\/revistaepocadigital.com.ar\/wp-content\/uploads\/2019\/09\/scovenna-conciero19.jpg 2315w, https:\/\/revistaepocadigital.com.ar\/wp-content\/uploads\/2019\/09\/scovenna-conciero19-300x220.jpg 300w, https:\/\/revistaepocadigital.com.ar\/wp-content\/uploads\/2019\/09\/scovenna-conciero19-768x564.jpg 768w, https:\/\/revistaepocadigital.com.ar\/wp-content\/uploads\/2019\/09\/scovenna-conciero19-1024x752.jpg 1024w, https:\/\/revistaepocadigital.com.ar\/wp-content\/uploads\/2019\/09\/scovenna-conciero19-80x60.jpg 80w, https:\/\/revistaepocadigital.com.ar\/wp-content\/uploads\/2019\/09\/scovenna-conciero19-696x511.jpg 696w, https:\/\/revistaepocadigital.com.ar\/wp-content\/uploads\/2019\/09\/scovenna-conciero19-1068x785.jpg 1068w, https:\/\/revistaepocadigital.com.ar\/wp-content\/uploads\/2019\/09\/scovenna-conciero19-572x420.jpg 572w, https:\/\/revistaepocadigital.com.ar\/wp-content\/uploads\/2019\/09\/scovenna-conciero19-1143x840.jpg 1143w, https:\/\/revistaepocadigital.com.ar\/wp-content\/uploads\/2019\/09\/scovenna-conciero19-1920x1411.jpg 1920w\" sizes=\"auto, (max-width: 2315px) 100vw, 2315px\" \/>FS PRODUCCIONES PRESENTA.<br \/>\n<\/b><!--more--><\/p>\n<p>El domingo 20 de octubre Fabi\u00e1n Scovenna inicia un nuevo camino como artista mediante el g\u00e9nero folcl\u00f3rico en el Centro Cultural Municipal Cosmopolita de Capilla del Se\u00f1or.<\/p>\n<p>Bajo la Direcci\u00f3n Musical de\u00a0<a title=\"Adalberto Lavallen\" href=\"https:\/\/www.facebook.com\/adalberto.lavallen?__tn__=K-R&amp;eid=ARATckSgR_NAX5Wi2YSaPhWxyxBoQTPpran-3juqTy82CWLvfPnIICaHnjSC8zZ0Oi1Q9yPcV6lOIcsW&amp;fref=mentions&amp;__xts__%5B0%5D=68.ARARQr_LSHCT53XgIqrCRvoeBvXMwxhwmcupnaZtgQzyLvduFEPsCnIjhEoUfs71jL3iiRBGdEWxd0kDyqbPfi3dPoi0UQlx-O8_upQhHVRFJV09ayANeTVYqLYjHbrZ0itp2Sg0MgIyAJUguT157RaYoMIYTOSSQa_NUCBVULjzFLfvOk8COGGdyNEusV-ZyB86jmkXi5-Kz2slqAifPe03qoa0xBfBq6CjI9uYBc0JjR5ZkMBgtGKsDgmjL0tTFZTsfj0IDB4ASfkutF2bX9rO9UXIcRM\" target=\"_blank\" rel=\"nofollow noopener noreferrer\">Adalberto Lavallen<\/a>\u00a0y\u00a0junto a dos grandes m\u00fasicos:\u00a0<a title=\"Marcelo Fiorenza\" href=\"https:\/\/www.facebook.com\/marcelo.fiorenza?__tn__=K-R&amp;eid=ARA72PEXGw-4K0y-FCU0MCj7-07aG9ytxXM49a73F3uTbsoM5qbIIBFxHIoMl_Xh9nyegtEhPBtGjSo5&amp;fref=mentions&amp;__xts__%5B0%5D=68.ARARQr_LSHCT53XgIqrCRvoeBvXMwxhwmcupnaZtgQzyLvduFEPsCnIjhEoUfs71jL3iiRBGdEWxd0kDyqbPfi3dPoi0UQlx-O8_upQhHVRFJV09ayANeTVYqLYjHbrZ0itp2Sg0MgIyAJUguT157RaYoMIYTOSSQa_NUCBVULjzFLfvOk8COGGdyNEusV-ZyB86jmkXi5-Kz2slqAifPe03qoa0xBfBq6CjI9uYBc0JjR5ZkMBgtGKsDgmjL0tTFZTsfj0IDB4ASfkutF2bX9rO9UXIcRM\" target=\"_blank\" rel=\"nofollow noopener noreferrer\">Marcelo Fiorenza<\/a>\u00a0y\u00a0<a title=\"Alejandro Garc\u00eda Rosselli\" href=\"https:\/\/www.facebook.com\/alegarciar?__tn__=K-R&amp;eid=ARBjob9zQAyIn9RKaCzgiotGLCSN2m6XnQo8LqoMw5MFcvWTJ3kQtpKeQJEr7-HXDUnLFC6HEKgYuw6H&amp;fref=mentions&amp;__xts__%5B0%5D=68.ARARQr_LSHCT53XgIqrCRvoeBvXMwxhwmcupnaZtgQzyLvduFEPsCnIjhEoUfs71jL3iiRBGdEWxd0kDyqbPfi3dPoi0UQlx-O8_upQhHVRFJV09ayANeTVYqLYjHbrZ0itp2Sg0MgIyAJUguT157RaYoMIYTOSSQa_NUCBVULjzFLfvOk8COGGdyNEusV-ZyB86jmkXi5-Kz2slqAifPe03qoa0xBfBq6CjI9uYBc0JjR5ZkMBgtGKsDgmjL0tTFZTsfj0IDB4ASfkutF2bX9rO9UXIcRM\" target=\"_blank\" rel=\"nofollow noopener noreferrer\">Alejandro Garc\u00eda Rosselli<\/a>,\u00a0Fabi\u00e1n Interpretar\u00e1 un cancionero tradicional para toda la comunidad de Exaltaci\u00f3n.<\/p>\n<p>Se destaca\u00a0 tambi\u00e9n la participaci\u00f3n de otros artistas locales, entre ellos se destacan:\u00a0<a title=\"Irina Conil\" href=\"https:\/\/www.facebook.com\/iri.conil?__tn__=K-R&amp;eid=ARCVhQ2Em3E4dDPv6--Z2ddtD3_F4SSJPrvYbeHcABRY6Q-DqUajCETQc7KAtkFAUw0pdy7RIxJ5FyWb&amp;fref=mentions&amp;__xts__%5B0%5D=68.ARARQr_LSHCT53XgIqrCRvoeBvXMwxhwmcupnaZtgQzyLvduFEPsCnIjhEoUfs71jL3iiRBGdEWxd0kDyqbPfi3dPoi0UQlx-O8_upQhHVRFJV09ayANeTVYqLYjHbrZ0itp2Sg0MgIyAJUguT157RaYoMIYTOSSQa_NUCBVULjzFLfvOk8COGGdyNEusV-ZyB86jmkXi5-Kz2slqAifPe03qoa0xBfBq6CjI9uYBc0JjR5ZkMBgtGKsDgmjL0tTFZTsfj0IDB4ASfkutF2bX9rO9UXIcRM\" target=\"_blank\" rel=\"nofollow noopener noreferrer\">Irina Conil<\/a>,\u00a0<a title=\"Lucas Diaz\" href=\"https:\/\/www.facebook.com\/lucas.diaz.7739?__tn__=K-R&amp;eid=ARBR7AY0K2DKiz6jonJD5Lz9aKiLzBgqfyXRQb7H6JrjdWgVL_EVqteEDD8b3sLbB7dwBWcoMq8kPdxU&amp;fref=mentions&amp;__xts__%5B0%5D=68.ARARQr_LSHCT53XgIqrCRvoeBvXMwxhwmcupnaZtgQzyLvduFEPsCnIjhEoUfs71jL3iiRBGdEWxd0kDyqbPfi3dPoi0UQlx-O8_upQhHVRFJV09ayANeTVYqLYjHbrZ0itp2Sg0MgIyAJUguT157RaYoMIYTOSSQa_NUCBVULjzFLfvOk8COGGdyNEusV-ZyB86jmkXi5-Kz2slqAifPe03qoa0xBfBq6CjI9uYBc0JjR5ZkMBgtGKsDgmjL0tTFZTsfj0IDB4ASfkutF2bX9rO9UXIcRM\" target=\"_blank\" rel=\"nofollow noopener noreferrer\">Lucas Diaz<\/a>,\u00a0<a title=\"Miriam Chelini\" href=\"https:\/\/www.facebook.com\/miriam.chelini?__tn__=K-R&amp;eid=ARBeVY7gEvPr2qjfh5vTwDA4NVXmXBZ-Gp_NHE12GPoIgtwBh0fl7xnaHoyzyW88WHRQ4D7CW6ictHQY&amp;fref=mentions&amp;__xts__%5B0%5D=68.ARARQr_LSHCT53XgIqrCRvoeBvXMwxhwmcupnaZtgQzyLvduFEPsCnIjhEoUfs71jL3iiRBGdEWxd0kDyqbPfi3dPoi0UQlx-O8_upQhHVRFJV09ayANeTVYqLYjHbrZ0itp2Sg0MgIyAJUguT157RaYoMIYTOSSQa_NUCBVULjzFLfvOk8COGGdyNEusV-ZyB86jmkXi5-Kz2slqAifPe03qoa0xBfBq6CjI9uYBc0JjR5ZkMBgtGKsDgmjL0tTFZTsfj0IDB4ASfkutF2bX9rO9UXIcRM\" target=\"_blank\" rel=\"nofollow noopener noreferrer\">Miriam Chelini<\/a>,\u00a0<a title=\"Claudia Casas\" href=\"https:\/\/www.facebook.com\/claudia.casas.395017?__tn__=K-R&amp;eid=ARDHo8O_wQAFhLwrYWd_Zc-PfrTBd92mlJgbPH4ruzPE_CvstV6rxH4wJUiniUI2eVOpAEaLbQ5OT96U&amp;fref=mentions&amp;__xts__%5B0%5D=68.ARARQr_LSHCT53XgIqrCRvoeBvXMwxhwmcupnaZtgQzyLvduFEPsCnIjhEoUfs71jL3iiRBGdEWxd0kDyqbPfi3dPoi0UQlx-O8_upQhHVRFJV09ayANeTVYqLYjHbrZ0itp2Sg0MgIyAJUguT157RaYoMIYTOSSQa_NUCBVULjzFLfvOk8COGGdyNEusV-ZyB86jmkXi5-Kz2slqAifPe03qoa0xBfBq6CjI9uYBc0JjR5ZkMBgtGKsDgmjL0tTFZTsfj0IDB4ASfkutF2bX9rO9UXIcRM\" target=\"_blank\" rel=\"nofollow noopener noreferrer\">Claudia Casas<\/a>,\u00a0<a title=\"Ximee Ramirez\" href=\"https:\/\/www.facebook.com\/jimee.ramirez1?__tn__=K-R&amp;eid=ARC5zm5KuSlF4vbJTZYKji6myR-CmnpwmppC9A62dlSwYQH2igURuccCDSmPWQ4TTHTiCyoKFBPbd2Ku&amp;fref=mentions&amp;__xts__%5B0%5D=68.ARARQr_LSHCT53XgIqrCRvoeBvXMwxhwmcupnaZtgQzyLvduFEPsCnIjhEoUfs71jL3iiRBGdEWxd0kDyqbPfi3dPoi0UQlx-O8_upQhHVRFJV09ayANeTVYqLYjHbrZ0itp2Sg0MgIyAJUguT157RaYoMIYTOSSQa_NUCBVULjzFLfvOk8COGGdyNEusV-ZyB86jmkXi5-Kz2slqAifPe03qoa0xBfBq6CjI9uYBc0JjR5ZkMBgtGKsDgmjL0tTFZTsfj0IDB4ASfkutF2bX9rO9UXIcRM\" target=\"_blank\" rel=\"nofollow noopener noreferrer\">Ximee Ramirez<\/a>,\u00a0<a title=\"Alejandra Bordachar\" href=\"https:\/\/www.facebook.com\/alejandra.bordachar.3?__tn__=K-R&amp;eid=ARDg9CHrzRm5JM-HbehDJNSAujOtIqAlQ4wHAHfjIUtjSWqEMI7dtYxz0nGjUzu1ym1ErJmFOYh7REzO&amp;fref=mentions&amp;__xts__%5B0%5D=68.ARARQr_LSHCT53XgIqrCRvoeBvXMwxhwmcupnaZtgQzyLvduFEPsCnIjhEoUfs71jL3iiRBGdEWxd0kDyqbPfi3dPoi0UQlx-O8_upQhHVRFJV09ayANeTVYqLYjHbrZ0itp2Sg0MgIyAJUguT157RaYoMIYTOSSQa_NUCBVULjzFLfvOk8COGGdyNEusV-ZyB86jmkXi5-Kz2slqAifPe03qoa0xBfBq6CjI9uYBc0JjR5ZkMBgtGKsDgmjL0tTFZTsfj0IDB4ASfkutF2bX9rO9UXIcRM\" target=\"_blank\" rel=\"nofollow noopener noreferrer\">Alejandra Bordachar<\/a>\u00a0y Luis Scovenna, abuelo de Fabi\u00e1n.<\/p>\n<p>Las entradas se encuentran disponibles y pod\u00e9s reservarlas mediante la Fanpage de Facebook\/Instagram de FS PRODUCCIONES o al 11-67667450.<\/p>\n<div><\/div>\n<p>&nbsp;<\/p>\n","protected":false},"excerpt":{"rendered":"<p>FS PRODUCCIONES PRESENTA.<\/p>\n","protected":false},"author":4,"featured_media":3437,"comment_status":"open","ping_status":"open","sticky":false,"template":"","format":"standard","meta":{"footnotes":"","jetpack_publicize_message":"","jetpack_publicize_feature_enabled":true,"jetpack_social_post_already_shared":false,"jetpack_social_options":{"image_generator_settings":{"template":"highway","default_image_id":0,"font":"","enabled":false},"version":2}},"categories":[12],"tags":[37,83],"class_list":["post-3435","post","type-post","status-publish","format-standard","has-post-thumbnail","hentry","category-espectaculos","tag-destacada","tag-scovenna"],"jetpack_publicize_connections":[],"jetpack_featured_media_url":"https:\/\/revistaepocadigital.com.ar\/wp-content\/uploads\/2019\/09\/scovenna-conciero19.jpg","jetpack_likes_enabled":true,"_links":{"self":[{"href":"https:\/\/revistaepocadigital.com.ar\/index.php?rest_route=\/wp\/v2\/posts\/3435","targetHints":{"allow":["GET"]}}],"collection":[{"href":"https:\/\/revistaepocadigital.com.ar\/index.php?rest_route=\/wp\/v2\/posts"}],"about":[{"href":"https:\/\/revistaepocadigital.com.ar\/index.php?rest_route=\/wp\/v2\/types\/post"}],"author":[{"embeddable":true,"href":"https:\/\/revistaepocadigital.com.ar\/index.php?rest_route=\/wp\/v2\/users\/4"}],"replies":[{"embeddable":true,"href":"https:\/\/revistaepocadigital.com.ar\/index.php?rest_route=%2Fwp%2Fv2%2Fcomments&post=3435"}],"version-history":[{"count":0,"href":"https:\/\/revistaepocadigital.com.ar\/index.php?rest_route=\/wp\/v2\/posts\/3435\/revisions"}],"wp:featuredmedia":[{"embeddable":true,"href":"https:\/\/revistaepocadigital.com.ar\/index.php?rest_route=\/wp\/v2\/media\/3437"}],"wp:attachment":[{"href":"https:\/\/revistaepocadigital.com.ar\/index.php?rest_route=%2Fwp%2Fv2%2Fmedia&parent=3435"}],"wp:term":[{"taxonomy":"category","embeddable":true,"href":"https:\/\/revistaepocadigital.com.ar\/index.php?rest_route=%2Fwp%2Fv2%2Fcategories&post=3435"},{"taxonomy":"post_tag","embeddable":true,"href":"https:\/\/revistaepocadigital.com.ar\/index.php?rest_route=%2Fwp%2Fv2%2Ftags&post=3435"}],"curies":[{"name":"wp","href":"https:\/\/api.w.org\/{rel}","templated":true}]}}