{"id":3439,"date":"2019-09-29T00:51:34","date_gmt":"2019-09-29T03:51:34","guid":{"rendered":"https:\/\/revistaepocadigital.com.ar\/?p=3439"},"modified":"2019-09-29T00:51:34","modified_gmt":"2019-09-29T03:51:34","slug":"los-50-anos-de-cepral","status":"publish","type":"post","link":"https:\/\/revistaepocadigital.com.ar\/?p=3439","title":{"rendered":"LOS 50 A\u00d1OS DE CEPRAL"},"content":{"rendered":"<p><strong>UNA HISTORIA DETR\u00c1S. COLUMNA OPINION.<\/strong><!--more--><\/p>\n<figure id=\"attachment_3444\" aria-describedby=\"caption-attachment-3444\" style=\"width: 960px\" class=\"wp-caption aligncenter\"><img loading=\"lazy\" decoding=\"async\" class=\"size-full wp-image-3444\" src=\"https:\/\/revistaepocadigital.com.ar\/wp-content\/uploads\/2019\/09\/hermida-sanche19.jpg\" alt=\"\" width=\"960\" height=\"644\" srcset=\"https:\/\/revistaepocadigital.com.ar\/wp-content\/uploads\/2019\/09\/hermida-sanche19.jpg 960w, https:\/\/revistaepocadigital.com.ar\/wp-content\/uploads\/2019\/09\/hermida-sanche19-300x201.jpg 300w, https:\/\/revistaepocadigital.com.ar\/wp-content\/uploads\/2019\/09\/hermida-sanche19-768x515.jpg 768w, https:\/\/revistaepocadigital.com.ar\/wp-content\/uploads\/2019\/09\/hermida-sanche19-696x467.jpg 696w, https:\/\/revistaepocadigital.com.ar\/wp-content\/uploads\/2019\/09\/hermida-sanche19-626x420.jpg 626w\" sizes=\"auto, (max-width: 960px) 100vw, 960px\" \/><figcaption id=\"caption-attachment-3444\" class=\"wp-caption-text\">Hermida, el intendente S\u00e1nchez, directivos de la cooperativa, vecinos, en el evento donde fue conmemorado el medio siglo de vida.<\/figcaption><\/figure>\n<p><em>El 14 de septiembre de 2019 no ha sido una fecha m\u00e1s en nuestra cooperativa, y fue porque cumplimos 50 a\u00f1os de existencia. Lejos qued\u00f3 aquel a\u00f1o 1969, cuando un grupo de vecinos se decid\u00eda a conformar una cooperativa, ante la necesidad de contar con un servicio b\u00e1sico como es la electricidad, y que las empresas de ese entonces no lo hac\u00edan realidad por no resultar econ\u00f3micamente rentable<\/em>.<\/p>\n<p><img loading=\"lazy\" decoding=\"async\" class=\"aligncenter size-full wp-image-3440\" src=\"https:\/\/revistaepocadigital.com.ar\/wp-content\/uploads\/2019\/09\/CEPRAL-LOGO19.png\" alt=\"\" width=\"768\" height=\"233\" srcset=\"https:\/\/revistaepocadigital.com.ar\/wp-content\/uploads\/2019\/09\/CEPRAL-LOGO19.png 768w, https:\/\/revistaepocadigital.com.ar\/wp-content\/uploads\/2019\/09\/CEPRAL-LOGO19-300x91.png 300w, https:\/\/revistaepocadigital.com.ar\/wp-content\/uploads\/2019\/09\/CEPRAL-LOGO19-696x211.png 696w\" sizes=\"auto, (max-width: 768px) 100vw, 768px\" \/><\/p>\n<p><em>Nunca imaginaron la magnitud de dicho acontecimiento, y que cincuenta a\u00f1os despu\u00e9s su querida cooperativa ser\u00eda el motor de CRECIMIENTO, DESARROLLO Y TRABAJO en nuestra localidad<\/em>.<\/p>\n<p><em>Mucha es la gente que ha pasado en este tiempo, y a todos los podemos resumir en un nombre Don Marciano Robles, fundador y presidente durante muchos a\u00f1os, con aciertos y errores, pero siempre pensando como hacer m\u00e1s grande a CEPRAL<\/em>.<\/p>\n<p><em>No conformes con contar con luz el\u00e9ctrica, fueron por m\u00e1s y llego la telefon\u00eda, el gas natural, internet y hasta la f\u00e1brica de postes de hormig\u00f3n, orgullo en la zona desde donde nuestros productos, llegan a todo el territorio de la Rep\u00fablica Argentina.<\/em><\/p>\n<figure id=\"attachment_3445\" aria-describedby=\"caption-attachment-3445\" style=\"width: 960px\" class=\"wp-caption aligncenter\"><img loading=\"lazy\" decoding=\"async\" class=\"size-full wp-image-3445\" src=\"https:\/\/revistaepocadigital.com.ar\/wp-content\/uploads\/2019\/09\/robles-cartel19.jpg\" alt=\"\" width=\"960\" height=\"720\" srcset=\"https:\/\/revistaepocadigital.com.ar\/wp-content\/uploads\/2019\/09\/robles-cartel19.jpg 960w, https:\/\/revistaepocadigital.com.ar\/wp-content\/uploads\/2019\/09\/robles-cartel19-300x225.jpg 300w, https:\/\/revistaepocadigital.com.ar\/wp-content\/uploads\/2019\/09\/robles-cartel19-768x576.jpg 768w, https:\/\/revistaepocadigital.com.ar\/wp-content\/uploads\/2019\/09\/robles-cartel19-80x60.jpg 80w, https:\/\/revistaepocadigital.com.ar\/wp-content\/uploads\/2019\/09\/robles-cartel19-160x120.jpg 160w, https:\/\/revistaepocadigital.com.ar\/wp-content\/uploads\/2019\/09\/robles-cartel19-265x198.jpg 265w, https:\/\/revistaepocadigital.com.ar\/wp-content\/uploads\/2019\/09\/robles-cartel19-696x522.jpg 696w, https:\/\/revistaepocadigital.com.ar\/wp-content\/uploads\/2019\/09\/robles-cartel19-560x420.jpg 560w\" sizes=\"auto, (max-width: 960px) 100vw, 960px\" \/><figcaption id=\"caption-attachment-3445\" class=\"wp-caption-text\">Ahora iluminado, la obra en la rotona que identifica a Robles, sede de Cepral. Lo hicieron posible Julio Ben\u00edtez con la donaci\u00f3n de material para lleva<span class=\"text_exposed_show\">r adelante el proyecto, cooperativa Cepral y personal de la Delegaci\u00f3n Municipal de Parada Robles.<\/span><\/figcaption><\/figure>\n<p><em>Muchos son los puestos de trabajo que generamos directa e indirectamente, siendo una de las empresas con m\u00e1s empleo genu\u00edno en la actualidad en nuestro querido Parada Robles. <\/em><br \/>\n<em>Durante el tiempo trasncurrido hemos atravesado muchas dificultades, que s\u00f3lo fueron posible superar, trabajando juntos mirando hacia un mismo horizonte, sin mezquindades ni protagonismos, entre el CONSEJO DE ADMINISTRACION, TRABAJADORES Y VECINOS.<\/em><\/p>\n<p><em>Por ese esp\u00edritu de cooperativismo que siempre pregonaron nuestros fundadores en el pasado, pudimos reunir a toda la familia de nuestra Cooperativa, para honrar a todos los vecinos que formaron parte del desaf\u00edo inicial, y mostrarle as\u00ed a la sociedad que vamos por m\u00e1s trabajo y desarrollo para nuestro pueblo.<\/em><\/p>\n<p><em>Feliz 50 a\u00f1os CEPRAL!<\/em><\/p>\n<p>&nbsp;<\/p>\n<p>Por Jose Luis Hermida (presidente CEPRAL)<\/p>\n<p>Fotos: gentileza Maky Traversa.<\/p>\n","protected":false},"excerpt":{"rendered":"<p>UNA HISTORIA DETR\u00c1S. COLUMNA OPINION.<\/p>\n","protected":false},"author":3,"featured_media":3442,"comment_status":"open","ping_status":"open","sticky":false,"template":"","format":"standard","meta":{"footnotes":"","jetpack_publicize_message":"","jetpack_publicize_feature_enabled":true,"jetpack_social_post_already_shared":false,"jetpack_social_options":{"image_generator_settings":{"template":"highway","default_image_id":0,"font":"","enabled":false},"version":2}},"categories":[5],"tags":[488,29,37],"class_list":["post-3439","post","type-post","status-publish","format-standard","has-post-thumbnail","hentry","category-aqui-parada-robles","tag-50-anos","tag-cepral","tag-destacada"],"jetpack_publicize_connections":[],"jetpack_featured_media_url":"https:\/\/revistaepocadigital.com.ar\/wp-content\/uploads\/2019\/09\/hermida-14-set.jpg","jetpack_likes_enabled":true,"_links":{"self":[{"href":"https:\/\/revistaepocadigital.com.ar\/index.php?rest_route=\/wp\/v2\/posts\/3439","targetHints":{"allow":["GET"]}}],"collection":[{"href":"https:\/\/revistaepocadigital.com.ar\/index.php?rest_route=\/wp\/v2\/posts"}],"about":[{"href":"https:\/\/revistaepocadigital.com.ar\/index.php?rest_route=\/wp\/v2\/types\/post"}],"author":[{"embeddable":true,"href":"https:\/\/revistaepocadigital.com.ar\/index.php?rest_route=\/wp\/v2\/users\/3"}],"replies":[{"embeddable":true,"href":"https:\/\/revistaepocadigital.com.ar\/index.php?rest_route=%2Fwp%2Fv2%2Fcomments&post=3439"}],"version-history":[{"count":0,"href":"https:\/\/revistaepocadigital.com.ar\/index.php?rest_route=\/wp\/v2\/posts\/3439\/revisions"}],"wp:featuredmedia":[{"embeddable":true,"href":"https:\/\/revistaepocadigital.com.ar\/index.php?rest_route=\/wp\/v2\/media\/3442"}],"wp:attachment":[{"href":"https:\/\/revistaepocadigital.com.ar\/index.php?rest_route=%2Fwp%2Fv2%2Fmedia&parent=3439"}],"wp:term":[{"taxonomy":"category","embeddable":true,"href":"https:\/\/revistaepocadigital.com.ar\/index.php?rest_route=%2Fwp%2Fv2%2Fcategories&post=3439"},{"taxonomy":"post_tag","embeddable":true,"href":"https:\/\/revistaepocadigital.com.ar\/index.php?rest_route=%2Fwp%2Fv2%2Ftags&post=3439"}],"curies":[{"name":"wp","href":"https:\/\/api.w.org\/{rel}","templated":true}]}}