{"id":3447,"date":"2019-09-29T01:09:56","date_gmt":"2019-09-29T04:09:56","guid":{"rendered":"https:\/\/revistaepocadigital.com.ar\/?p=3447"},"modified":"2019-09-29T01:09:56","modified_gmt":"2019-09-29T04:09:56","slug":"abierta-la-convocatoria-para-el-programa-eden-visita-tu-escuela","status":"publish","type":"post","link":"https:\/\/revistaepocadigital.com.ar\/?p=3447","title":{"rendered":"Abierta la convocatoria para el\u00a0   Programa \u201cEDEN visita tu escuela\u201d"},"content":{"rendered":"<p dir=\"ltr\"><strong>EN EL MARCO&#8230;<\/strong><!--more--><\/p>\n<p dir=\"ltr\">de sus acciones de relacionamiento con la comunidad, y con fuerte eje en la educaci\u00f3n<strong>, EDEN<\/strong> invita a las escuelas a sumarse al Programa de charlas educativas destinado a ni\u00f1os y j\u00f3venes de escuelas primarias y secundarias de toda el \u00c1rea de Concesi\u00f3n.<\/p>\n<p dir=\"ltr\"><img loading=\"lazy\" decoding=\"async\" src=\"https:\/\/ecp.yusercontent.com\/mail?url=https%3A%2F%2Flh3.googleusercontent.com%2FWKvGw9KSxz9DA3GjKczFGpeshpzNDUTb5QPYuUuwf1e1uTPQ6mkDCaBbeaq3pR1YTAFHD7kQFykd0ZpZAg5pQ5k5tSU0Kiy-9rM3kJq9WOZzSaHSEQcAJV0HwClHhhqlFhd81we0&amp;t=1569729931&amp;ymreqid=a1e28384-e738-286e-1c94-d30081011000&amp;sig=ZmjerZGDEt7Pkf2Iy0tOIQ--~C\" width=\"602\" height=\"315\" \/><\/p>\n<p dir=\"ltr\">Completando un formulario online, las autoridades y\/o la comunidad escolar pueden solicitar la visita del equipo de EDEN que, con un formato de charlas participativas y con herramientas did\u00e1cticas, transmiten qu\u00e9 es la energ\u00eda, c\u00f3mo se genera, c\u00f3mo hacer un uso racional, eficiente y seguro concientizando a los m\u00e1s chicos.<\/p>\n<p dir=\"ltr\">Con un lenguaje accesible para todos, un personaje llamado Tito Lamparita explica a trav\u00e9s de un video las complejidades del sistema energ\u00e9tico, c\u00f3mo la energ\u00eda se distribuye en\u00a0 hogares y v\u00eda p\u00fablica y cu\u00e1l es la tarea de la Distribuidora y su personal.<\/p>\n<p dir=\"ltr\"><em>\u201cOfrecemos la posibilidad de que las escuelas se inscriban con el deseo y el compromiso de aportar al crecimiento de las comunidades. Concientizaci\u00f3n y sustentabilidad son dos conceptos fundamentales relacionados con el consumo energ\u00e9tico. Los ni\u00f1os y los j\u00f3venes de hoy son los mejores portadores de este mensaje\u201d<\/em>, expres\u00f3 Diana Hulten, Gerente de Recursos Humanos y Relaciones Institucionales de EDEN.<\/p>\n<p dir=\"ltr\">Para m\u00e1s informaci\u00f3n y acceder al formulario online ingresar a: <a href=\"https:\/\/www.edensa.com.ar\/comunidad\/eden-visita-tu-escuela\/\" target=\"_blank\" rel=\"nofollow noopener noreferrer\">https:\/\/www.edensa.com.ar\/comunidad\/eden-visita-tu-escuela\/<\/a><\/p>\n<p dir=\"ltr\">Ante cualquier consulta, escribir a: <a href=\"mailto:edenvisitatuescuela@edensa.com.ar\" target=\"_blank\" rel=\"nofollow noopener noreferrer\">edenvisitatuescuela@edensa.com.ar<\/a><\/p>\n","protected":false},"excerpt":{"rendered":"<p>EN EL MARCO&#8230;<\/p>\n","protected":false},"author":3,"featured_media":3448,"comment_status":"open","ping_status":"open","sticky":false,"template":"","format":"standard","meta":{"footnotes":"","jetpack_publicize_message":"","jetpack_publicize_feature_enabled":true,"jetpack_social_post_already_shared":false,"jetpack_social_options":{"image_generator_settings":{"template":"highway","default_image_id":0,"font":"","enabled":false},"version":2}},"categories":[6],"tags":[489,39],"class_list":["post-3447","post","type-post","status-publish","format-standard","has-post-thumbnail","hentry","category-barrios","tag-acciones","tag-eden"],"jetpack_publicize_connections":[],"jetpack_featured_media_url":"https:\/\/revistaepocadigital.com.ar\/wp-content\/uploads\/2019\/09\/med.jpg","jetpack_likes_enabled":true,"_links":{"self":[{"href":"https:\/\/revistaepocadigital.com.ar\/index.php?rest_route=\/wp\/v2\/posts\/3447","targetHints":{"allow":["GET"]}}],"collection":[{"href":"https:\/\/revistaepocadigital.com.ar\/index.php?rest_route=\/wp\/v2\/posts"}],"about":[{"href":"https:\/\/revistaepocadigital.com.ar\/index.php?rest_route=\/wp\/v2\/types\/post"}],"author":[{"embeddable":true,"href":"https:\/\/revistaepocadigital.com.ar\/index.php?rest_route=\/wp\/v2\/users\/3"}],"replies":[{"embeddable":true,"href":"https:\/\/revistaepocadigital.com.ar\/index.php?rest_route=%2Fwp%2Fv2%2Fcomments&post=3447"}],"version-history":[{"count":0,"href":"https:\/\/revistaepocadigital.com.ar\/index.php?rest_route=\/wp\/v2\/posts\/3447\/revisions"}],"wp:featuredmedia":[{"embeddable":true,"href":"https:\/\/revistaepocadigital.com.ar\/index.php?rest_route=\/wp\/v2\/media\/3448"}],"wp:attachment":[{"href":"https:\/\/revistaepocadigital.com.ar\/index.php?rest_route=%2Fwp%2Fv2%2Fmedia&parent=3447"}],"wp:term":[{"taxonomy":"category","embeddable":true,"href":"https:\/\/revistaepocadigital.com.ar\/index.php?rest_route=%2Fwp%2Fv2%2Fcategories&post=3447"},{"taxonomy":"post_tag","embeddable":true,"href":"https:\/\/revistaepocadigital.com.ar\/index.php?rest_route=%2Fwp%2Fv2%2Ftags&post=3447"}],"curies":[{"name":"wp","href":"https:\/\/api.w.org\/{rel}","templated":true}]}}