{"id":34495,"date":"2026-08-31T17:35:54","date_gmt":"2026-08-31T20:35:54","guid":{"rendered":"https:\/\/revistaepocadigital.com.ar\/?p=34495"},"modified":"2026-09-01T19:11:16","modified_gmt":"2026-09-01T22:11:16","slug":"el-fuego-arrasador-en-el-barrio-martin-dejo-sin-nada-a-muchos-vecinos","status":"publish","type":"post","link":"https:\/\/revistaepocadigital.com.ar\/?p=34495","title":{"rendered":"EL FUEGO ARRASADOR EN EL BARRIO MARTIN, DEJ\u00d3 SIN NADA A MUCHOS VECINOS"},"content":{"rendered":"<p><strong>LA SIRENA QUE HICIERON ESCUCHAR LOS BOMBEROS VOLUNTARIOS.<\/strong><!--more--><\/p>\n<p>Entre la noche del domingo 30 de agosto y la madrugada del lunes 31. El voraz y destructivo incendio desatado en el Barrio Mar\u00edn, densamente poblado, aleda\u00f1o a la ciudad de Capilla del Se\u00f1or, causo graves da\u00f1os a vecinos.<\/p>\n<p>Afortunadamente, lo m\u00e1s importante, no hubo victimas y tampoco heridos de gravedad entre vecinos que vieron como se quedaban sin nada como consecuencia de las llamas que iluminaron el cielo de la zona. Acerca de las causas que originaron el incendio, hab\u00eda trascendido que podr\u00eda haberse iniciado luego de una discusi\u00f3n entre apenas dos o tres personas, debido a diferencias por cuestiones de dinero.<\/p>\n<p>Debieron trabajar seis dotaciones de los Bomberos Voluntarios, personal del CAV, personal policial de la Comisar\u00eda local y del \u00e1rea de Salud de la Municipalidad. La investigaci\u00f3n en curso, se esperaba, que arrojara luz sobre lo sucedido.<\/p>\n<p>&nbsp;<\/p>\n<p><img loading=\"lazy\" decoding=\"async\" class=\"aligncenter size-full wp-image-34496\" src=\"https:\/\/revistaepocadigital.com.ar\/wp-content\/uploads\/2026\/08\/INCNNEN-GACE.jpeg\" alt=\"\" width=\"589\" height=\"590\" srcset=\"https:\/\/revistaepocadigital.com.ar\/wp-content\/uploads\/2026\/08\/INCNNEN-GACE.jpeg 589w, https:\/\/revistaepocadigital.com.ar\/wp-content\/uploads\/2026\/08\/INCNNEN-GACE-300x300.jpeg 300w, https:\/\/revistaepocadigital.com.ar\/wp-content\/uploads\/2026\/08\/INCNNEN-GACE-150x150.jpeg 150w, https:\/\/revistaepocadigital.com.ar\/wp-content\/uploads\/2026\/08\/INCNNEN-GACE-419x420.jpeg 419w\" sizes=\"auto, (max-width: 589px) 100vw, 589px\" \/><\/p>\n<pre>Los Bomberos del Cuartel Central de Capilla del Se\u00f1or, \ndebieron luchar en forma denodada en la noche del\ndomingo 30 de agosto y madrugada del lunes 31.\n(foto gentileza la gaceta de Exaltaci\u00f3n)<\/pre>\n<p>&nbsp;<\/p>\n<h5><strong>VECINOS QUE PERDIERON SUS CASAS A CONSECUENCIA DEL FUEGO.<\/strong><\/h5>\n<h5><strong>NECESITAN DE LA AYUDA DE TODOS<\/strong><\/h5>\n<p><img loading=\"lazy\" decoding=\"async\" class=\"aligncenter size-full wp-image-34497\" src=\"https:\/\/revistaepocadigital.com.ar\/wp-content\/uploads\/2026\/08\/INCEN-DONACC.jpg\" alt=\"\" width=\"640\" height=\"960\" srcset=\"https:\/\/revistaepocadigital.com.ar\/wp-content\/uploads\/2026\/08\/INCEN-DONACC.jpg 640w, https:\/\/revistaepocadigital.com.ar\/wp-content\/uploads\/2026\/08\/INCEN-DONACC-200x300.jpg 200w, https:\/\/revistaepocadigital.com.ar\/wp-content\/uploads\/2026\/08\/INCEN-DONACC-280x420.jpg 280w, https:\/\/revistaepocadigital.com.ar\/wp-content\/uploads\/2026\/08\/INCEN-DONACC-560x840.jpg 560w\" sizes=\"auto, (max-width: 640px) 100vw, 640px\" \/><\/p>\n<p>Mariela Marcoff<br \/>\n\u00b7<br \/>\nAlias: valle.soer.mp<\/p>\n<p>Otro vecina que pide ayuda<\/p>\n<figure id=\"attachment_34499\" aria-describedby=\"caption-attachment-34499\" style=\"width: 632px\" class=\"wp-caption aligncenter\"><img loading=\"lazy\" decoding=\"async\" class=\"size-large wp-image-34499\" src=\"https:\/\/revistaepocadigital.com.ar\/wp-content\/uploads\/2026\/08\/INCEN-MARCH-9.jpeg9_-632x1200.jpeg\" alt=\"\" width=\"632\" height=\"1200\" srcset=\"https:\/\/revistaepocadigital.com.ar\/wp-content\/uploads\/2026\/08\/INCEN-MARCH-9.jpeg9_-632x1200.jpeg 632w, https:\/\/revistaepocadigital.com.ar\/wp-content\/uploads\/2026\/08\/INCEN-MARCH-9.jpeg9_-158x300.jpeg 158w, https:\/\/revistaepocadigital.com.ar\/wp-content\/uploads\/2026\/08\/INCEN-MARCH-9.jpeg9_-768x1459.jpeg 768w, https:\/\/revistaepocadigital.com.ar\/wp-content\/uploads\/2026\/08\/INCEN-MARCH-9.jpeg9_-808x1536.jpeg 808w, https:\/\/revistaepocadigital.com.ar\/wp-content\/uploads\/2026\/08\/INCEN-MARCH-9.jpeg9_-696x1322.jpeg 696w, https:\/\/revistaepocadigital.com.ar\/wp-content\/uploads\/2026\/08\/INCEN-MARCH-9.jpeg9_-221x420.jpeg 221w, https:\/\/revistaepocadigital.com.ar\/wp-content\/uploads\/2026\/08\/INCEN-MARCH-9.jpeg9_-442x840.jpeg 442w, https:\/\/revistaepocadigital.com.ar\/wp-content\/uploads\/2026\/08\/INCEN-MARCH-9.jpeg9_.jpeg 960w\" sizes=\"auto, (max-width: 632px) 100vw, 632px\" \/><figcaption id=\"caption-attachment-34499\" class=\"wp-caption-text\">Una imagen devastadora. Se dijo que el fuego pudo alcanzar a siete viviendas, resultando tres destru\u00eddas por completo (Foto Marchese)<\/figcaption><\/figure>\n<figure id=\"attachment_34500\" aria-describedby=\"caption-attachment-34500\" style=\"width: 696px\" class=\"wp-caption aligncenter\"><img loading=\"lazy\" decoding=\"async\" class=\"size-large wp-image-34500\" src=\"https:\/\/revistaepocadigital.com.ar\/wp-content\/uploads\/2026\/08\/INCEN-DONACI-800x1200.jpg\" alt=\"\" width=\"696\" height=\"1044\" srcset=\"https:\/\/revistaepocadigital.com.ar\/wp-content\/uploads\/2026\/08\/INCEN-DONACI-800x1200.jpg 800w, https:\/\/revistaepocadigital.com.ar\/wp-content\/uploads\/2026\/08\/INCEN-DONACI-200x300.jpg 200w, https:\/\/revistaepocadigital.com.ar\/wp-content\/uploads\/2026\/08\/INCEN-DONACI-768x1152.jpg 768w, https:\/\/revistaepocadigital.com.ar\/wp-content\/uploads\/2026\/08\/INCEN-DONACI-696x1044.jpg 696w, https:\/\/revistaepocadigital.com.ar\/wp-content\/uploads\/2026\/08\/INCEN-DONACI-280x420.jpg 280w, https:\/\/revistaepocadigital.com.ar\/wp-content\/uploads\/2026\/08\/INCEN-DONACI-560x840.jpg 560w, https:\/\/revistaepocadigital.com.ar\/wp-content\/uploads\/2026\/08\/INCEN-DONACI.jpg 1024w\" sizes=\"auto, (max-width: 696px) 100vw, 696px\" \/><figcaption id=\"caption-attachment-34500\" class=\"wp-caption-text\">Los pedidos de ayuda de vecinos que han padecido semejante golpe por el incendio, con casas destru\u00eddas y todas las pertenencias perdidas<\/figcaption><\/figure>\n<figure id=\"attachment_34504\" aria-describedby=\"caption-attachment-34504\" style=\"width: 720px\" class=\"wp-caption aligncenter\"><img loading=\"lazy\" decoding=\"async\" class=\"size-full wp-image-34504\" src=\"https:\/\/revistaepocadigital.com.ar\/wp-content\/uploads\/2026\/08\/INCEN-1-GACE.jpeg\" alt=\"\" width=\"720\" height=\"720\" srcset=\"https:\/\/revistaepocadigital.com.ar\/wp-content\/uploads\/2026\/08\/INCEN-1-GACE.jpeg 720w, https:\/\/revistaepocadigital.com.ar\/wp-content\/uploads\/2026\/08\/INCEN-1-GACE-300x300.jpeg 300w, https:\/\/revistaepocadigital.com.ar\/wp-content\/uploads\/2026\/08\/INCEN-1-GACE-150x150.jpeg 150w, https:\/\/revistaepocadigital.com.ar\/wp-content\/uploads\/2026\/08\/INCEN-1-GACE-696x696.jpeg 696w, https:\/\/revistaepocadigital.com.ar\/wp-content\/uploads\/2026\/08\/INCEN-1-GACE-420x420.jpeg 420w\" sizes=\"auto, (max-width: 720px) 100vw, 720px\" \/><figcaption id=\"caption-attachment-34504\" class=\"wp-caption-text\">Noche devastadora en el Barrio Mart\u00edn. (foto gentileza La gaceta de Exaltaci\u00f3n)<\/figcaption><\/figure>\n<p>&nbsp;<\/p>\n<figure id=\"attachment_34501\" aria-describedby=\"caption-attachment-34501\" style=\"width: 696px\" class=\"wp-caption aligncenter\"><img loading=\"lazy\" decoding=\"async\" class=\"size-large wp-image-34501\" src=\"https:\/\/revistaepocadigital.com.ar\/wp-content\/uploads\/2026\/08\/INCEN-MARCHE.jpeg8_-722x1200.jpeg\" alt=\"\" width=\"696\" height=\"1157\" srcset=\"https:\/\/revistaepocadigital.com.ar\/wp-content\/uploads\/2026\/08\/INCEN-MARCHE.jpeg8_-722x1200.jpeg 722w, https:\/\/revistaepocadigital.com.ar\/wp-content\/uploads\/2026\/08\/INCEN-MARCHE.jpeg8_-181x300.jpeg 181w, https:\/\/revistaepocadigital.com.ar\/wp-content\/uploads\/2026\/08\/INCEN-MARCHE.jpeg8_-768x1276.jpeg 768w, https:\/\/revistaepocadigital.com.ar\/wp-content\/uploads\/2026\/08\/INCEN-MARCHE.jpeg8_-925x1536.jpeg 925w, https:\/\/revistaepocadigital.com.ar\/wp-content\/uploads\/2026\/08\/INCEN-MARCHE.jpeg8_-696x1156.jpeg 696w, https:\/\/revistaepocadigital.com.ar\/wp-content\/uploads\/2026\/08\/INCEN-MARCHE.jpeg8_-253x420.jpeg 253w, https:\/\/revistaepocadigital.com.ar\/wp-content\/uploads\/2026\/08\/INCEN-MARCHE.jpeg8_-506x840.jpeg 506w, https:\/\/revistaepocadigital.com.ar\/wp-content\/uploads\/2026\/08\/INCEN-MARCHE.jpeg8_.jpeg 950w\" sizes=\"auto, (max-width: 696px) 100vw, 696px\" \/><figcaption id=\"caption-attachment-34501\" class=\"wp-caption-text\">Destrucci\u00f3n en al menos tres viviendas. (foto Marchese)<\/figcaption><\/figure>\n<p><iframe loading=\"lazy\" title=\"Incendio Capilla\" width=\"696\" height=\"392\" src=\"https:\/\/www.youtube.com\/embed\/fCWq8P0VtvE?feature=oembed\" frameborder=\"0\" allow=\"accelerometer; autoplay; clipboard-write; encrypted-media; gyroscope; picture-in-picture; web-share\" referrerpolicy=\"strict-origin-when-cross-origin\" allowfullscreen><\/iframe><\/p>\n<p>&nbsp;<\/p>\n<p>nota en desarrollo<\/p>\n","protected":false},"excerpt":{"rendered":"<p>LA SIRENA QUE HICIERON ESCUCHAR LOS BOMBEROS VOLUNTARIOS.<\/p>\n","protected":false},"author":4,"featured_media":34497,"comment_status":"open","ping_status":"open","sticky":false,"template":"","format":"standard","meta":{"footnotes":"","jetpack_publicize_message":"","jetpack_publicize_feature_enabled":true,"jetpack_social_post_already_shared":true,"jetpack_social_options":{"image_generator_settings":{"template":"highway","default_image_id":0,"font":"","enabled":false},"version":2},"jetpack_post_was_ever_published":false},"categories":[13],"tags":[2342,1066],"class_list":["post-34495","post","type-post","status-publish","format-standard","has-post-thumbnail","hentry","category-interes-general","tag-barrio-marin","tag-incendio"],"jetpack_publicize_connections":[],"jetpack_featured_media_url":"https:\/\/revistaepocadigital.com.ar\/wp-content\/uploads\/2026\/08\/INCEN-DONACC.jpg","jetpack_likes_enabled":true,"_links":{"self":[{"href":"https:\/\/revistaepocadigital.com.ar\/index.php?rest_route=\/wp\/v2\/posts\/34495","targetHints":{"allow":["GET"]}}],"collection":[{"href":"https:\/\/revistaepocadigital.com.ar\/index.php?rest_route=\/wp\/v2\/posts"}],"about":[{"href":"https:\/\/revistaepocadigital.com.ar\/index.php?rest_route=\/wp\/v2\/types\/post"}],"author":[{"embeddable":true,"href":"https:\/\/revistaepocadigital.com.ar\/index.php?rest_route=\/wp\/v2\/users\/4"}],"replies":[{"embeddable":true,"href":"https:\/\/revistaepocadigital.com.ar\/index.php?rest_route=%2Fwp%2Fv2%2Fcomments&post=34495"}],"version-history":[{"count":5,"href":"https:\/\/revistaepocadigital.com.ar\/index.php?rest_route=\/wp\/v2\/posts\/34495\/revisions"}],"predecessor-version":[{"id":34526,"href":"https:\/\/revistaepocadigital.com.ar\/index.php?rest_route=\/wp\/v2\/posts\/34495\/revisions\/34526"}],"wp:featuredmedia":[{"embeddable":true,"href":"https:\/\/revistaepocadigital.com.ar\/index.php?rest_route=\/wp\/v2\/media\/34497"}],"wp:attachment":[{"href":"https:\/\/revistaepocadigital.com.ar\/index.php?rest_route=%2Fwp%2Fv2%2Fmedia&parent=34495"}],"wp:term":[{"taxonomy":"category","embeddable":true,"href":"https:\/\/revistaepocadigital.com.ar\/index.php?rest_route=%2Fwp%2Fv2%2Fcategories&post=34495"},{"taxonomy":"post_tag","embeddable":true,"href":"https:\/\/revistaepocadigital.com.ar\/index.php?rest_route=%2Fwp%2Fv2%2Ftags&post=34495"}],"curies":[{"name":"wp","href":"https:\/\/api.w.org\/{rel}","templated":true}]}}