{"id":34517,"date":"2026-09-01T12:50:47","date_gmt":"2026-09-01T15:50:47","guid":{"rendered":"https:\/\/revistaepocadigital.com.ar\/?p=34517"},"modified":"2026-09-01T12:51:25","modified_gmt":"2026-09-01T15:51:25","slug":"se-patentaron-en-agosto-44-415-vehiculos","status":"publish","type":"post","link":"https:\/\/revistaepocadigital.com.ar\/?p=34517","title":{"rendered":"Se patentaron en agosto 44.415 veh\u00edculos"},"content":{"rendered":"<div class=\"&quot;&lt;br\"><\/div>\n<p class=\"yiv4090065822MsoNormal\">El informe de la Asociaci\u00f3n de Concesionarios de Automotores de la Rep\u00fablica Argentina (ACARA).<!--more--><\/p>\n<p class=\"yiv4090065822MsoNormal\">Ha sido publicado. El n\u00famero de veh\u00edculos patentados durante <b>agosto de 2026<\/b>\u00a0ascendi\u00f3 a\u00a0<b>44.415<\/b>\u00a0unidades, lo que representa una baja del\u00a0<b>19,1%<\/b>\u00a0interanual, ya que en agosto de 2025 se hab\u00edan registrado\u00a0<b>54.889<\/b>\u00a0unidades. Si la comparaci\u00f3n es contra julio, se observa una baja del\u00a0<b>1,5%<\/b>\u00a0ya que en ese pasado mes se hab\u00edan registrado\u00a0<b>45.075<\/b>\u00a0unidades. De esta forma, en los ocho meses acumulados del a\u00f1o se patentaron\u00a0<b>385.091<\/b>\u00a0unidades, esto es un\u00a0<b>13,3%<\/b>\u00a0menos que en el mismo per\u00edodo de 2025, en el que se hab\u00edan registrado\u00a0<b>444.256<\/b>\u00a0veh\u00edculos.<\/p>\n<p class=\"yiv4090065822MsoNormal\"><u>&#8220;Consolidar la nueva oferta de movilidad&#8221;<\/u><\/p>\n<p class=\"yiv4090065822MsoNormal\">El\u00a0<b>presidente de ACARA, Sebasti\u00e1n Beato<\/b>, coment\u00f3: &#8220;<i>El mercado sigue con una demanda selectiva que hay que conquistar y si bien la ca\u00edda interanual es importante, quiero destacar el esfuerzo que se est\u00e1 haciendo desde toda la cadena de valor para que estos n\u00fameros no sean m\u00e1s abultados. Estamos convencidos que en la medida que la actividad econ\u00f3mica siga hacia arriba, nuestro sector va a ser destinatario de un mayor n\u00famero de operaciones, pero hoy nos toca esperar y seguir consolidando una nueva oferta de movilidad que debe sumar a la venta de veh\u00edculos, mayores y mejores servicios asociados, en esa reconversi\u00f3n estamos trabajando fuerte<\/i>&#8220;, complet\u00f3.<\/p>\n<p class=\"yiv4090065822MsoNormal\">Se adjunta el informe completo de la cantidad de veh\u00edculos registrados durante\u00a0<b>agosto de 2026<\/b>\u00a0desglosado por marca, modelo y regi\u00f3n geogr\u00e1fica.<\/p>\n<div class=\"jb_0 X_6MGW N_6Fd5\">\n<div class=\"P_0 je_fq7\">\n<div class=\"W_3n93F p_R\" data-test-id=\"attachment-item\">\n<div class=\"I_Z2gRbsK k_w H_7yHc p_R o_h\" data-test-id=\"attachment-container\">\n<div class=\"D_F ab_C gl_C H_6D6F\"><\/div>\n<\/div>\n<div class=\"A_6Eb4 i_6FIA J_x D_F r_P\">\n<div class=\"en_0\">\n<div class=\"D_F u_e69\"><span class=\"G_e o_h\">2026.08 ACARA. Informe de Mercado 4W_Instit.<\/span>.pdf<\/div>\n<\/div>\n<\/div>\n<\/div>\n<\/div>\n<\/div>\n","protected":false},"excerpt":{"rendered":"<p>El informe de la Asociaci\u00f3n de Concesionarios de Automotores de la Rep\u00fablica Argentina (ACARA).<\/p>\n","protected":false},"author":4,"featured_media":34518,"comment_status":"open","ping_status":"open","sticky":false,"template":"","format":"standard","meta":{"footnotes":"","jetpack_publicize_message":"","jetpack_publicize_feature_enabled":true,"jetpack_social_post_already_shared":true,"jetpack_social_options":{"image_generator_settings":{"template":"highway","default_image_id":0,"font":"","enabled":false},"version":2},"jetpack_post_was_ever_published":false},"categories":[1081,15],"tags":[3428,37],"class_list":["post-34517","post","type-post","status-publish","format-standard","has-post-thumbnail","hentry","category-autos-en-epoca","category-lo-que-tenes-que-saber","tag-acara","tag-destacada"],"jetpack_publicize_connections":[],"jetpack_featured_media_url":"https:\/\/revistaepocadigital.com.ar\/wp-content\/uploads\/2026\/09\/autoscalle.jpg","jetpack_likes_enabled":true,"_links":{"self":[{"href":"https:\/\/revistaepocadigital.com.ar\/index.php?rest_route=\/wp\/v2\/posts\/34517","targetHints":{"allow":["GET"]}}],"collection":[{"href":"https:\/\/revistaepocadigital.com.ar\/index.php?rest_route=\/wp\/v2\/posts"}],"about":[{"href":"https:\/\/revistaepocadigital.com.ar\/index.php?rest_route=\/wp\/v2\/types\/post"}],"author":[{"embeddable":true,"href":"https:\/\/revistaepocadigital.com.ar\/index.php?rest_route=\/wp\/v2\/users\/4"}],"replies":[{"embeddable":true,"href":"https:\/\/revistaepocadigital.com.ar\/index.php?rest_route=%2Fwp%2Fv2%2Fcomments&post=34517"}],"version-history":[{"count":1,"href":"https:\/\/revistaepocadigital.com.ar\/index.php?rest_route=\/wp\/v2\/posts\/34517\/revisions"}],"predecessor-version":[{"id":34519,"href":"https:\/\/revistaepocadigital.com.ar\/index.php?rest_route=\/wp\/v2\/posts\/34517\/revisions\/34519"}],"wp:featuredmedia":[{"embeddable":true,"href":"https:\/\/revistaepocadigital.com.ar\/index.php?rest_route=\/wp\/v2\/media\/34518"}],"wp:attachment":[{"href":"https:\/\/revistaepocadigital.com.ar\/index.php?rest_route=%2Fwp%2Fv2%2Fmedia&parent=34517"}],"wp:term":[{"taxonomy":"category","embeddable":true,"href":"https:\/\/revistaepocadigital.com.ar\/index.php?rest_route=%2Fwp%2Fv2%2Fcategories&post=34517"},{"taxonomy":"post_tag","embeddable":true,"href":"https:\/\/revistaepocadigital.com.ar\/index.php?rest_route=%2Fwp%2Fv2%2Ftags&post=34517"}],"curies":[{"name":"wp","href":"https:\/\/api.w.org\/{rel}","templated":true}]}}