{"id":34521,"date":"2026-09-01T15:14:33","date_gmt":"2026-09-01T18:14:33","guid":{"rendered":"https:\/\/revistaepocadigital.com.ar\/?p=34521"},"modified":"2026-09-01T15:14:33","modified_gmt":"2026-09-01T18:14:33","slug":"hemos-sido-contemporaneos-del-mejor-jugador-de-futbol-de-todos-los-tiempos-y-es-argentino-gracias-totales-leo","status":"publish","type":"post","link":"https:\/\/revistaepocadigital.com.ar\/?p=34521","title":{"rendered":"Hemos sido contempor\u00e1neos del mejor jugador de f\u00fatbol de todos los tiempos. Y es argentino. Gracias totales Leo!"},"content":{"rendered":"<p><strong>LA RECIENTE MUERTE DE SU PADRE JORGE, EN OTRO ESCAL\u00d3N M\u00c1S ABAJO LA FINAL DEL MUNDIAL DE F\u00daTBOL ANTE ESPA\u00d1A, Y TODO LO QUE ACARRE\u00d3 Y LO HAR\u00c1 SIN FECHA DE VENCIMIENTO.<\/strong><!--more--><\/p>\n<p>Se percibi\u00f3 como razones principales, para que a los 39 a\u00f1os y tras dos d\u00e9cadas defendiendo la camiseta de la Selecci\u00f3n Argentina, Leonel Messi haya resuelto retirarse del seleccionado.<\/p>\n<div class=\"html-div xdj266r x14z9mp xat24cr x1lziwak xexx8yu xyri2b x18d9i69 x1c1uobl x9f619 xjbqb8w x78zum5 x15mokao x1ga7v0g x16uus16 xbiv7yw x1uhb9sk x1plvlek xryxfnj x1c4vz4f x2lah0s x1q0g3np xqjyukv x1qjc9v5 x1oa3qoh x1nhvcw1\"><span style=\"color: #3366ff;\">SU CONMOVEDORA CARTA QUE SACUDI\u00d3 AL MUNDO DEL DEPORTE<\/span><\/div>\n<div><\/div>\n<p><strong><em><span class=\"x193iq5w xeuugli x13faqbe x1vvkbs xt0psk2 x1i0vuye xvs91rp xo1l8bm x5n08af x126k92a\">Despu\u00e9s de este tiempo que pas\u00f3 desde la final, pens\u00e1ndolo mucho, quiero comunicarles a todos que me retiro de la Selecci\u00f3n\u2026<\/span><\/em><\/strong><\/p>\n<p><em>Fue una decisi\u00f3n que doli\u00f3 y duele en el alma pero entiendo que es el momento. Les juro que siempre dej\u00e9 todo, no solo los \u00faltimos a\u00f1os que se gan\u00f3 todo antes tambi\u00e9n y siempre pele\u00e9 y me dej\u00e9 todo por esta camiseta, por darles alegr\u00edas y hacer que se sientan orgullosos de ser argentinos a trav\u00e9s del f\u00fatbol.<\/em><\/p>\n<p><em>Queda poco y se van cerrando etapas y esta es una que me duel<\/em>e <em>mucho. Amo, am\u00e9 y amar\u00e9 siempre estar en la Selecci\u00f3n.<strong> Me vaci\u00e9, ya no tengo m\u00e1s para dar y aparte vienen chicos muy grandes atr\u00e1s que merecen estar.<\/strong><\/em><\/p>\n<p><em>Gracias por todo el cari\u00f1o de estos 20 a\u00f1os. Voy a extra\u00f1ar mucho escucharlos desde adentro. Ahora voy a ser uno m\u00e1s de ustedes, alentando y bancando siempre desde afuera (en las buenas y en las malas, mucho m\u00e1s).<\/em><\/p>\n<p><em>Gracias a mi familia por estar siempre, por acompa\u00f1arme en este viaje tan hermoso pero dif\u00edcil. Gracias a cada uno de entrenadores, compa\u00f1eros y dirigentes que me toc\u00f3 c<img loading=\"lazy\" decoding=\"async\" class=\"alignleft size-full wp-image-34522\" src=\"https:\/\/revistaepocadigital.com.ar\/wp-content\/uploads\/2026\/09\/mess-cola.jpeg\" alt=\"\" width=\"510\" height=\"680\" srcset=\"https:\/\/revistaepocadigital.com.ar\/wp-content\/uploads\/2026\/09\/mess-cola.jpeg 510w, https:\/\/revistaepocadigital.com.ar\/wp-content\/uploads\/2026\/09\/mess-cola-225x300.jpeg 225w, https:\/\/revistaepocadigital.com.ar\/wp-content\/uploads\/2026\/09\/mess-cola-315x420.jpeg 315w\" sizes=\"auto, (max-width: 510px) 100vw, 510px\" \/>ompartir. Me llevo recuerdos y momentos inolvidables vividos.<\/em><\/p>\n<p><em>Me voy con la tranquilidad y el orgullo de haberles regalado, juntos con mis compa\u00f1eros, momentos so\u00f1ados. Fue una locura haberlo vivido con ustedes. \u00a1Los quiero!<\/em><\/p>\n<p><em>Gracias Dios por hacerme argentino.<\/em><\/p>\n<p><em>\u00a1Vamos Argentina<\/em>!<\/p>\n<p>&nbsp;<\/p>\n<h5 data-form=\"headerDetail\"><\/h5>\n<h5 data-form=\"headerDetail\"><\/h5>\n<h5 data-form=\"headerDetail\"><\/h5>\n<h5 data-form=\"headerDetail\">La \u00faltima y memorable funci\u00f3n: el Mundial en EE.UU<\/h5>\n<h5 data-form=\"headerDetail\"><\/h5>\n<h5 class=\"detail-header\" data-form=\"headerDetail\"><strong style=\"font-family: Verdana, Geneva, sans-serif; font-size: 14px;\">Franco Colapinto<\/strong><span style=\"font-family: Verdana, Geneva, sans-serif; font-size: 14px;\"> fue uno de los tantos deportistas, dirigentes, personalidades en el mundo que reconocieron con mucho \u00e9nfasis y reconocimiento al mejor jugador de la historia. As\u00ed escribi\u00f3 en la cuenta de Leonel en Instagram:<\/span><\/h5>\n<div class=\"detail-scroll\">\n<p><span class=\"x193iq5w xeuugli x13faqbe x1vvkbs xt0psk2 x1i0vuye xvs91rp xo1l8bm x5n08af x126k92a\">\u00a0<em><span style=\"color: #3366ff;\"><strong>&#8220;No existen palabras de agradecimiento que jam\u00e1s vayan a alcanzar. Somos unos afortunados de haberte tenido y disfrutado durante tanto tiempo.<\/strong><\/span><\/em><\/span><\/p>\n<p><em><span style=\"color: #3366ff;\"><strong>Gracias por haberte levantado una y otra vez y dado todo por hacer feliz a un pa\u00eds entero. Sos el ejemplo de todos&#8221;<\/strong><\/span><\/em><\/p>\n<p><a href=\"https:\/\/visionauto.com.ar\/wp-content\/uploads\/2026\/09\/mess-colaa.webp\"><img loading=\"lazy\" decoding=\"async\" class=\"aligncenter size-full wp-image-252673\" src=\"https:\/\/visionauto.com.ar\/wp-content\/uploads\/2026\/09\/mess-colaa.webp\" alt=\"\" width=\"416\" height=\"234\" \/><\/a><\/p>\n<p>&nbsp;<\/p>\n<p>&nbsp;<\/p>\n<p>En EPOCA\u00a0no lo dudamos y lo valoramos:<strong>\u00a0Hemos sido contempor\u00e1neos del mejor jugador de f\u00fatbol de todos los tiempos. Y es argentino. Gracias totales!<\/strong><\/p>\n<\/div>\n<p>&nbsp;<\/p>\n","protected":false},"excerpt":{"rendered":"<p>LA RECIENTE MUERTE DE SU PADRE JORGE, EN OTRO ESCAL\u00d3N M\u00c1S ABAJO LA FINAL DEL MUNDIAL DE F\u00daTBOL ANTE ESPA\u00d1A, Y TODO LO QUE ACARRE\u00d3 Y LO HAR\u00c1 SIN FECHA DE VENCIMIENTO.<\/p>\n","protected":false},"author":4,"featured_media":34523,"comment_status":"open","ping_status":"open","sticky":false,"template":"","format":"standard","meta":{"footnotes":"","jetpack_publicize_message":"","jetpack_publicize_feature_enabled":true,"jetpack_social_post_already_shared":true,"jetpack_social_options":{"image_generator_settings":{"template":"highway","default_image_id":0,"font":"","enabled":false},"version":2},"jetpack_post_was_ever_published":false},"categories":[13],"tags":[],"class_list":["post-34521","post","type-post","status-publish","format-standard","has-post-thumbnail","hentry","category-interes-general"],"jetpack_publicize_connections":[],"jetpack_featured_media_url":"https:\/\/revistaepocadigital.com.ar\/wp-content\/uploads\/2026\/09\/messi-sonrisa.jpg","jetpack_likes_enabled":true,"_links":{"self":[{"href":"https:\/\/revistaepocadigital.com.ar\/index.php?rest_route=\/wp\/v2\/posts\/34521","targetHints":{"allow":["GET"]}}],"collection":[{"href":"https:\/\/revistaepocadigital.com.ar\/index.php?rest_route=\/wp\/v2\/posts"}],"about":[{"href":"https:\/\/revistaepocadigital.com.ar\/index.php?rest_route=\/wp\/v2\/types\/post"}],"author":[{"embeddable":true,"href":"https:\/\/revistaepocadigital.com.ar\/index.php?rest_route=\/wp\/v2\/users\/4"}],"replies":[{"embeddable":true,"href":"https:\/\/revistaepocadigital.com.ar\/index.php?rest_route=%2Fwp%2Fv2%2Fcomments&post=34521"}],"version-history":[{"count":1,"href":"https:\/\/revistaepocadigital.com.ar\/index.php?rest_route=\/wp\/v2\/posts\/34521\/revisions"}],"predecessor-version":[{"id":34524,"href":"https:\/\/revistaepocadigital.com.ar\/index.php?rest_route=\/wp\/v2\/posts\/34521\/revisions\/34524"}],"wp:featuredmedia":[{"embeddable":true,"href":"https:\/\/revistaepocadigital.com.ar\/index.php?rest_route=\/wp\/v2\/media\/34523"}],"wp:attachment":[{"href":"https:\/\/revistaepocadigital.com.ar\/index.php?rest_route=%2Fwp%2Fv2%2Fmedia&parent=34521"}],"wp:term":[{"taxonomy":"category","embeddable":true,"href":"https:\/\/revistaepocadigital.com.ar\/index.php?rest_route=%2Fwp%2Fv2%2Fcategories&post=34521"},{"taxonomy":"post_tag","embeddable":true,"href":"https:\/\/revistaepocadigital.com.ar\/index.php?rest_route=%2Fwp%2Fv2%2Ftags&post=34521"}],"curies":[{"name":"wp","href":"https:\/\/api.w.org\/{rel}","templated":true}]}}