{"id":34530,"date":"2026-09-01T23:13:52","date_gmt":"2026-09-02T02:13:52","guid":{"rendered":"https:\/\/revistaepocadigital.com.ar\/?p=34530"},"modified":"2026-09-01T23:13:52","modified_gmt":"2026-09-02T02:13:52","slug":"milei-por-cadena-nacional-habla-sobre-malvinas","status":"publish","type":"post","link":"https:\/\/revistaepocadigital.com.ar\/?p=34530","title":{"rendered":"MILEI POR CADENA NACIONAL HABLA SOBRE MALVINAS"},"content":{"rendered":"<header class=\"news-headline\">\n<div class=\"news-headline__author-and-share-wrapper\">\n<p><strong>LA EXCLUYENTE CAUSA NACIONAL.<\/strong><\/p>\n<\/div>\n<p id=\"p-1788277231273-46642\" class=\"ignore-parser\">Tras expresarse brevemente sobre el tema, el Presidente confirm\u00f3 que le hablar\u00e1 a la poblaci\u00f3n para dar m\u00e1s detalles sobre el estado de la causa. El tema vuelve a la agenda central, luego de que el mandatario estadounidense, Donald Trump, haya asegurado estar &#8220;revisando la posici\u00f3n&#8221; de su pa\u00eds.<\/p>\n<\/header>\n<p><!--more--><\/p>\n<div class=\"detail-highlighted-multimedia\">\n<figure class=\"detail-highlighted-multimedia__figure\"><img loading=\"lazy\" decoding=\"async\" class=\"detail-highlighted-multimedia__figure-img img-fluid\" src=\"https:\/\/media.ambito.com\/p\/2164526a5a70429a72a2bab073a2f362\/adjuntos\/239\/imagenes\/042\/467\/0042467401\/javier-milei-conferencia-prensa-scott-bessentjpg.jpg\" alt=\"Archivo. Milei dara una conferencia de prensa el pr\u00f3ximo jueves.&amp;nbsp;\" width=\"655\" height=\"368\" \/><figcaption class=\"detail-highlighted-multimedia__figcaption\">\n<div class=\"detail-highlighted-multimedia__caption\">Archivo. Milei, conferencia de prensa est jueves.<\/div>\n<\/figcaption><\/figure>\n<\/div>\n<article class=\"article-body article-body--first-paragraph\" data-td-script-src=\"https:\/\/www.ambito.com\/td\/modulos\/encuestas\/js\/function-embeds-min-version-1788235717.js\">\n<p id=\"p-1788277400672-38402\"><strong>&#8220;Ayer pas\u00f3 algo muy fuerte respecto a la causa m\u00e1s importante y sagrada que tenemos los argentinos\u201d,\u00a0<\/strong><a href=\"https:\/\/www.ambito.com\/politica\/javier-milei-celebro-la-postura-donald-trump-malvinas-paso-algo-muy-fuerte-n6317063\" target=\"_blank\" rel=\"follow noopener\">as\u00ed calific\u00f3 el presidente Javier Milei<\/a>\u00a0los dichos de Donald Trump en referencia a la postura estadounidense sobre el conflicto de soberan\u00eda sobre las Islas Malvinas. Tan solo un d\u00eda despu\u00e9s de la\u00a0<a href=\"https:\/\/www.ambito.com\/mundo\/donald-trump-abrio-la-puerta-revisar-la-postura-eeuu-las-islas-malvinas-n6316964\" target=\"_blank\" rel=\"follow noopener\">declaraci\u00f3n de Trump en el Sal\u00f3n Oval<\/a>, el mandatario argentino\u00a0<strong>confirm\u00f3 que brindar\u00e1 una conferencia de prensa el pr\u00f3ximo jueves<\/strong>\u00a0a las 21 horas para ahondar en los avances del hist\u00f3rico reclamo argentino.<\/p>\n<\/article>\n<article class=\"article-body article-body--second-paragraph\">\n<p id=\"p-1788277675911-55269\">La decisi\u00f3n llega t<strong>ras la reuni\u00f3n de Gabinete que encabez\u00f3 el Presidente esta ma\u00f1ana en Casa Rosada.<\/strong>\u00a0De la misma, formaron parte; la secretaria general de la Presidencia, Karina Milei; el jefe de Gabinete, Diego Santilli; los ministros Federico Sturzenegger (Desregulaci\u00f3n); Alejandra Monteoliva (Seguridad Nacional); Carlos Presti (Defensa); Mario Lugones (Salud); Juan Bautista Mahiques (Justicia) y Pablo Quirno (Relaciones Exteriores, Comercio Internacional y Culto); el titular de la C\u00e1mara de Diputados, Mart\u00edn Menem; la senadora nacional Patricia Bullrich; el asesor presidencial, Santiago Caputo; la secretaria de Legal y T\u00e9cnica, Mar\u00eda Ibarzabal Murphy; el vocero presidencial, Adri\u00e1n Ravier; y el secretario de Comunicaci\u00f3n y Medios, Fabi\u00e1n Fern\u00e1ndez.<\/p>\n<\/article>\n<section class=\"related-news\">Al respecto , el vocero Adri\u00e1n Ravier confirm\u00f3 que el Presidente se encuentra trabajando en el contenido de la cadena nacional junto al canciller <strong>Quirno<\/strong>\u00a0y la\u00a0<strong>SIDE.\u00a0<\/strong>No obstante, evit\u00f3 dar precisiones sobre la misma.<\/section>\n<article class=\"article-body article-body--fourth-paragraph\">\n<div id=\"embed4854_wrap\" class=\"embed_cont type_freetext\" contenteditable=\"false\" data-provider=\"Twitter\">\n<div id=\"embed4854_content\" class=\"embed_content\">\n<div id=\"embed4854_embed\">\n<div class=\"twitter-tweet twitter-tweet-rendered\"><iframe id=\"twitter-widget-0\" class=\"\" title=\"X Post\" src=\"https:\/\/platform.twitter.com\/embed\/Tweet.html?creatorScreenName=Ambitocom&amp;dnt=false&amp;embedId=twitter-widget-0&amp;features=eyJ0ZndfdGltZWxpbmVfbGlzdCI6eyJidWNrZXQiOltdLCJ2ZXJzaW9uIjpudWxsfSwidGZ3X2ZvbGxvd2VyX2NvdW50X3N1bnNldCI6eyJidWNrZXQiOnRydWUsInZlcnNpb24iOm51bGx9LCJ0ZndfdHdlZXRfZWRpdF9iYWNrZW5kIjp7ImJ1Y2tldCI6Im9uIiwidmVyc2lvbiI6bnVsbH0sInRmd19yZWZzcmNfc2Vzc2lvbiI6eyJidWNrZXQiOiJvbiIsInZlcnNpb24iOm51bGx9LCJ0ZndfZm9zbnJfc29mdF9pbnRlcnZlbnRpb25zX2VuYWJsZWQiOnsiYnVja2V0Ijoib24iLCJ2ZXJzaW9uIjpudWxsfSwidGZ3X21peGVkX21lZGlhXzE1ODk3Ijp7ImJ1Y2tldCI6InRyZWF0bWVudCIsInZlcnNpb24iOm51bGx9LCJ0ZndfZXhwZXJpbWVudHNfY29va2llX2V4cGlyYXRpb24iOnsiYnVja2V0IjoxMjA5NjAwLCJ2ZXJzaW9uIjpudWxsfSwidGZ3X3Nob3dfYmlyZHdhdGNoX3Bpdm90c19lbmFibGVkIjp7ImJ1Y2tldCI6Im9uIiwidmVyc2lvbiI6bnVsbH0sInRmd19kdXBsaWNhdGVfc2NyaWJlc190b19zZXR0aW5ncyI6eyJidWNrZXQiOiJvbiIsInZlcnNpb24iOm51bGx9LCJ0ZndfdXNlX3Byb2ZpbGVfaW1hZ2Vfc2hhcGVfZW5hYmxlZCI6eyJidWNrZXQiOiJvbiIsInZlcnNpb24iOm51bGx9LCJ0ZndfdmlkZW9faGxzX2R5bmFtaWNfbWFuaWZlc3RzXzE1MDgyIjp7ImJ1Y2tldCI6InRydWVfYml0cmF0ZSIsInZlcnNpb24iOm51bGx9LCJ0ZndfbGVnYWN5X3RpbWVsaW5lX3N1bnNldCI6eyJidWNrZXQiOnRydWUsInZlcnNpb24iOm51bGx9LCJ0ZndfdHdlZXRfZWRpdF9mcm9udGVuZCI6eyJidWNrZXQiOiJvbiIsInZlcnNpb24iOm51bGx9fQ%3D%3D&amp;frame=false&amp;hideCard=false&amp;hideThread=false&amp;id=2094851823203213370&amp;lang=es&amp;origin=https%3A%2F%2Fwww.ambito.com%2Fpolitica%2Fjavier-milei-hablara-cadena-nacional-el-jueves-malvinas-n6317193&amp;sessionId=64f93b6580ee01b01bed1f5f144e69b829c195ed&amp;siteScreenName=Ambitocom&amp;theme=light&amp;widgetsVersion=6a3ad42b224df%3A1778106238597&amp;width=550px\" frameborder=\"0\" scrolling=\"no\" allowfullscreen=\"allowfullscreen\" data-tweet-id=\"2094851823203213370\" data-mce-fragment=\"1\"><\/iframe><\/div>\n<\/div>\n<\/div>\n<\/div>\n<h2 id=\"p-1788277952099-56282\"><\/h2>\n<p id=\"p-1788277972922-23366\">Seg\u00fan comunicaron desde Presidencia, durante el c\u00f3nclave oficialista Quirno hizo un an\u00e1lisis sobre los avances diplom\u00e1ticos\u00a0<strong>que lleva adelante la Canciller\u00eda en defensa de la soberan\u00eda de las Islas Malvinas.\u00a0<\/strong>De esta manera &#8211; y con el envi\u00f3n de los dichos de Trump &#8211; el Gobierno determin\u00f3 que este jueves por la noche Milei encabece una cadena nacional para brindar &#8220;mayores detalles a la poblaci\u00f3n sobre este tema&#8221;.<\/p>\n<\/article>\n<article class=\"article-body article-body--fifth-paragraph\">\n<div id=\"8042299-Libre-155646751_wrap\" class=\"embed_cont type_imagen\" contenteditable=\"false\">\n<div id=\"8042299-Libre-155646751_content\" class=\"embed_content\"><img loading=\"lazy\" decoding=\"async\" id=\"8042299-Libre-155646751_embed\" title=\"Archivo. Milei descansa en las relaciones con EEUU para impulsar avances en la causa Malvinas.\" src=\"https:\/\/media.ambito.com\/p\/559a77d32d49112da22f720a6f872be5\/adjuntos\/239\/imagenes\/042\/205\/0042205683\/milei-trumpjpg.jpeg?2025-02-22-18-48-45\" alt=\"Archivo. Milei descansa en las relaciones con EEUU para impulsar avances en la causa Malvinas.\" width=\"690\" height=\"460\" crossorigin=\"anonymous\" \/><\/div>\n<div id=\"p-1788279031860-79673\" class=\"embed_wrapper-cont\">\n<div id=\"8042299-Libre-155646751_epigrafe\" class=\"embed_epigrafe\">\n<p id=\"p-1788279071011-79375\">Archivo. Milei descansa en las relaciones con EEUU para impulsar avances en la causa Malvinas.<\/p>\n<\/div>\n<div id=\"8042299-Libre-155646751_copyright\" class=\"embed_copyright\">The White House<\/div>\n<\/div>\n<\/div>\n<p id=\"p-1788278299350-92597\" class=\"\">Antes de la reuni\u00f3n de Gabinete, el l\u00edder libertario convers\u00f3 con el periodista <strong>Luis Gasulla<\/strong>\u00a0en radio El Observador, el mandatario adelant\u00f3 que los funcionarios analizar\u00e1n los dichos de\u00a0<strong>Trump<\/strong>\u00a0y\u00a0<a href=\"https:\/\/www.ambito.com\/mundo\/tras-los-dichos-donald-trump-un-funcionario-britanico-ratifico-la-postura-del-reino-unido-malvinas-n6317058\" target=\"_blank\" rel=\"follow noopener\">los movimientos recientes en el tablero geopol\u00edtico<\/a>. En ese marco, Milei volver\u00e1 a abordar la cuesti\u00f3n de las Malvinas, que defini\u00f3 como\u00a0<strong>\u201cla causa m\u00e1s importante y sagrada que tenemos los argentinos\u201d<\/strong>.<\/p>\n<\/article>\n<article class=\"article-body article-body--remaining-paragraph\">\n<p id=\"p-1788278299350-74380\" class=\"\">El Presidente ya hab\u00eda planteado &#8211; a principios de agosto &#8211; su expectativa de que el &#8220;cambio de estrategia&#8221; de\u00a0<strong>Estados Unidos<\/strong>\u00a0en materia internacional pudiera favorecer el reclamo argentino por la soberan\u00eda de las islas. Seg\u00fan su an\u00e1lisis, la preocupaci\u00f3n de Washington por la seguridad en el Atl\u00e1ntico Sur podr\u00eda generar un\u00a0<strong>escenario favorable para la Argentina.<\/strong><\/p>\n<p id=\"p-1788278299350-60305\" class=\"\"><strong>\u201cNecesita un aliado confiable en el Atl\u00e1ntico Sur y nosotros lo somos\u201d<\/strong>, sostuvo entonces Milei en di\u00e1logo con radio Mitre, al referirse al v\u00ednculo entre ambos pa\u00edses y a la posibilidad de avanzar en el reclamo por las islas. Durante aquella entrevista, el mandatario tambi\u00e9n remarc\u00f3 que la posici\u00f3n argentina sobre las Malvinas es\u00a0<strong>\u201cno negociable\u201d<\/strong>\u00a0y diferenci\u00f3 el reclamo de soberan\u00eda de cualquier otra cuesti\u00f3n.<\/p>\n<p id=\"p-1788278299350-78278\" class=\"\">&#8220;Para m\u00ed la posici\u00f3n correcta es que no hay que mezclar el agua con el aceite. Una cosa es la cuesti\u00f3n deportiva y otra las cuestiones vinculadas a la patria. Es una causa no negociable, es la causa argentina&#8221;, sostuvo.<\/p>\n<p id=\"p-1788278299350-86329\" class=\"\">Milei tambi\u00e9n asegur\u00f3 que su Gobierno consigui\u00f3 los mayores avances diplom\u00e1ticos en la cuesti\u00f3n Malvinas desde el regreso de la democracia. &#8220;De hecho, desde el regreso de la democracia somos los que m\u00e1s hicimos para el objetivo final, que es que las Islas Malvinas, Georgias del Sur y Sandwich del Sur, y todo el espacio mar\u00edtimo circundante, vuelvan a la Argentina&#8221;, afirm\u00f3.<\/p>\n<p id=\"p-1788278299350-10025\" class=\"\">En ese sentido, destac\u00f3 el\u00a0<strong>pedido de la Organizaci\u00f3n de las Naciones Unidas (ONU)<\/strong>\u00a0para que Argentina y el Reino Unido retomen las negociaciones y sostuvo que el reclamo argentino comenz\u00f3 a encontrar se\u00f1ales favorables en el escenario internacional: &#8220;Es un gran avance. Adem\u00e1s, tenemos apoyos fuertes, hist\u00f3ricamente de China, y ahora Estados Unidos est\u00e1 tomando posici\u00f3n hacia nuestro caso&#8221;.<\/p>\n<h2 id=\"p-1788278392925-39108\">Los dichos de Trump, la postura del Reino Unido, el reclamo argentino<\/h2>\n<p id=\"p-1788278574507-84384\" class=\"\">Las palabras de\u00a0<strong>Trump\u00a0<\/strong>volvieron a poner a la causa Malvinas en el centro de los debates geopol\u00edticos. Al ser consultado, el pasado lunes en el Sal\u00f3n Oval, sobre si su gobierno est\u00e1 reconsiderando su postura frente al conflicto, el mandatario respondi\u00f3:\u00a0<strong>\u201cSiempre la reviso. Es as\u00ed con todas las posiciones. Esa es solo una de muchas\u201d<\/strong>.<\/p>\n<p id=\"p-1788278574507-73002\" class=\"\">Trump no confirm\u00f3, sin embargo, que exista una decisi\u00f3n concreta de modificar la pol\u00edtica estadounidense respecto del archipi\u00e9lago. A continuaci\u00f3n, el presidente tambi\u00e9n hizo referencia a la situaci\u00f3n interna del Reino Unido y sostuvo:\u00a0<strong>\u201cEl Reino Unido tiene algunos problemas, pero se resolver\u00e1n\u201d<\/strong>.<\/p>\n<p id=\"p-1788278574507-32956\" class=\"\">Las declaraciones se producen en medio de las versiones sobre una posible presi\u00f3n de Washington al gobierno brit\u00e1nico para que incremente su inversi\u00f3n en Defensa. Seg\u00fan inform\u00f3 The Telegraph, funcionarios del Pent\u00e1gono habr\u00edan evaluado distintas alternativas para incentivar a los pa\u00edses aliados de la\u00a0<strong>OTAN<\/strong>\u00a0a elevar su gasto militar, entre ellas la posibilidad de revisar el respaldo estadounidense a la posici\u00f3n brit\u00e1nica sobre las Malvinas.<\/p>\n<p id=\"p-1788278574507-95944\" class=\"\">La respuesta desde Londres lleg\u00f3 poco despu\u00e9s de las declaraciones del mandatario estadounidense. El ministro de Hacienda brit\u00e1nico,\u00a0<strong>John Healey<\/strong>, asegur\u00f3 que no recibi\u00f3\u00a0<strong>&#8220;ninguna sugerencia&#8221;<\/strong>\u00a0de funcionarios estadounidenses vinculada con las Malvinas tras los dichos de Trump y remarc\u00f3 que el Reino Unido mantiene su posici\u00f3n sobre el archipi\u00e9lago.<\/p>\n<p id=\"p-1788278574507-64166\" class=\"\"><strong>&#8220;Las islas Malvinas son brit\u00e1nicas y seguir\u00e1n siendo brit\u00e1nicas mientras las islas Malvinas as\u00ed lo deseen&#8221;,<\/strong>\u00a0afirm\u00f3 Healey en declaraciones a The Times.<\/p>\n<p id=\"p-1788278574507-65105\" class=\"\">El funcionario fue el primero del gobierno brit\u00e1nico en pronunciarse sobre la cuesti\u00f3n despu\u00e9s de que Trump dejara abierta la posibilidad de revisar la postura estadounidense. El episodio vuelve a poner el conflicto por las islas en el centro de la relaci\u00f3n entre\u00a0<strong>Washington y Londres<\/strong>, en un contexto marcado por las diferencias en torno al gasto en Defensa dentro de la\u00a0<strong>OTAN<\/strong>.<\/p>\n<p id=\"p-1788278574507-69846\" class=\"\">Washington sostiene actualmente una posici\u00f3n de &#8220;<strong>neutralidad&#8221;\u00a0<\/strong>&#8211; al menos en debates en organismos internacionales -, aunque frente al reclamo de soberan\u00eda argentino y brit\u00e1nico, mantuvo hist\u00f3ricamente una posici\u00f3n de cercan\u00eda con su socio hist\u00f3rico. En la actualidad, el Departamento de Estado reconoce la existencia de &#8220;<strong>reclamos contrapuestos&#8221;\u00a0<\/strong>y la existencia de una administraci\u00f3n brit\u00e1nica sobre las islas, pero sostiene que Estados Unidos\u00a0<strong>no adopta una posici\u00f3n a favor de ninguna de las partes.<\/strong><\/p>\n<p id=\"p-1788278574507-80432\" class=\"\">La cuesti\u00f3n ya hab\u00eda generado repercusiones en abril, cuando trascendi\u00f3 un correo electr\u00f3nico interno del Pent\u00e1gono en el que se analizaban distintas alternativas para presionar a los aliados de la OTAN a incrementar su gasto militar.<\/p>\n<p id=\"p-1788278574507-84492\" class=\"\">Entre las opciones mencionadas aparec\u00eda la posibilidad de\u00a0<strong>suspender el respaldo estadounidense al Reino Unido en su disputa con Argentina por las Malvinas<\/strong>.<\/p>\n<p id=\"p-1788278574507-50930\" class=\"\">En ese momento, el secretario de Estado,\u00a0<strong>Marco Rubio<\/strong>, busc\u00f3 relativizar el alcance del documento y lo calific\u00f3 como\u00a0<strong>\u201ctan solo un correo electr\u00f3nico\u201d<\/strong>\u00a0que conten\u00eda distintas ideas. El Departamento de Estado ratific\u00f3 entonces la posici\u00f3n de neutralidad de Washington sobre la soberan\u00eda de las islas.<\/p>\n<p id=\"p-1788278574507-21968\">Con las nuevas declaraciones de Trump, la posibilidad de una revisi\u00f3n vuelve a quedar planteada p\u00fablicamente, aunque por ahora\u00a0<strong>no existe una confirmaci\u00f3n de que Estados Unidos haya decidido modificar su postura<\/strong>.<\/p>\n<\/article>\n<form id=\"form-news-v2\" class=\"newsletter-subscription needs-validation form\" role=\"form\" data-td-script-src=\"https:\/\/www.ambito.com\/js-custom\/239\/v3\/newsletter-min-version-1788235642.js\">nota publicada en Ambito.com<\/form>\n","protected":false},"excerpt":{"rendered":"<p>LA EXCLUYENTE CAUSA NACIONAL. Tras expresarse brevemente sobre el tema, el Presidente confirm\u00f3 que le hablar\u00e1 a la poblaci\u00f3n para dar m\u00e1s detalles sobre el estado de la causa. El tema vuelve a la agenda central, luego de que el mandatario estadounidense, Donald Trump, haya asegurado estar &#8220;revisando la posici\u00f3n&#8221; de su pa\u00eds.<\/p>\n","protected":false},"author":3,"featured_media":34531,"comment_status":"open","ping_status":"open","sticky":false,"template":"","format":"standard","meta":{"footnotes":"","jetpack_publicize_message":"","jetpack_publicize_feature_enabled":true,"jetpack_social_post_already_shared":true,"jetpack_social_options":{"image_generator_settings":{"template":"highway","default_image_id":0,"font":"","enabled":false},"version":2},"jetpack_post_was_ever_published":false},"categories":[17],"tags":[3623,2278],"class_list":["post-34530","post","type-post","status-publish","format-standard","has-post-thumbnail","hentry","category-politica","tag-causa-malvinas","tag-milei"],"jetpack_publicize_connections":[],"jetpack_featured_media_url":"https:\/\/revistaepocadigital.com.ar\/wp-content\/uploads\/2026\/09\/malvinasl.jpg","jetpack_likes_enabled":true,"_links":{"self":[{"href":"https:\/\/revistaepocadigital.com.ar\/index.php?rest_route=\/wp\/v2\/posts\/34530","targetHints":{"allow":["GET"]}}],"collection":[{"href":"https:\/\/revistaepocadigital.com.ar\/index.php?rest_route=\/wp\/v2\/posts"}],"about":[{"href":"https:\/\/revistaepocadigital.com.ar\/index.php?rest_route=\/wp\/v2\/types\/post"}],"author":[{"embeddable":true,"href":"https:\/\/revistaepocadigital.com.ar\/index.php?rest_route=\/wp\/v2\/users\/3"}],"replies":[{"embeddable":true,"href":"https:\/\/revistaepocadigital.com.ar\/index.php?rest_route=%2Fwp%2Fv2%2Fcomments&post=34530"}],"version-history":[{"count":1,"href":"https:\/\/revistaepocadigital.com.ar\/index.php?rest_route=\/wp\/v2\/posts\/34530\/revisions"}],"predecessor-version":[{"id":34532,"href":"https:\/\/revistaepocadigital.com.ar\/index.php?rest_route=\/wp\/v2\/posts\/34530\/revisions\/34532"}],"wp:featuredmedia":[{"embeddable":true,"href":"https:\/\/revistaepocadigital.com.ar\/index.php?rest_route=\/wp\/v2\/media\/34531"}],"wp:attachment":[{"href":"https:\/\/revistaepocadigital.com.ar\/index.php?rest_route=%2Fwp%2Fv2%2Fmedia&parent=34530"}],"wp:term":[{"taxonomy":"category","embeddable":true,"href":"https:\/\/revistaepocadigital.com.ar\/index.php?rest_route=%2Fwp%2Fv2%2Fcategories&post=34530"},{"taxonomy":"post_tag","embeddable":true,"href":"https:\/\/revistaepocadigital.com.ar\/index.php?rest_route=%2Fwp%2Fv2%2Ftags&post=34530"}],"curies":[{"name":"wp","href":"https:\/\/api.w.org\/{rel}","templated":true}]}}