{"id":34547,"date":"2026-09-02T18:28:53","date_gmt":"2026-09-02T21:28:53","guid":{"rendered":"https:\/\/revistaepocadigital.com.ar\/?p=34547"},"modified":"2026-09-02T18:28:53","modified_gmt":"2026-09-02T21:28:53","slug":"trabajos-de-mantenimiento-informa-cepral-corte-de-luz-jueves-3-de-septiembre","status":"publish","type":"post","link":"https:\/\/revistaepocadigital.com.ar\/?p=34547","title":{"rendered":"TRABAJOS DE MANTENIMIENTO. INFORMA CEPRAL: CORTE DE LUZ, JUEVES 3 DE SEPTIEMBRE"},"content":{"rendered":"<p>INFORMACI\u00d3N \u00daTIL.<!--more--><\/p>\n<p><strong>RECORDAMOS CORTES PROGRAMADOS POR TRABAJOS DE MEJORA EN LA RED EL\u00c9CTRICAD<\/strong><\/p>\n<p>La distribuidora <strong>EDEN S.A.<\/strong> inform\u00f3 a <strong>CEPRAL<\/strong>,\u00a0 sobre los cortes necesarios para efectuar trabajos de mantenimiento en la red el\u00e9ctrica, previstos para este j<strong>uev<\/strong><strong>es 3 de septiembre.<\/strong><\/p>\n<p>&nbsp;<\/p>\n<p><em><strong>Cronograma seg\u00fan los barrios afectados:<\/strong><\/em><\/p>\n<p><strong>1)\u00a0<\/strong><strong>Corte total de energ\u00eda de 09:00 a 12:00 hs.\u00a0<\/strong><strong>Barrios:\u00a0<\/strong>Olmo Viejo, Independencia, Fern\u00e1ndez, Jular\u00f3, Parque Los Robles, Arturo Mateo, Las Lechuzas, El Zorzal, Altos de Robles, Etchegoyen, Arroyo de la Cruz, Altos de Ca\u00f1ad\u00f3n, Capilla Polo, Un Sector de Exaltaci\u00f3n, Puente Fierro y todos los Callejones aleda\u00f1os a la Ruta Provincial 192 y Ruta Nacional N\u00b0 8 hacia San Antonio de Areco.<\/p>\n<p><strong>2) Corte total de energ\u00eda de 12:00 a 14:00 hs. \u00a0<\/strong><strong>Barrios:\u00a0<\/strong>El Remanso, Comarca del Sol, Indio Cu\u00e1, Sakura 2, 3 y 4, Santa Coloma y todos los callejones aleda\u00f1os.<\/p>\n<p><strong>3)<\/strong><strong>\u00a0Corte total de energ\u00eda de 12:00 a 15:00 hs.\u00a0<\/strong><strong>Barrios:\u00a0<\/strong>6\u00b0 Serie Remanso, Un sector de Parque Exaltaci\u00f3n, Los Pinos, Chacras del Molino, Las Acacias, El Solar de Capilla, La Arbolada, Amarilys, Sakura, Pav\u00f3n, San Carlos y todos los callejones aleda\u00f1os a la Ruta Provincial 39 y Ruta Nacional N\u00b0 8 hacia Pilar.<\/p>\n<p>CEPRAL aprovechaba el corte de energ\u00eda para realizar tareas de <strong>poda de raleo, por seguridad el\u00e9ctrica en el Barrio Sakura sobre Calle Quiroga<\/strong>.<\/p>\n<p>&nbsp;<\/p>\n<p><strong>Los mencionados cortes afectar\u00e1n a la totalidad de los usuarios de la Cooperativa.<\/strong><\/p>\n<p><strong>Saludos cordiales\u00a0<\/strong><\/p>\n<p><strong>Consejo de Administraci\u00f3n<\/strong><\/p>\n<p><strong>CEPRAL<\/strong><\/p>\n","protected":false},"excerpt":{"rendered":"<p>INFORMACI\u00d3N \u00daTIL.<\/p>\n","protected":false},"author":3,"featured_media":34553,"comment_status":"open","ping_status":"open","sticky":false,"template":"","format":"standard","meta":{"footnotes":"","jetpack_publicize_message":"","jetpack_publicize_feature_enabled":true,"jetpack_social_post_already_shared":true,"jetpack_social_options":{"image_generator_settings":{"template":"highway","default_image_id":0,"font":"","enabled":false},"version":2},"jetpack_post_was_ever_published":false},"categories":[5],"tags":[],"class_list":["post-34547","post","type-post","status-publish","format-standard","has-post-thumbnail","hentry","category-aqui-parada-robles"],"jetpack_publicize_connections":[],"jetpack_featured_media_url":"https:\/\/revistaepocadigital.com.ar\/wp-content\/uploads\/2026\/09\/LUZ.jpeg","jetpack_likes_enabled":true,"_links":{"self":[{"href":"https:\/\/revistaepocadigital.com.ar\/index.php?rest_route=\/wp\/v2\/posts\/34547","targetHints":{"allow":["GET"]}}],"collection":[{"href":"https:\/\/revistaepocadigital.com.ar\/index.php?rest_route=\/wp\/v2\/posts"}],"about":[{"href":"https:\/\/revistaepocadigital.com.ar\/index.php?rest_route=\/wp\/v2\/types\/post"}],"author":[{"embeddable":true,"href":"https:\/\/revistaepocadigital.com.ar\/index.php?rest_route=\/wp\/v2\/users\/3"}],"replies":[{"embeddable":true,"href":"https:\/\/revistaepocadigital.com.ar\/index.php?rest_route=%2Fwp%2Fv2%2Fcomments&post=34547"}],"version-history":[{"count":5,"href":"https:\/\/revistaepocadigital.com.ar\/index.php?rest_route=\/wp\/v2\/posts\/34547\/revisions"}],"predecessor-version":[{"id":34552,"href":"https:\/\/revistaepocadigital.com.ar\/index.php?rest_route=\/wp\/v2\/posts\/34547\/revisions\/34552"}],"wp:featuredmedia":[{"embeddable":true,"href":"https:\/\/revistaepocadigital.com.ar\/index.php?rest_route=\/wp\/v2\/media\/34553"}],"wp:attachment":[{"href":"https:\/\/revistaepocadigital.com.ar\/index.php?rest_route=%2Fwp%2Fv2%2Fmedia&parent=34547"}],"wp:term":[{"taxonomy":"category","embeddable":true,"href":"https:\/\/revistaepocadigital.com.ar\/index.php?rest_route=%2Fwp%2Fv2%2Fcategories&post=34547"},{"taxonomy":"post_tag","embeddable":true,"href":"https:\/\/revistaepocadigital.com.ar\/index.php?rest_route=%2Fwp%2Fv2%2Ftags&post=34547"}],"curies":[{"name":"wp","href":"https:\/\/api.w.org\/{rel}","templated":true}]}}