{"id":3455,"date":"2019-10-01T16:06:08","date_gmt":"2019-10-01T19:06:08","guid":{"rendered":"https:\/\/revistaepocadigital.com.ar\/?p=3455"},"modified":"2019-10-01T16:07:26","modified_gmt":"2019-10-01T19:07:26","slug":"ariel-herling-primer-candidato-a-concejal-por-cambiemos-podemos-ganar","status":"publish","type":"post","link":"https:\/\/revistaepocadigital.com.ar\/?p=3455","title":{"rendered":"ARIEL HERLING. Primer candidato a concejal de Juntos por el Cambio:  &#8220;PODEMOS GANAR&#8221;"},"content":{"rendered":"<p><strong>ELECCIONES GENERALES.<\/strong><!--more--><\/p>\n<p><strong>Ariel Herling<\/strong>, encabeza la lista de concejales de <strong>Juntos por el Cambio.<\/strong> Ha mantenido duros cruces en el Concejo.<\/p>\n<p><strong><em>&#8220;Las mayores diferencias con el oficialismo local, surgen debido a la falta de transparencia de la\u00a0 gesti\u00f3n municipal&#8221;<\/em><\/strong><\/p>\n<p>Ariel Herling se sum\u00f3 a la pol\u00edtica en 2012 junto a Ra\u00fal Sancho, por entonces le dieron el puntapi\u00e9 inicial al Movimiento Serapio Sosa, y con el transcurso del tiempo, se afianzaron en Cambiemos. Actual concejal, Herling est\u00e1 casado con Denisse desde hace 4 a\u00f1os, tienen un hijo, Ethan de 2 a\u00f1os y medio y cuenta con un estudio de dise\u00f1o desde hace 13 a\u00f1os en la vecina ciudad de Pilar. Encabeza la lista de candidatos a concejales por Cambiemos; EPOCA lo entrevist\u00f3.<\/p>\n<p>&nbsp;<\/p>\n<p>&nbsp;<\/p>\n<figure id=\"attachment_3458\" aria-describedby=\"caption-attachment-3458\" style=\"width: 782px\" class=\"wp-caption aligncenter\"><img loading=\"lazy\" decoding=\"async\" class=\"size-full wp-image-3458\" src=\"https:\/\/revistaepocadigital.com.ar\/wp-content\/uploads\/2019\/10\/herlin-san.jpg\" alt=\"\" width=\"782\" height=\"780\" srcset=\"https:\/\/revistaepocadigital.com.ar\/wp-content\/uploads\/2019\/10\/herlin-san.jpg 782w, https:\/\/revistaepocadigital.com.ar\/wp-content\/uploads\/2019\/10\/herlin-san-150x150.jpg 150w, https:\/\/revistaepocadigital.com.ar\/wp-content\/uploads\/2019\/10\/herlin-san-300x300.jpg 300w, https:\/\/revistaepocadigital.com.ar\/wp-content\/uploads\/2019\/10\/herlin-san-768x766.jpg 768w, https:\/\/revistaepocadigital.com.ar\/wp-content\/uploads\/2019\/10\/herlin-san-696x694.jpg 696w, https:\/\/revistaepocadigital.com.ar\/wp-content\/uploads\/2019\/10\/herlin-san-421x420.jpg 421w\" sizes=\"auto, (max-width: 782px) 100vw, 782px\" \/><figcaption id=\"caption-attachment-3458\" class=\"wp-caption-text\">Herling junto a Ra\u00fal Sancho, candidato a intendente; Patricio Diez (titular del Consejo Escolar), el presidente de la UCR local, dirigentes y allegados, en ocasi\u00f3n del 14 de Septiembre luego del oficio religioso.<\/figcaption><\/figure>\n<p><strong>Como concejal opositor por Cambiemos, \u00bfcuando habla con vecinos, en que aspectoles menciona las prioridades que pretenden modificar en caso de ser electos en <\/strong><strong>en las elecciones generales de este mes?<\/strong><\/p>\n<p><em>-Uno de los mayores problemas que hoy tenemos en el distrito, tiene que ver con la<\/em><br \/>\n<em>infraestructura. Venimos muy atr\u00e1s cuando nos comparamos con el resto de la provincia, pero m\u00e1s all\u00e1 de eso que es muy visible, existen prioridades muy b\u00e1sicas, la educaci\u00f3n es una en especial. Creemos que en la actualidfad, el terciario que logramos impulsar, es una gran herramienta pero faltan m\u00e1s todav\u00eda, tenemos que capacitar a nuestros j\u00f3venes para el futuro, necesitamos que las empresas que se est\u00e1n acercando a Exaltaci\u00f3n de la Cruz, incorporen mano de obra local.<\/em><br \/>\n<em>Otra de las prioridades, es descentralizar el municipio; necesitamos que est\u00e9 m\u00e1s cerca de la g<\/em><em>ente, que cada barrio cuente con lo b\u00e1sico, en salud, seguridad, en lo depor?vo. Cuando se encuentra todo como en el presente, concentrado enun lugar, es dif\u00edcil que los vecinos de los barrios puedan acceder a servicios esenciales, y la verdad, eso no puede ocurrir.<\/em><\/p>\n<p><strong>-Ha mantenido fuertes cruces con concejales del oficialismo, con el encuadre pol\u00edtico<\/strong><br \/>\n<strong>adoptado por la lista oficialista encabezada por Diego Nanni, donde confluyen sectores afines si bien de <\/strong><strong>distinta extracci\u00f3n, que lo apoyan asi como a la f\u00f3rmula Fernandez-Fernandez, \u00bfcomo avisora<\/strong><strong>que ser\u00e1 la convivencia y abordaje de los temas en el HCD desde diciembre?<\/strong><\/p>\n<p><em>-Las mayores diferencias con el oficialismo local surgen debido a la falta de transparencia de la gesti\u00f3n municipal. Son muchos los temas que suben al Concejo y no se encuentran respaldados por la informaci\u00f3n que es necesaria. Fueron varios los proyectos que al no tener la informaci\u00f3n que requerimos por parte de nuestro bloque, han generan los cruces. Por otro lado nosotros siempre nos enfocamos en el \u00e1mbito local, la gente nos vot\u00f3 para defenderlos en Exaltaci\u00f3n de la Cruz, as\u00ed que m\u00e1s all\u00e1 de las diferencias nacionales o provinciales, en el terreno local encontramos muchas cosas en com\u00fan con otros sectores que tambi\u00e9n ven los problemas de 28 a\u00f1os de lo mismo, sueldos municipales bajos, barrios destruidos y falta de transporte en otros casos.<\/em><\/p>\n<p><strong>-As\u00ed como debe ocurrir en la naci\u00f3n y en la provincia por parte de Cambiemos, \u00bfcree posible que se revierta el resultado de las PASO, que dio el triunfo a Diego Nanni del Frente de Todos, y en tal caso en que se basa?<\/strong><br \/>\n&#8211;<em>Creemos que en Exaltaci\u00f3n de la Cruz, es posible ganar la elecci\u00f3n; que como paso en el 2015 crecimos mucho con respecto a las PASO, y el oficialismo por las diferencias con los que hab\u00edan llevado adelante la interna, bajaron varios puntos. Todos coincidimos en que tantos a\u00f1os de lo mismo en el manejo del municipio no es nada bueno, y esto se nota en el desgaste que muestra el oficialismo.<\/em><\/p>\n<p><strong>-Recientes controversias lo han encontrado polemizando con el oficialismo, por ejemplo, por los sueldos del personal municipal, la anunciada donaci\u00f3n de importante suma de dinero de una empresa al hospital tema debatido en el HDC; el estado de calles de barrios del distrito. \u00bfDonde hace foco <\/strong><strong>para plantear sus divergencias y cuestionamientos?<\/strong><br \/>\n<em>-Con el tema de los sueldos del personal municipal se debati\u00f3 mucho, porque cuando se<\/em><br \/>\n<em>aumentaron las tasas con una de las excusas del ejecu?vo municipal, que era para que se trasladara ese <\/em><em>porcentaje a los sueldos, cosa que no pas\u00f3. Se habl\u00f3 de un aumento del 50% y no fue as\u00ed.<\/em><br \/>\n<em>La explicaci\u00f3n es que aumentaron los b\u00e1sicos, y les bajaron los adicionales. La verdad me parece una burla a la gente que trabaja y se esfuerza todos los d\u00edas, mientras que los que ocupan puestos pol\u00edticos ganan sueldos que no van en el mismo sentido.<\/em><br \/>\n<em>En lo que se refiere por otro lado, a una empresa que hace poco don\u00f3 120.000 d\u00f3lares para el hospital, cuando solicitamos desde el Concejo que fuera m\u00e1s clara la situaci\u00f3n, que se realizara en insumos para el <\/em><em>hospital o en una cuenta especial para que podamos controlarla, nad<\/em>a de eso fue posible. Lo<em> hicieron como hacen muchas cosas, sin brindar la claridad necesaria. Tenemos que tener en cuenta que esta empresa est\u00e1 desarrollando un emprendimiento inmobiliario, y el municipio es el que debe controlar, por eso exig\u00edamos que sea todo transparente.<\/em><br \/>\n<em>Respecto al estado de los barrios, es preocupante; este a\u00f1o aprobamos una ordenanza donde se declaraba la emergencia en infraestructura, para darle a los vecinos herramientas claras para mejorar su situaci\u00f3n. Pero luego de que fuera aprobada con el acompa\u00f1amiento de varios bloques, el intendente la vet\u00f3. Encima ahora se acercan las elecciones y han pretendido hacer todo en dos meses con resultados obvios, las cosas quedan peor que antes. Muchos vecinos indignados notamos, al ver que calles alcanzadas por \u201clos arreglos\u201d, despu\u00e9s han quedado intransitables. Adem\u00e1s todo esto al no contar con una buena planificaci\u00f3n, termina siendo un parche electoral.<\/em><\/p>\n<p><strong>-\u00bfC\u00f3mo evaluar\u00eda la actuaci\u00f3n del HCD en los \u00faltimos per\u00edodos, y que impresion<\/strong><br \/>\n<strong>considera que el HCD despierta en los vecinos?<\/strong><br \/>\n<em>-Creo que en los dos a\u00f1os transcurridos, cambi\u00f3 mucho el Concejo con la presidencia de Ra\u00fal Sancho; en particular se le dio mucha apertura a los vecinos, cosa que antes no pasaba. En la actualidad, es habitual que en las sesiones se analicen notas de vecinos con inquietudes o propuestas. Por otro lado logramos un bloque opositor que trabaj\u00f3 mucho para por un lado controlar, y por el otro generar consensos para aprobar ordenanzas que beneficien a los vecinos.<\/em><\/p>\n","protected":false},"excerpt":{"rendered":"<p>ELECCIONES GENERALES.<\/p>\n","protected":false},"author":4,"featured_media":3457,"comment_status":"open","ping_status":"open","sticky":false,"template":"","format":"standard","meta":{"footnotes":"","jetpack_publicize_message":"","jetpack_publicize_feature_enabled":true,"jetpack_social_post_already_shared":false,"jetpack_social_options":{"image_generator_settings":{"template":"highway","default_image_id":0,"font":"","enabled":false},"version":2}},"categories":[17],"tags":[44,492],"class_list":["post-3455","post","type-post","status-publish","format-standard","has-post-thumbnail","hentry","category-politica","tag-elecciones-2019","tag-juntos-por-el-cambio"],"jetpack_publicize_connections":[],"jetpack_featured_media_url":"https:\/\/revistaepocadigital.com.ar\/wp-content\/uploads\/2019\/10\/herli.jpg","jetpack_likes_enabled":true,"_links":{"self":[{"href":"https:\/\/revistaepocadigital.com.ar\/index.php?rest_route=\/wp\/v2\/posts\/3455","targetHints":{"allow":["GET"]}}],"collection":[{"href":"https:\/\/revistaepocadigital.com.ar\/index.php?rest_route=\/wp\/v2\/posts"}],"about":[{"href":"https:\/\/revistaepocadigital.com.ar\/index.php?rest_route=\/wp\/v2\/types\/post"}],"author":[{"embeddable":true,"href":"https:\/\/revistaepocadigital.com.ar\/index.php?rest_route=\/wp\/v2\/users\/4"}],"replies":[{"embeddable":true,"href":"https:\/\/revistaepocadigital.com.ar\/index.php?rest_route=%2Fwp%2Fv2%2Fcomments&post=3455"}],"version-history":[{"count":0,"href":"https:\/\/revistaepocadigital.com.ar\/index.php?rest_route=\/wp\/v2\/posts\/3455\/revisions"}],"wp:featuredmedia":[{"embeddable":true,"href":"https:\/\/revistaepocadigital.com.ar\/index.php?rest_route=\/wp\/v2\/media\/3457"}],"wp:attachment":[{"href":"https:\/\/revistaepocadigital.com.ar\/index.php?rest_route=%2Fwp%2Fv2%2Fmedia&parent=3455"}],"wp:term":[{"taxonomy":"category","embeddable":true,"href":"https:\/\/revistaepocadigital.com.ar\/index.php?rest_route=%2Fwp%2Fv2%2Fcategories&post=3455"},{"taxonomy":"post_tag","embeddable":true,"href":"https:\/\/revistaepocadigital.com.ar\/index.php?rest_route=%2Fwp%2Fv2%2Ftags&post=3455"}],"curies":[{"name":"wp","href":"https:\/\/api.w.org\/{rel}","templated":true}]}}