{"id":34560,"date":"2026-09-02T22:04:07","date_gmt":"2026-09-03T01:04:07","guid":{"rendered":"https:\/\/revistaepocadigital.com.ar\/?p=34560"},"modified":"2026-09-02T22:07:48","modified_gmt":"2026-09-03T01:07:48","slug":"subsidios-para-dos-escuelas-del-distrito","status":"publish","type":"post","link":"https:\/\/revistaepocadigital.com.ar\/?p=34560","title":{"rendered":"Subsidios para dos escuelas del distrito"},"content":{"rendered":"<aside id=\"below-header\" class=\"widget-area widget-area-below-header active-1\" role=\"complementary\">\n<section id=\"adrotate_widgets-2\" class=\"widget adrotate_widgets\">\n<div class=\"g g-1\"><\/div>\n<\/section>\n<\/aside>\n<div class=\"content-container\">\n<div class=\"layout-container\">\n<section id=\"main\" class=\"main\" role=\"main\">\n<div id=\"loop-container\" class=\"loop-container\">\n<div class=\"post-20212 post type-post status-publish format-standard has-post-thumbnail hentry category-politica tag-diego-nanni tag-escuelas tag-subsidios entry\">\n<article>\n<h5 class=\"featured-image\"><span style=\"color: #111111; font-family: Roboto, sans-serif; font-size: 32px;\"><strong>El destino es para mejorar sus instalaciones<\/strong>.<!--more--><\/span><\/h5>\n<div class=\"post-content\">\n<div class=\"addtoany_share_save_container addtoany_content addtoany_content_top\">\n<p class=\"wp-block-paragraph\">Dos establecimientos educativos de Exaltaci\u00f3n de la Cruz recibieron nuevos recursos destinados a fortalecer sus instalaciones y atender necesidades concretas de sus comunidades. Han sido la Escuela Primaria N\u00b08 y la Escuela Primaria N\u00b016, beneficiadas con subsidios gestionados por el diputado Diego Nanni en\u00a0 la C\u00e1mara de Diputados de la Provincia de Buenos Aires. El acto en el que las escuelas recibieron los subsidios, lo encabez\u00f3 el intendente Luis Mariano Martin, y tuvo lugar en el Complejo Universitario Municipal en Capilla del Se\u00f1or. Tambi\u00e9n asistieron la secretaria de Gobierno, Mar\u00eda Luz Bozzani, y autoridades de las instituciones educativas.<\/p>\n<p class=\"wp-block-paragraph\">En el caso de la Escuela Primaria N\u00b08 -consign\u00f3 el peri\u00f3dico El Lugare\u00f1o- , el dinero ser\u00e1 destinado a incorporar ventiladores de pared para las aulas. La adquisici\u00f3n apunta a mejorar las condiciones de las intalaciones donde los estudiantes desarrollan a diario las actividades educativas. La instituci\u00f3n a su vez, volcar\u00e1 una parte del subsidio para comprar una impresora destinada al equipo directivo.<\/p>\n<\/div>\n<p><img loading=\"lazy\" decoding=\"async\" class=\"aligncenter size-medium wp-image-34562\" src=\"https:\/\/revistaepocadigital.com.ar\/wp-content\/uploads\/2026\/09\/Nanni-subsidios-escuelas_01-300x169.jpg\" alt=\"\" width=\"300\" height=\"169\" srcset=\"https:\/\/revistaepocadigital.com.ar\/wp-content\/uploads\/2026\/09\/Nanni-subsidios-escuelas_01-300x169.jpg 300w, https:\/\/revistaepocadigital.com.ar\/wp-content\/uploads\/2026\/09\/Nanni-subsidios-escuelas_01-1200x675.jpg 1200w, https:\/\/revistaepocadigital.com.ar\/wp-content\/uploads\/2026\/09\/Nanni-subsidios-escuelas_01-768x432.jpg 768w, https:\/\/revistaepocadigital.com.ar\/wp-content\/uploads\/2026\/09\/Nanni-subsidios-escuelas_01-696x392.jpg 696w, https:\/\/revistaepocadigital.com.ar\/wp-content\/uploads\/2026\/09\/Nanni-subsidios-escuelas_01-1068x601.jpg 1068w, https:\/\/revistaepocadigital.com.ar\/wp-content\/uploads\/2026\/09\/Nanni-subsidios-escuelas_01-747x420.jpg 747w, https:\/\/revistaepocadigital.com.ar\/wp-content\/uploads\/2026\/09\/Nanni-subsidios-escuelas_01.jpg 1280w\" sizes=\"auto, (max-width: 300px) 100vw, 300px\" \/><\/p>\n<div class=\"post-content\">\n<p class=\"wp-block-paragraph\">En tanto, la Escuela Primaria N\u00b016, defini\u00f3 tambi\u00e9n seg\u00fan el medio citado, otra prioridad para utilizar los recursos. El subsidio permitir\u00e1 adquirir juegos infantiles, con la intenci\u00f3n de generar un espacio apuntado al encuentro, recreaci\u00f3n y esparcimiento de los alumnos durante la jornada escolar.<\/p>\n<p class=\"wp-block-paragraph\">La recepci\u00f3n de subsidios, ha pretendido acompa\u00f1ar en forma directa a ambas escuelas, y que con el dinero, se avance en forma concreta para mejorar los dos establecimientos.<\/p>\n<p class=\"wp-block-paragraph\">Desde el municipio remarcaron el objetivo de continuar acompa\u00f1ando a las escuelas mediante recursos para traducirse en mejoras concre<em>tas. \u00abSeguimos acompa\u00f1ando a nuestras instituciones educativas con recursos que se transforman en mejores condiciones para ense\u00f1ar, aprender y crecer\u00bb,<\/em> destac\u00f3 el intendente.<\/p>\n<p>Foto:<\/p>\n<\/div>\n<\/div>\n<\/article>\n<\/div>\n<\/div>\n<\/section>\n<\/div>\n<\/div>\n","protected":false},"excerpt":{"rendered":"<p>El destino es para mejorar sus instalaciones.<\/p>\n","protected":false},"author":4,"featured_media":34562,"comment_status":"open","ping_status":"open","sticky":false,"template":"","format":"standard","meta":{"footnotes":"","jetpack_publicize_message":"","jetpack_publicize_feature_enabled":true,"jetpack_social_post_already_shared":true,"jetpack_social_options":{"image_generator_settings":{"template":"highway","default_image_id":0,"font":"","enabled":false},"version":2},"jetpack_post_was_ever_published":false},"categories":[4],"tags":[3626],"class_list":["post-34560","post","type-post","status-publish","format-standard","has-post-thumbnail","hentry","category-aqui-los-cardales","tag-subsidios-a-dos-escuelas"],"jetpack_publicize_connections":[],"jetpack_featured_media_url":"https:\/\/revistaepocadigital.com.ar\/wp-content\/uploads\/2026\/09\/Nanni-subsidios-escuelas_01.jpg","jetpack_likes_enabled":true,"_links":{"self":[{"href":"https:\/\/revistaepocadigital.com.ar\/index.php?rest_route=\/wp\/v2\/posts\/34560","targetHints":{"allow":["GET"]}}],"collection":[{"href":"https:\/\/revistaepocadigital.com.ar\/index.php?rest_route=\/wp\/v2\/posts"}],"about":[{"href":"https:\/\/revistaepocadigital.com.ar\/index.php?rest_route=\/wp\/v2\/types\/post"}],"author":[{"embeddable":true,"href":"https:\/\/revistaepocadigital.com.ar\/index.php?rest_route=\/wp\/v2\/users\/4"}],"replies":[{"embeddable":true,"href":"https:\/\/revistaepocadigital.com.ar\/index.php?rest_route=%2Fwp%2Fv2%2Fcomments&post=34560"}],"version-history":[{"count":3,"href":"https:\/\/revistaepocadigital.com.ar\/index.php?rest_route=\/wp\/v2\/posts\/34560\/revisions"}],"predecessor-version":[{"id":34564,"href":"https:\/\/revistaepocadigital.com.ar\/index.php?rest_route=\/wp\/v2\/posts\/34560\/revisions\/34564"}],"wp:featuredmedia":[{"embeddable":true,"href":"https:\/\/revistaepocadigital.com.ar\/index.php?rest_route=\/wp\/v2\/media\/34562"}],"wp:attachment":[{"href":"https:\/\/revistaepocadigital.com.ar\/index.php?rest_route=%2Fwp%2Fv2%2Fmedia&parent=34560"}],"wp:term":[{"taxonomy":"category","embeddable":true,"href":"https:\/\/revistaepocadigital.com.ar\/index.php?rest_route=%2Fwp%2Fv2%2Fcategories&post=34560"},{"taxonomy":"post_tag","embeddable":true,"href":"https:\/\/revistaepocadigital.com.ar\/index.php?rest_route=%2Fwp%2Fv2%2Ftags&post=34560"}],"curies":[{"name":"wp","href":"https:\/\/api.w.org\/{rel}","templated":true}]}}