{"id":3462,"date":"2019-10-01T16:20:49","date_gmt":"2019-10-01T19:20:49","guid":{"rendered":"https:\/\/revistaepocadigital.com.ar\/?p=3462"},"modified":"2019-10-01T16:20:49","modified_gmt":"2019-10-01T19:20:49","slug":"frente-de-todos-gustavo-candia-primer-candidato-a-concejal-de-la-lista-de-diego-nanni","status":"publish","type":"post","link":"https:\/\/revistaepocadigital.com.ar\/?p=3462","title":{"rendered":"FRENTE DE TODOS.  Gustavo Candia primer candidato a concejal de la lista de Diego Nanni"},"content":{"rendered":"<p><strong>ELECCIONES GENERALES.<\/strong><!--more--><\/p>\n<p><em><strong>&#8220;No hay una oferta de candidatos que puedan hacer pensar que<\/strong><\/em><br \/>\n<em><strong>no vamos a poder aumentar la diferencia lograda en las PASO&#8221;.<\/strong><\/em><\/p>\n<p>Integra <strong>Gustavo Candia,<\/strong> ingeniero industrial recibido en la Universidad de Luj\u00e1n, el staff municipal como secretario de obras p\u00fablicas. Militante pol\u00edtico encabeza la lista de candidatos a concejales que postula a Diego Nanni como intendente. Apunta continuar en la funci\u00f3n p\u00fablica, en este caso desde el Concejo Deliberante de Exaltaci\u00f3n de la Cruz. Manifest\u00f3 en la entrevista con EPOCA, su pensamiento, su filosof\u00eda pol\u00edtica y lo que avisora a futuro.<\/p>\n<p><strong>-Diego Nanni ha dicho que aguardan en las elecciones inminentes, aumentar las diferencias con respecto a Juntos por el Cambio, en relaci\u00f3n al triunfo logrado en las PASO. \u00bfEn que se <\/strong><strong>apoya en su caso para sostener este pron\u00f3stico?<\/strong><br \/>\n<em>-Bueno en mi caso apoyo esa teor\u00eda en dos circunstancias, la primera es que el Frente de Todos a nivel municipal obtuvo m\u00e1s de 13.000 votos; votos que dif\u00edcilmente vayan a alcanzar otras fuerzas pol\u00edticas y por otro lado no hay una oferta de candidatos que puedan hacer pensar que no vamos a poder aumentar la diferencia lograda el 11 de agosto en las PASO.<\/em><\/p>\n<p>&nbsp;<\/p>\n<figure id=\"attachment_3465\" aria-describedby=\"caption-attachment-3465\" style=\"width: 720px\" class=\"wp-caption aligncenter\"><img loading=\"lazy\" decoding=\"async\" class=\"size-full wp-image-3465\" src=\"https:\/\/revistaepocadigital.com.ar\/wp-content\/uploads\/2019\/10\/nani-can.jpg\" alt=\"\" width=\"720\" height=\"479\" srcset=\"https:\/\/revistaepocadigital.com.ar\/wp-content\/uploads\/2019\/10\/nani-can.jpg 720w, https:\/\/revistaepocadigital.com.ar\/wp-content\/uploads\/2019\/10\/nani-can-300x200.jpg 300w, https:\/\/revistaepocadigital.com.ar\/wp-content\/uploads\/2019\/10\/nani-can-696x463.jpg 696w, https:\/\/revistaepocadigital.com.ar\/wp-content\/uploads\/2019\/10\/nani-can-631x420.jpg 631w\" sizes=\"auto, (max-width: 720px) 100vw, 720px\" \/><figcaption id=\"caption-attachment-3465\" class=\"wp-caption-text\">Nanni (centro), Candia (ext.der.arriba) y el resto de los candidatos del Frente de Todos.<\/figcaption><\/figure>\n<p><strong>-Como hombre del oficialismo, se supone que adem\u00e1s de resaltar logros de la actual administraci\u00f3n, tambi\u00e9n debe contemplar las materias pendientes de la administraci\u00f3n. A prop\u00f3sito entonces, cual considera <\/strong><strong>que han sido las principales falencias del oficialismo en los per\u00edodos m\u00e1s recientes?<\/strong><br \/>\n<em>-Esta administraci\u00f3n siempre le ha dado prioridad a la salud de la poblaci\u00f3n, como prueba de lo que sostengo, podemos comprobar los avances de los \u00faltimos a\u00f1os en el hospital, a pesar de la crisis econ\u00f3mica y del contexto nacional y provincial. Debido al gran crecimiento poblacional durante los \u00faltimos tiempos, sobretodo en el corredor de la Ruta 8, no se han podido satisfacer las demandas de infraestructura solicitadas por aquellos vecinos. Creo que la mayor inversi\u00f3n en el \u00e1rea de salud ya se realiz\u00f3, por lo que el desaf\u00edo de la gesti\u00f3n que viene, ser\u00e1 poder darle avance a los servicios que no se han podido atender en el \u00faltimo tiempo.<\/em><\/p>\n<p><strong>-Para usted, que lugar, que consideraci\u00f3n estima que le brindan los vecinos de Exaltaci\u00f3n de la Cruz al HCD?<\/strong><br \/>\n<em>-Muy importante, el HCD es la representaci\u00f3n de todos los vecinos donde se realiza un trabajo que muchas veces es silencioso pero fundamental para el desarrollo del distrito. L\u00e1stima que muchas veces alentado por la oposici\u00f3n, se desvirtu\u00e9 el funcionamiento, dejando plasmadas chicanas en vez de consensos. Mi aporte en el HCD ser\u00e1 para lograr pol\u00edticas de construcci\u00f3n, y ser\u00e1 en funci\u00f3n de mi experiencia trabajando dentro del ejecutivo municipal, lo que me va a permitir en forma consensuada con los vecinos, plasmar en ordenanzas muchas cosas que se van a poder concretar para mejorar Exaltaci\u00f3n de la Cruz<\/em>.<\/p>\n<p><strong>-En caso que Nanni se impusiera en las elecciones de este mes, y en funci\u00f3n de los<\/strong><br \/>\n<strong>constantes encuentros, an\u00e1lisis, evaluaciones entre los principales referentes del Frente de Todos en el distrito, \u00bfqu\u00e9 cambios m\u00e1s salientes deber\u00edan aguardar los vecinos?, \u00bfpodr\u00eda notarse una impronta <\/strong><strong>diferente en el manejo del municipio?<\/strong><br \/>\n<em>-Los vecinos podr\u00e1n ver una fuerte inversi\u00f3n en plataformas digitales, para que ellos puedan realizar tr\u00e1mites de manera m\u00e1s \u00e1gil y sencilla. Esto permitir\u00e1 adaptarse a los tiempos actuales, donde la tecnolog\u00eda marca tambi\u00e9n la relaci\u00f3n m\u00e1s cercana entre los vecinos y la municipalidad.<\/em><br \/>\n<em>Por otro en lo que se refiere a la impronta, estar\u00e1 marcada por la presencia de un joven dirigente como intendente, acompa\u00f1ado por jovenes como Mar\u00eda Luz Bozzani que marcar\u00e1n un recambio generacional.<\/em><\/p>\n<p><strong>LOS CUESTIONAMIENTOS DESDE JUNTOS POR EL CAMBIO<\/strong><\/p>\n<p><strong>-Desde la oposici\u00f3n, en particular desde Juntos por el Cambio, se marca que la municipalidad sali\u00f3 a estar presente en las calles, con obras, reparaciones, asistencias sociales, debido al periodo electoral que se ha transitado, en tanto que esa presencia no se not\u00f3 en a\u00f1os anteriores.<\/strong><br \/>\n<em>-Eso que han dicho, se trata de una maniobra pol\u00edtica desde la oposici\u00f3n, la presencia en la<\/em><br \/>\n<em>calle es algo que marca a esta gesti\u00f3n. A trav\u00e9s de los a\u00f1os hemos sabido escuchar y atender a los vecinos en todo lo que estuvo a nuestro alcance, y hemos podido logras cosas muy importantes para mejorar la <\/em><em>calidad de vida de los pobladores del distrito. Se han llevado a cabo, obras importantes en el Hospital San Jose como tambi\u00e9n otras hist\u00f3ricas como la del puente del Ferrocarril Mitre para evitar inundaciones en Capilla del Se\u00f1or, y esperamos junto a Diego (Nanni) como intendente si es elegido por el pueblo, poder<\/em><br \/>\n<em>continuar trasformando a Exaltaci\u00f3n de la Cruz.<\/em><\/p>\n","protected":false},"excerpt":{"rendered":"<p>ELECCIONES GENERALES.<\/p>\n","protected":false},"author":4,"featured_media":3464,"comment_status":"open","ping_status":"open","sticky":false,"template":"","format":"standard","meta":{"footnotes":"","jetpack_publicize_message":"","jetpack_publicize_feature_enabled":true,"jetpack_social_post_already_shared":false,"jetpack_social_options":{"image_generator_settings":{"template":"highway","default_image_id":0,"font":"","enabled":false},"version":2}},"categories":[13],"tags":[493],"class_list":["post-3462","post","type-post","status-publish","format-standard","has-post-thumbnail","hentry","category-interes-general","tag-elecciones-frente-de-todos"],"jetpack_publicize_connections":[],"jetpack_featured_media_url":"https:\/\/revistaepocadigital.com.ar\/wp-content\/uploads\/2019\/10\/candia-19.jpg","jetpack_likes_enabled":true,"_links":{"self":[{"href":"https:\/\/revistaepocadigital.com.ar\/index.php?rest_route=\/wp\/v2\/posts\/3462","targetHints":{"allow":["GET"]}}],"collection":[{"href":"https:\/\/revistaepocadigital.com.ar\/index.php?rest_route=\/wp\/v2\/posts"}],"about":[{"href":"https:\/\/revistaepocadigital.com.ar\/index.php?rest_route=\/wp\/v2\/types\/post"}],"author":[{"embeddable":true,"href":"https:\/\/revistaepocadigital.com.ar\/index.php?rest_route=\/wp\/v2\/users\/4"}],"replies":[{"embeddable":true,"href":"https:\/\/revistaepocadigital.com.ar\/index.php?rest_route=%2Fwp%2Fv2%2Fcomments&post=3462"}],"version-history":[{"count":0,"href":"https:\/\/revistaepocadigital.com.ar\/index.php?rest_route=\/wp\/v2\/posts\/3462\/revisions"}],"wp:featuredmedia":[{"embeddable":true,"href":"https:\/\/revistaepocadigital.com.ar\/index.php?rest_route=\/wp\/v2\/media\/3464"}],"wp:attachment":[{"href":"https:\/\/revistaepocadigital.com.ar\/index.php?rest_route=%2Fwp%2Fv2%2Fmedia&parent=3462"}],"wp:term":[{"taxonomy":"category","embeddable":true,"href":"https:\/\/revistaepocadigital.com.ar\/index.php?rest_route=%2Fwp%2Fv2%2Fcategories&post=3462"},{"taxonomy":"post_tag","embeddable":true,"href":"https:\/\/revistaepocadigital.com.ar\/index.php?rest_route=%2Fwp%2Fv2%2Ftags&post=3462"}],"curies":[{"name":"wp","href":"https:\/\/api.w.org\/{rel}","templated":true}]}}