{"id":3473,"date":"2019-10-06T11:08:27","date_gmt":"2019-10-06T14:08:27","guid":{"rendered":"https:\/\/revistaepocadigital.com.ar\/?p=3473"},"modified":"2019-10-06T12:41:43","modified_gmt":"2019-10-06T15:41:43","slug":"el-jardin-901-inaugura-el-salon-de-musica-y-biblioteca","status":"publish","type":"post","link":"https:\/\/revistaepocadigital.com.ar\/?p=3473","title":{"rendered":"El Jard\u00edn 901. Inauguraci\u00f3n del sal\u00f3n de M\u00fasica y Biblioteca"},"content":{"rendered":"<p><strong>EL ESFUERZO Y DEDICACION DEL JARDIN DE INFANTES 901 ALTE. JULI\u00c1N IRIZAR.<\/strong><\/p>\n<p><!--more--><\/p>\n<p>Ha sido y contin\u00faa en forma permanente, para optimizar la propuesta educativa para los chicos en sus primeros escalones para recibir la educaci\u00f3n merecida a lo largo de su vida como estudiantes, por parte del Jard\u00edn 901 dirigido por la profesora Ana Mar\u00eda Eiras de Sancho.<\/p>\n<p>Muestra del cometido en que se encuentran inmersos en la inauguraci\u00f3n del nuevo Sal\u00f3n de M\u00fasica y Biblioteca.<\/p>\n<p><img loading=\"lazy\" decoding=\"async\" class=\"aligncenter size-full wp-image-3475\" src=\"https:\/\/revistaepocadigital.com.ar\/wp-content\/uploads\/2019\/10\/NUEVA-IMAGEN-1-1.png\" alt=\"\" width=\"577\" height=\"546\" srcset=\"https:\/\/revistaepocadigital.com.ar\/wp-content\/uploads\/2019\/10\/NUEVA-IMAGEN-1-1.png 577w, https:\/\/revistaepocadigital.com.ar\/wp-content\/uploads\/2019\/10\/NUEVA-IMAGEN-1-1-300x284.png 300w, https:\/\/revistaepocadigital.com.ar\/wp-content\/uploads\/2019\/10\/NUEVA-IMAGEN-1-1-444x420.png 444w\" sizes=\"auto, (max-width: 577px) 100vw, 577px\" \/><\/p>\n","protected":false},"excerpt":{"rendered":"<p>EL ESFUERZO Y DEDICACION DEL JARDIN DE INFANTES 901 ALTE. JULI\u00c1N IRIZAR.<\/p>\n","protected":false},"author":4,"featured_media":3476,"comment_status":"open","ping_status":"open","sticky":false,"template":"","format":"standard","meta":{"footnotes":"","jetpack_publicize_message":"","jetpack_publicize_feature_enabled":true,"jetpack_social_post_already_shared":false,"jetpack_social_options":{"image_generator_settings":{"template":"highway","default_image_id":0,"font":"","enabled":false},"version":2}},"categories":[11],"tags":[37,496],"class_list":["post-3473","post","type-post","status-publish","format-standard","has-post-thumbnail","hentry","category-entidades","tag-destacada","tag-jardin-901"],"jetpack_publicize_connections":[],"jetpack_featured_media_url":"https:\/\/revistaepocadigital.com.ar\/wp-content\/uploads\/2019\/10\/IMAGEN2.png","jetpack_likes_enabled":true,"_links":{"self":[{"href":"https:\/\/revistaepocadigital.com.ar\/index.php?rest_route=\/wp\/v2\/posts\/3473","targetHints":{"allow":["GET"]}}],"collection":[{"href":"https:\/\/revistaepocadigital.com.ar\/index.php?rest_route=\/wp\/v2\/posts"}],"about":[{"href":"https:\/\/revistaepocadigital.com.ar\/index.php?rest_route=\/wp\/v2\/types\/post"}],"author":[{"embeddable":true,"href":"https:\/\/revistaepocadigital.com.ar\/index.php?rest_route=\/wp\/v2\/users\/4"}],"replies":[{"embeddable":true,"href":"https:\/\/revistaepocadigital.com.ar\/index.php?rest_route=%2Fwp%2Fv2%2Fcomments&post=3473"}],"version-history":[{"count":0,"href":"https:\/\/revistaepocadigital.com.ar\/index.php?rest_route=\/wp\/v2\/posts\/3473\/revisions"}],"wp:featuredmedia":[{"embeddable":true,"href":"https:\/\/revistaepocadigital.com.ar\/index.php?rest_route=\/wp\/v2\/media\/3476"}],"wp:attachment":[{"href":"https:\/\/revistaepocadigital.com.ar\/index.php?rest_route=%2Fwp%2Fv2%2Fmedia&parent=3473"}],"wp:term":[{"taxonomy":"category","embeddable":true,"href":"https:\/\/revistaepocadigital.com.ar\/index.php?rest_route=%2Fwp%2Fv2%2Fcategories&post=3473"},{"taxonomy":"post_tag","embeddable":true,"href":"https:\/\/revistaepocadigital.com.ar\/index.php?rest_route=%2Fwp%2Fv2%2Ftags&post=3473"}],"curies":[{"name":"wp","href":"https:\/\/api.w.org\/{rel}","templated":true}]}}