{"id":3478,"date":"2019-10-06T11:28:20","date_gmt":"2019-10-06T14:28:20","guid":{"rendered":"https:\/\/revistaepocadigital.com.ar\/?p=3478"},"modified":"2019-10-06T11:28:20","modified_gmt":"2019-10-06T14:28:20","slug":"desde-el-jardin-901-agradecen-al-rotary-club-capilla","status":"publish","type":"post","link":"https:\/\/revistaepocadigital.com.ar\/?p=3478","title":{"rendered":"Desde el Jard\u00edn 901 agradecen al Rotary Club Capilla"},"content":{"rendered":"<p class=\"yiv8767772059MsoNormal\"><strong>POR LA DONACI\u00d3N EFECTUADA.<\/strong><!--more--><\/p>\n<p class=\"yiv8767772059MsoNormal\"><b><span lang=\"ES-AR\">\u00a0<\/span><\/b><span lang=\"ES-AR\"> SR. DIRECTOR.<\/span><\/p>\n<p class=\"yiv8767772059MsoNormal\"><span lang=\"ES-AR\">\u00a0<\/span><\/p>\n<p class=\"yiv8767772059MsoNormal\"><span lang=\"ES-AR\">\u00a0 \u00a0\u00a0\u00a0\u00a0\u00a0\u00a0\u00a0\u00a0\u00a0\u00a0\u00a0\u00a0\u00a0\u00a0\u00a0\u00a0\u00a0\u00a0\u00a0\u00a0\u00a0\u00a0\u00a0\u00a0\u00a0\u00a0\u00a0\u00a0\u00a0Por medio de la presente, la que suscribe, Prof. Ana Mar\u00eda Eiras de Sancho, Directora Titular del Jard\u00edn de Infantes 901, se dirigen a Ud., para poder dar a traves de su medio, difusi\u00f3n a la siguiente nota:<\/span><\/p>\n<p class=\"yiv8767772059MsoNormal\"><span lang=\"ES-AR\">\u201cEl Equipo Directivo, Docentes, Auxiliares,\u00a0 Alumnos y Cooperadora, agradecen al \u00a0ROTARY CLUB DE CAPILLA DEL SE\u00d1OR, la Donaci\u00f3n de dos bibliotecas y 8 hermosas cortinas de Lino para poner en las ventanas del nuevo Sal\u00f3n de M\u00fasica y Biblioteca pronto a inaugurar\u201d. <\/span><\/p>\n<p class=\"yiv8767772059MsoNormal\"><span lang=\"ES-AR\">Much\u00edsimas gracias por esta donaci\u00f3n.<\/span><\/p>\n<p class=\"yiv8767772059MsoNormal\"><span lang=\"ES-AR\">\u00a0\u00a0\u00a0\u00a0\u00a0\u00a0\u00a0\u00a0\u00a0\u00a0\u00a0\u00a0\u00a0\u00a0\u00a0\u00a0\u00a0\u00a0\u00a0\u00a0 \u00a0\u00a0Sin otro particular, agradeci\u00e9ndole Sr. Director la amabilidad de publicarlo, lo saluda muy atte.<\/span><\/p>\n<p class=\"yiv8767772059MsoNormal\"><span lang=\"ES-AR\">\u00a0<\/span><span lang=\"ES-AR\">\u00a0\u00a0\u00a0\u00a0\u00a0\u00a0\u00a0\u00a0\u00a0\u00a0\u00a0\u00a0\u00a0\u00a0\u00a0\u00a0\u00a0\u00a0\u00a0\u00a0\u00a0\u00a0\u00a0\u00a0\u00a0\u00a0\u00a0\u00a0\u00a0\u00a0\u00a0\u00a0\u00a0\u00a0\u00a0\u00a0\u00a0\u00a0\u00a0\u00a0\u00a0\u00a0\u00a0\u00a0\u00a0\u00a0\u00a0 <\/span><span lang=\"ES-AR\">Prof. Ana Mar\u00eda Eiras de Sancho<\/span><\/p>\n<p class=\"yiv8767772059MsoNormal\"><span lang=\"ES-AR\">\u00a0\u00a0\u00a0\u00a0\u00a0\u00a0\u00a0\u00a0\u00a0\u00a0\u00a0\u00a0\u00a0\u00a0\u00a0\u00a0\u00a0\u00a0\u00a0 \u00a0\u00a0\u00a0\u00a0\u00a0\u00a0\u00a0\u00a0\u00a0\u00a0\u00a0\u00a0\u00a0\u00a0\u00a0\u00a0\u00a0\u00a0\u00a0\u00a0\u00a0\u00a0\u00a0\u00a0\u00a0\u00a0\u00a0\u00a0\u00a0\u00a0\u00a0\u00a0\u00a0\u00a0\u00a0\u00a0\u00a0\u00a0\u00a0\u00a0\u00a0\u00a0\u00a0 Directora Titular<\/span><\/p>\n","protected":false},"excerpt":{"rendered":"<p>POR LA DONACI\u00d3N EFECTUADA.<\/p>\n","protected":false},"author":3,"featured_media":3482,"comment_status":"open","ping_status":"open","sticky":false,"template":"","format":"standard","meta":{"footnotes":"","jetpack_publicize_message":"","jetpack_publicize_feature_enabled":true,"jetpack_social_post_already_shared":false,"jetpack_social_options":{"image_generator_settings":{"template":"highway","default_image_id":0,"font":"","enabled":false},"version":2}},"categories":[8],"tags":[497,84],"class_list":["post-3478","post","type-post","status-publish","format-standard","has-post-thumbnail","hentry","category-correo-de-lectores","tag-jardin-de-infantes-901","tag-rotary"],"jetpack_publicize_connections":[],"jetpack_featured_media_url":"https:\/\/revistaepocadigital.com.ar\/wp-content\/uploads\/2019\/10\/eiras-any-1.jpg","jetpack_likes_enabled":true,"_links":{"self":[{"href":"https:\/\/revistaepocadigital.com.ar\/index.php?rest_route=\/wp\/v2\/posts\/3478","targetHints":{"allow":["GET"]}}],"collection":[{"href":"https:\/\/revistaepocadigital.com.ar\/index.php?rest_route=\/wp\/v2\/posts"}],"about":[{"href":"https:\/\/revistaepocadigital.com.ar\/index.php?rest_route=\/wp\/v2\/types\/post"}],"author":[{"embeddable":true,"href":"https:\/\/revistaepocadigital.com.ar\/index.php?rest_route=\/wp\/v2\/users\/3"}],"replies":[{"embeddable":true,"href":"https:\/\/revistaepocadigital.com.ar\/index.php?rest_route=%2Fwp%2Fv2%2Fcomments&post=3478"}],"version-history":[{"count":0,"href":"https:\/\/revistaepocadigital.com.ar\/index.php?rest_route=\/wp\/v2\/posts\/3478\/revisions"}],"wp:featuredmedia":[{"embeddable":true,"href":"https:\/\/revistaepocadigital.com.ar\/index.php?rest_route=\/wp\/v2\/media\/3482"}],"wp:attachment":[{"href":"https:\/\/revistaepocadigital.com.ar\/index.php?rest_route=%2Fwp%2Fv2%2Fmedia&parent=3478"}],"wp:term":[{"taxonomy":"category","embeddable":true,"href":"https:\/\/revistaepocadigital.com.ar\/index.php?rest_route=%2Fwp%2Fv2%2Fcategories&post=3478"},{"taxonomy":"post_tag","embeddable":true,"href":"https:\/\/revistaepocadigital.com.ar\/index.php?rest_route=%2Fwp%2Fv2%2Ftags&post=3478"}],"curies":[{"name":"wp","href":"https:\/\/api.w.org\/{rel}","templated":true}]}}