{"id":3505,"date":"2019-10-28T15:33:55","date_gmt":"2019-10-28T18:33:55","guid":{"rendered":"https:\/\/revistaepocadigital.com.ar\/?p=3505"},"modified":"2019-10-28T16:31:37","modified_gmt":"2019-10-28T19:31:37","slug":"yo-me-presento-asi","status":"publish","type":"post","link":"https:\/\/revistaepocadigital.com.ar\/?p=3505","title":{"rendered":"RODEADO POR LA GENTE, EL FESTEJO"},"content":{"rendered":"<p><strong>NANNI EN PLENA CELEBRACI\u00d3N.<\/strong><!--more--><\/p>\n<p>Diego Nanni, habl\u00f3 con los medios locales y luego se dirigi\u00f3 a la nutrida cantidad de seguidores que se dio cita en la Plaza San Mart\u00edn de Capilla del Se\u00f1or para festejar.<\/p>\n<p>Mir\u00e1.<\/p>\n<p>&nbsp;<\/p>\n<div class=\"fb-video\" data-allowfullscreen=\"true\" data-href=\"https:\/\/www.facebook.com\/Esteban.Fabian.Informa\/videos\/2955393381156256\/?t=5\" style=\"background-color: #fff; display: inline-block;\"><\/div>\n<p>&nbsp;<\/p>\n<div class=\"fb-video\" data-allowfullscreen=\"true\" data-href=\"https:\/\/www.facebook.com\/mariaandreina.duran\/videos\/10216086011368973\/?t=5\" style=\"background-color: #fff; display: inline-block;\"><\/div>\n<p>&nbsp;<\/p>\n","protected":false},"excerpt":{"rendered":"<p>NANNI EN PLENA CELEBRACI\u00d3N.<\/p>\n","protected":false},"author":3,"featured_media":3511,"comment_status":"open","ping_status":"open","sticky":false,"template":"","format":"standard","meta":{"footnotes":"","jetpack_publicize_message":"","jetpack_publicize_feature_enabled":true,"jetpack_social_post_already_shared":false,"jetpack_social_options":{"image_generator_settings":{"template":"highway","default_image_id":0,"font":"","enabled":false},"version":2}},"categories":[13],"tags":[43,503,66],"class_list":["post-3505","post","type-post","status-publish","format-standard","has-post-thumbnail","hentry","category-interes-general","tag-elecciones","tag-ganador","tag-nanni"],"jetpack_publicize_connections":[],"jetpack_featured_media_url":"https:\/\/revistaepocadigital.com.ar\/wp-content\/uploads\/2019\/10\/nanni-andre-andrea.jpg","jetpack_likes_enabled":true,"_links":{"self":[{"href":"https:\/\/revistaepocadigital.com.ar\/index.php?rest_route=\/wp\/v2\/posts\/3505","targetHints":{"allow":["GET"]}}],"collection":[{"href":"https:\/\/revistaepocadigital.com.ar\/index.php?rest_route=\/wp\/v2\/posts"}],"about":[{"href":"https:\/\/revistaepocadigital.com.ar\/index.php?rest_route=\/wp\/v2\/types\/post"}],"author":[{"embeddable":true,"href":"https:\/\/revistaepocadigital.com.ar\/index.php?rest_route=\/wp\/v2\/users\/3"}],"replies":[{"embeddable":true,"href":"https:\/\/revistaepocadigital.com.ar\/index.php?rest_route=%2Fwp%2Fv2%2Fcomments&post=3505"}],"version-history":[{"count":0,"href":"https:\/\/revistaepocadigital.com.ar\/index.php?rest_route=\/wp\/v2\/posts\/3505\/revisions"}],"wp:featuredmedia":[{"embeddable":true,"href":"https:\/\/revistaepocadigital.com.ar\/index.php?rest_route=\/wp\/v2\/media\/3511"}],"wp:attachment":[{"href":"https:\/\/revistaepocadigital.com.ar\/index.php?rest_route=%2Fwp%2Fv2%2Fmedia&parent=3505"}],"wp:term":[{"taxonomy":"category","embeddable":true,"href":"https:\/\/revistaepocadigital.com.ar\/index.php?rest_route=%2Fwp%2Fv2%2Fcategories&post=3505"},{"taxonomy":"post_tag","embeddable":true,"href":"https:\/\/revistaepocadigital.com.ar\/index.php?rest_route=%2Fwp%2Fv2%2Ftags&post=3505"}],"curies":[{"name":"wp","href":"https:\/\/api.w.org\/{rel}","templated":true}]}}