{"id":3513,"date":"2019-10-28T12:43:06","date_gmt":"2019-10-28T15:43:06","guid":{"rendered":"https:\/\/revistaepocadigital.com.ar\/?p=3513"},"modified":"2019-10-28T16:50:26","modified_gmt":"2019-10-28T19:50:26","slug":"3513-2","status":"publish","type":"post","link":"https:\/\/revistaepocadigital.com.ar\/?p=3513","title":{"rendered":"C\u00e1ncer de mama, prevenilo, controlate"},"content":{"rendered":"<p><strong>UNA PROBLEM\u00c1TICA PARA TENER MUY EN CUENTA.<\/strong><!--more--><\/p>\n<p><img loading=\"lazy\" decoding=\"async\" class=\"aligncenter size-full wp-image-3515\" src=\"https:\/\/revistaepocadigital.com.ar\/wp-content\/uploads\/2019\/10\/cancermana.jpg\" alt=\"\" width=\"640\" height=\"960\" srcset=\"https:\/\/revistaepocadigital.com.ar\/wp-content\/uploads\/2019\/10\/cancermana.jpg 640w, https:\/\/revistaepocadigital.com.ar\/wp-content\/uploads\/2019\/10\/cancermana-200x300.jpg 200w, https:\/\/revistaepocadigital.com.ar\/wp-content\/uploads\/2019\/10\/cancermana-280x420.jpg 280w, https:\/\/revistaepocadigital.com.ar\/wp-content\/uploads\/2019\/10\/cancermana-560x840.jpg 560w\" sizes=\"auto, (max-width: 640px) 100vw, 640px\" \/><\/p>\n<p>En el marco del <strong>mes internacional de la prevenci\u00f3n y concientizaci\u00f2n del C\u00e1ncer de Mama,<\/strong> el 31 de octubre a las 19 ten\u00eda lugar en el Centro Cultural Municipal Cosmopolita de Capilla del Se\u00f1or, la charla sobre prevenci\u00f3n, control y concientizaci\u00f2n, organizada por la Secretar\u00eca de Salud y Calidad de Vida del municipio de Exaltaci\u00f3n de la Cruz,\u00a0 a cargo de los <strong>Dres. Mar\u00eda Jos\u00e9 Longarela y Carlos Ramos.<\/strong><\/p>\n","protected":false},"excerpt":{"rendered":"<p>UNA PROBLEM\u00c1TICA PARA TENER MUY EN CUENTA.<\/p>\n","protected":false},"author":3,"featured_media":3514,"comment_status":"open","ping_status":"open","sticky":false,"template":"","format":"standard","meta":{"footnotes":"","jetpack_publicize_message":"","jetpack_publicize_feature_enabled":true,"jetpack_social_post_already_shared":false,"jetpack_social_options":{"image_generator_settings":{"template":"highway","default_image_id":0,"font":"","enabled":false},"version":2}},"categories":[5,13],"tags":[112,504],"class_list":["post-3513","post","type-post","status-publish","format-standard","has-post-thumbnail","hentry","category-aqui-parada-robles","category-interes-general","tag-campana","tag-cancer-de-mama"],"jetpack_publicize_connections":[],"jetpack_featured_media_url":"https:\/\/revistaepocadigital.com.ar\/wp-content\/uploads\/2019\/10\/cancermana1.jpg","jetpack_likes_enabled":true,"_links":{"self":[{"href":"https:\/\/revistaepocadigital.com.ar\/index.php?rest_route=\/wp\/v2\/posts\/3513","targetHints":{"allow":["GET"]}}],"collection":[{"href":"https:\/\/revistaepocadigital.com.ar\/index.php?rest_route=\/wp\/v2\/posts"}],"about":[{"href":"https:\/\/revistaepocadigital.com.ar\/index.php?rest_route=\/wp\/v2\/types\/post"}],"author":[{"embeddable":true,"href":"https:\/\/revistaepocadigital.com.ar\/index.php?rest_route=\/wp\/v2\/users\/3"}],"replies":[{"embeddable":true,"href":"https:\/\/revistaepocadigital.com.ar\/index.php?rest_route=%2Fwp%2Fv2%2Fcomments&post=3513"}],"version-history":[{"count":0,"href":"https:\/\/revistaepocadigital.com.ar\/index.php?rest_route=\/wp\/v2\/posts\/3513\/revisions"}],"wp:featuredmedia":[{"embeddable":true,"href":"https:\/\/revistaepocadigital.com.ar\/index.php?rest_route=\/wp\/v2\/media\/3514"}],"wp:attachment":[{"href":"https:\/\/revistaepocadigital.com.ar\/index.php?rest_route=%2Fwp%2Fv2%2Fmedia&parent=3513"}],"wp:term":[{"taxonomy":"category","embeddable":true,"href":"https:\/\/revistaepocadigital.com.ar\/index.php?rest_route=%2Fwp%2Fv2%2Fcategories&post=3513"},{"taxonomy":"post_tag","embeddable":true,"href":"https:\/\/revistaepocadigital.com.ar\/index.php?rest_route=%2Fwp%2Fv2%2Ftags&post=3513"}],"curies":[{"name":"wp","href":"https:\/\/api.w.org\/{rel}","templated":true}]}}