{"id":3531,"date":"2019-10-30T14:39:48","date_gmt":"2019-10-30T17:39:48","guid":{"rendered":"https:\/\/revistaepocadigital.com.ar\/?p=3531"},"modified":"2019-10-30T16:05:26","modified_gmt":"2019-10-30T19:05:26","slug":"el-secretario-flores-dio-sus-explicaciones","status":"publish","type":"post","link":"https:\/\/revistaepocadigital.com.ar\/?p=3531","title":{"rendered":"LAS EXPLICACIONES DE FLORES"},"content":{"rendered":"<p><strong>DURANTE UNA CONFERENCIA DE PRENSA.<\/strong><!--more--><\/p>\n<p>En las im\u00e1genes, podes ver y escuchar la postura de Guillermo Flores, Secretario de Coordinaci\u00f3n del municipio ante la tan dura pol\u00e9mica originado por el auto cuya titularidad pertenece a una empresa, situaci\u00f3n que fuera denunciada ante la justicia por el titular del Concejo Deliberante, Ra\u00fal Sancho a principios de octubre. En el encuentro\u00a0 con los medios, tambi\u00e9n se abordaron otros temas r\u00edspidos atinentes al municipio que han originado cuestionamientos.<\/p>\n<p>Flores antes hab\u00eda efectuado su descargo ante la justicia, donde menciona que tom\u00f3 conocimiento del caso a trav\u00e9s del programa period\u00edstico &#8220;Cr\u00f3nica Noticias&#8221; y de la cuenta en la red social Facebook de Sancho. El presidente del HCD lo denunci\u00f3 por utilizar un veh\u00edculo marca Chevrolet Cruze dominio MLN703, con la correspondiente c\u00e9dula azul a su nombre, cuyo titular es la empresa GyC Construcciones S.A, una de las principales prestadoras de obras p\u00fablicas para el municipio local.<\/p>\n<p>&nbsp;<\/p>\n<div class=\"fb-video\" data-allowfullscreen=\"true\" data-href=\"https:\/\/www.facebook.com\/Esteban.Fabian.Informa\/videos\/2959476907414570\/?t=111\" style=\"background-color: #fff; display: inline-block;\"><\/div>\n<p>&nbsp;<\/p>\n<p>&nbsp;<\/p>\n<div class=\"fb-video\" data-allowfullscreen=\"true\" data-href=\"https:\/\/www.facebook.com\/Esteban.Fabian.Informa\/videos\/2959417190753875\/?t=108\" style=\"background-color: #fff; display: inline-block;\"><\/div>\n<p>&nbsp;<\/p>\n","protected":false},"excerpt":{"rendered":"<p>DURANTE UNA CONFERENCIA DE PRENSA.<\/p>\n","protected":false},"author":3,"featured_media":3535,"comment_status":"open","ping_status":"open","sticky":false,"template":"","format":"standard","meta":{"footnotes":"","jetpack_publicize_message":"","jetpack_publicize_feature_enabled":true,"jetpack_social_post_already_shared":false,"jetpack_social_options":{"image_generator_settings":{"template":"highway","default_image_id":0,"font":"","enabled":false},"version":2}},"categories":[17],"tags":[37,507,508],"class_list":["post-3531","post","type-post","status-publish","format-standard","has-post-thumbnail","hentry","category-politica","tag-destacada","tag-flores","tag-polemica"],"jetpack_publicize_connections":[],"jetpack_featured_media_url":"https:\/\/revistaepocadigital.com.ar\/wp-content\/uploads\/2019\/10\/flores-marches.jpg","jetpack_likes_enabled":true,"_links":{"self":[{"href":"https:\/\/revistaepocadigital.com.ar\/index.php?rest_route=\/wp\/v2\/posts\/3531","targetHints":{"allow":["GET"]}}],"collection":[{"href":"https:\/\/revistaepocadigital.com.ar\/index.php?rest_route=\/wp\/v2\/posts"}],"about":[{"href":"https:\/\/revistaepocadigital.com.ar\/index.php?rest_route=\/wp\/v2\/types\/post"}],"author":[{"embeddable":true,"href":"https:\/\/revistaepocadigital.com.ar\/index.php?rest_route=\/wp\/v2\/users\/3"}],"replies":[{"embeddable":true,"href":"https:\/\/revistaepocadigital.com.ar\/index.php?rest_route=%2Fwp%2Fv2%2Fcomments&post=3531"}],"version-history":[{"count":0,"href":"https:\/\/revistaepocadigital.com.ar\/index.php?rest_route=\/wp\/v2\/posts\/3531\/revisions"}],"wp:featuredmedia":[{"embeddable":true,"href":"https:\/\/revistaepocadigital.com.ar\/index.php?rest_route=\/wp\/v2\/media\/3535"}],"wp:attachment":[{"href":"https:\/\/revistaepocadigital.com.ar\/index.php?rest_route=%2Fwp%2Fv2%2Fmedia&parent=3531"}],"wp:term":[{"taxonomy":"category","embeddable":true,"href":"https:\/\/revistaepocadigital.com.ar\/index.php?rest_route=%2Fwp%2Fv2%2Fcategories&post=3531"},{"taxonomy":"post_tag","embeddable":true,"href":"https:\/\/revistaepocadigital.com.ar\/index.php?rest_route=%2Fwp%2Fv2%2Ftags&post=3531"}],"curies":[{"name":"wp","href":"https:\/\/api.w.org\/{rel}","templated":true}]}}