{"id":3541,"date":"2019-11-01T09:12:45","date_gmt":"2019-11-01T12:12:45","guid":{"rendered":"https:\/\/revistaepocadigital.com.ar\/?p=3541"},"modified":"2019-11-01T09:12:45","modified_gmt":"2019-11-01T12:12:45","slug":"cuestiones-de-poder","status":"publish","type":"post","link":"https:\/\/revistaepocadigital.com.ar\/?p=3541","title":{"rendered":"CUESTIONES DE PODER"},"content":{"rendered":"<p><strong>DESPU\u00c9S DE LAS ELECCIONES. COMO HA QUEDADO EL &#8220;NUEVO&#8221; CONCEJO DELIBERANTE.<\/strong><!--more--><\/p>\n<p><strong>Diego Nann<\/strong>i asume en diciembre como nuevo intendente de <strong>Exaltaci\u00f3n de la Cruz,<\/strong> despu\u00e9s de ganar las elecciones por el Frente de Todos, como ocurrri\u00f3 en el pa\u00eds con <strong>Alberto Fern\u00e1ndez<\/strong> el presidente electo y <strong>Axel Kicillof<\/strong> en la provincia, el gobernador para los pr\u00f3ximos cuatro a\u00f1os.<\/p>\n<p>En Exaltaci\u00f3n de la Cruz los resultados que le dieron la victoria al Frente de Todos encabezado por Nanni, y los que consigui\u00f3 Juntos por el Cambio, por los que EPOCA entrevist\u00f3 a Nanni el ganador y a Sancho, su oponente quien perdi\u00f3 en las urnas, han derivado en que el <strong>mapa pol\u00edtico<\/strong> expresado en el nuevo Concejo Deliberante, pareciera indicar que habr\u00e1 mucho debate y marcadas diferencias.<\/p>\n<p>Por el oficialismo han ingresado al HCD, Gustavo Candia, Daniela Dichiara, Christian Alonso y Patricia Guglielmotti; en tanto dejan sus bancas Leonardo Staniscia, Mart\u00edn Real Salas y Mart\u00edn Faure, ingresado con posterioridad en reemplazo de Mar\u00eda Luz Bozzani. En tanto permanecen Mart\u00edn David y Santill\u00e1n.<\/p>\n<p>Del lado de JUntos por el Cambio\/Cambiemos, incorpor\u00f3 un concejal m\u00e1s, totalizando tres producto de las elecciones; Ariel Herling quien renov\u00f3 su banca y Veronica Ludwig Dreier y Silvio Noriega; al completar su mandato deja el HCD, Graciela Venturino y siguen Ra\u00fal Sancho, Susana Aguilar y Gonz\u00e1lez. A su vez, desaparece el bloque del Frente Renovador, que integraran Graciela Gallo y Pablo Modena, a los que tambien se les venci\u00f3 el mandato. Tambi\u00e9n por dos a\u00f1os m\u00e1s, prosiguen como concejales Andrea Melo y Emmanuel Mart\u00ednez, elegidos en su momento por Unidad Ciudadana (kirchnerismo). Melo pod\u00eda formar un bloque unipersonal y sobre Mart\u00ednez se descuenta sus coincidencias con el oficialismo. En cuanta a la conformaci\u00f3n de las seis comisiones del HCD, habr\u00eda mayor\u00eda oficialista.<\/p>\n<p>Una<strong> etapa nueva, crucial y plagada de complejidades<\/strong> como las que se agolparon en los \u00faltimos tiempos, aguarda al pa\u00eds y a Exaltaci\u00f3n de la Cruz. <strong>Nanni debe conducir<\/strong> el municipio poniendo en pr\u00e1ctica <strong>su compromiso<\/strong> de responder las demandas de los vecinos y hacer crecer al distrito en un <strong>contexto complicado,<\/strong> mientras que al HCD le aguardan por la eventual paridad de fuerzas, debates, proyectos, resoluciones que van a elevar la temperatura, aguard\u00e1ndose que como es prioritario en la politica argentina, las metas est\u00e9n enfocadas en el pueblo, porqu\u00e9 uno de las grandes materias pendientes.<\/p>\n<p>Y mientras tanto, se analizaban y avanzaban ideas, especulaciones, acerca de como se ha de plantear el<strong> escenario pol\u00edtico exaltacrucense,<\/strong> surgi\u00f3 la fuerte pol\u00e9mica ante la denuncia en la justicia presentada por Sancho por la utilizaci\u00f3n considerada por el conductor de Cambiemos, indebida de un autom\u00f3vil perteneciente a una empresa proveedora de la comuna, por parte del secretario de coordinaci\u00f3n Guillermo Flores, r\u00edspido asunto que como siempre apostamos en EPOCA en casos pol\u00e9micos debe dilucidarse.<\/p>\n<p>LA DIRECCION<\/p>\n<p>Foto: gentileza Info Escobar.<\/p>\n","protected":false},"excerpt":{"rendered":"<p>DESPU\u00c9S DE LAS ELECCIONES. COMO HA QUEDADO EL &#8220;NUEVO&#8221; CONCEJO DELIBERANTE.<\/p>\n","protected":false},"author":4,"featured_media":3579,"comment_status":"open","ping_status":"open","sticky":false,"template":"","format":"standard","meta":{"footnotes":"","jetpack_publicize_message":"","jetpack_publicize_feature_enabled":true,"jetpack_social_post_already_shared":false,"jetpack_social_options":{"image_generator_settings":{"template":"highway","default_image_id":0,"font":"","enabled":false},"version":2}},"categories":[10,17],"tags":[],"class_list":["post-3541","post","type-post","status-publish","format-standard","has-post-thumbnail","hentry","category-editorial","category-politica"],"jetpack_publicize_connections":[],"jetpack_featured_media_url":"https:\/\/revistaepocadigital.com.ar\/wp-content\/uploads\/2019\/11\/NANNI-ACTO-INFOESCOBAR19.jpg","jetpack_likes_enabled":true,"_links":{"self":[{"href":"https:\/\/revistaepocadigital.com.ar\/index.php?rest_route=\/wp\/v2\/posts\/3541","targetHints":{"allow":["GET"]}}],"collection":[{"href":"https:\/\/revistaepocadigital.com.ar\/index.php?rest_route=\/wp\/v2\/posts"}],"about":[{"href":"https:\/\/revistaepocadigital.com.ar\/index.php?rest_route=\/wp\/v2\/types\/post"}],"author":[{"embeddable":true,"href":"https:\/\/revistaepocadigital.com.ar\/index.php?rest_route=\/wp\/v2\/users\/4"}],"replies":[{"embeddable":true,"href":"https:\/\/revistaepocadigital.com.ar\/index.php?rest_route=%2Fwp%2Fv2%2Fcomments&post=3541"}],"version-history":[{"count":0,"href":"https:\/\/revistaepocadigital.com.ar\/index.php?rest_route=\/wp\/v2\/posts\/3541\/revisions"}],"wp:featuredmedia":[{"embeddable":true,"href":"https:\/\/revistaepocadigital.com.ar\/index.php?rest_route=\/wp\/v2\/media\/3579"}],"wp:attachment":[{"href":"https:\/\/revistaepocadigital.com.ar\/index.php?rest_route=%2Fwp%2Fv2%2Fmedia&parent=3541"}],"wp:term":[{"taxonomy":"category","embeddable":true,"href":"https:\/\/revistaepocadigital.com.ar\/index.php?rest_route=%2Fwp%2Fv2%2Fcategories&post=3541"},{"taxonomy":"post_tag","embeddable":true,"href":"https:\/\/revistaepocadigital.com.ar\/index.php?rest_route=%2Fwp%2Fv2%2Ftags&post=3541"}],"curies":[{"name":"wp","href":"https:\/\/api.w.org\/{rel}","templated":true}]}}