{"id":3543,"date":"2019-11-01T10:06:30","date_gmt":"2019-11-01T13:06:30","guid":{"rendered":"https:\/\/revistaepocadigital.com.ar\/?p=3543"},"modified":"2019-11-01T10:06:30","modified_gmt":"2019-11-01T13:06:30","slug":"por-amor-a-la-pelota","status":"publish","type":"post","link":"https:\/\/revistaepocadigital.com.ar\/?p=3543","title":{"rendered":"POR AMOR A LA PELOTA."},"content":{"rendered":"<p><strong>SANTIAGO DAVIO, VOLVIO A JUGAR AL F\u00daTBOL.<\/strong><br \/>\n<!--more--><\/p>\n<p>Santiago Davio, el conocido futbolista y t\u00e9cnico capillense, despu\u00e9s de decidir que se retiraba como jugador, volvi\u00f3 a ponerse los cortos para sumarse al <strong>Club Social y Deportivo Capilla,<\/strong> que participa con varias divisiones desde infantiles, juveniles y primera en la Liga de F\u00fatbol de San Antonio de Areco, conducido t\u00e9cnicamente el plantel de primera por Gerardo &#8220;Piri&#8221; Garate, oriundo de Luj\u00e1n.<\/p>\n<p>Davio le cont\u00f3 a EPOCA sobre los pasos dados, &#8220;respecto a mi decisi\u00f3n de jugar los 6 meses que restaban de este a\u00f1o, fue por dos motivos. El primero se trat\u00f3 de una meta personal de querer jugar vistieno la camiseta de mi pueblo, y el segundo por mi relaci\u00f3n con el actual presidente del club, que es de mucha amistad; le hab\u00eda prometido que se asum\u00eda yo iba a jugar.<\/p>\n<p><strong>-\u00bfC\u00f3mo has vivido la vuelta a las canchas?<\/strong><br \/>\n<em>-De la misma manera que cuando jugaba profesionalmente, entusiasmado, nervioso, creo que eso al que vive el f\u00fatbol como lo vivo yo, no le puede faltar. Y adem\u00e1s, ver a mi familia y a mi pap\u00e1 sentado mirando los partidos como cuando yo era chico, son cosas que son muy lindas de volverlas a vivirlas.<\/em><\/p>\n<figure id=\"attachment_3588\" aria-describedby=\"caption-attachment-3588\" style=\"width: 298px\" class=\"wp-caption aligncenter\"><img loading=\"lazy\" decoding=\"async\" class=\"size-full wp-image-3588\" src=\"https:\/\/revistaepocadigital.com.ar\/wp-content\/uploads\/2019\/11\/davio-19.jpg\" alt=\"\" width=\"298\" height=\"725\" srcset=\"https:\/\/revistaepocadigital.com.ar\/wp-content\/uploads\/2019\/11\/davio-19.jpg 298w, https:\/\/revistaepocadigital.com.ar\/wp-content\/uploads\/2019\/11\/davio-19-123x300.jpg 123w, https:\/\/revistaepocadigital.com.ar\/wp-content\/uploads\/2019\/11\/davio-19-173x420.jpg 173w\" sizes=\"auto, (max-width: 298px) 100vw, 298px\" \/><figcaption id=\"caption-attachment-3588\" class=\"wp-caption-text\">Con su hijo en la cancha.<\/figcaption><\/figure>\n<p><strong>Santiago<\/strong> comenz\u00f3 a jugar en 1997, pas\u00f3 por Boca Juniors, San Lorenzo de Almagro y debut\u00f3 en primera a los 17 a\u00f1os en Villa D\u00e1lmine de Campana,<em> &#8220;luego me incorpor\u00e9 a Defensores Unidos de Z\u00e1rate (CADU) donde pas\u00e9 gran parte de mi carrera como futbolista, estuve 7 a\u00f1os, y despu\u00e9s jugu\u00e9 en Atlas, Alem, Argentino de Merlo, Desamparados de San Juan, Acasusso y tuve la suerte se jugar en el exterior en 4 pa\u00edses, Italia, Guatemala, Venezuela y El Salvador. En Venezuela jugu\u00e9 el partido decisivo por la pre Copa Sudamericana para el Zulia ante el Deportivo T\u00e1chira&#8221;. &#8220;<\/em><\/p>\n<p><em>He vivido <\/em>-acot\u00f3- <em>una linda y larga carrera que me dio muchas cosas, hoy soy T\u00e9cnico recibido, dirijo la 5\u00aa divisi\u00f3n del club y la reserva del CADU, que como se sabe el club milita en la Primera B Metropolitana de AFA&#8221;.<\/em><\/p>\n<p>Como se ha dado en su trayectoria futbol\u00edstica,<strong> Davio<\/strong> sigue con el &#8220;9&#8221; en la espalda, el gol nunca ha dejado de ser su objetivo permanente, y le gusta compartir el plantel y el equipo con juveniles con futuro, como el caso de Joel Grecco de 18 a\u00f1os, quien<em> &#8220;en la actualidad juega en la Primera B Metropolitana para Defensores Unidos&#8221;.<\/em><\/p>\n","protected":false},"excerpt":{"rendered":"<p>SANTIAGO DAVIO, VOLVIO A JUGAR AL F\u00daTBOL.<\/p>\n","protected":false},"author":4,"featured_media":3587,"comment_status":"open","ping_status":"open","sticky":false,"template":"","format":"standard","meta":{"footnotes":"","jetpack_publicize_message":"","jetpack_publicize_feature_enabled":true,"jetpack_social_post_already_shared":false,"jetpack_social_options":{"image_generator_settings":{"template":"highway","default_image_id":0,"font":"","enabled":false},"version":2}},"categories":[9],"tags":[513,50,512],"class_list":["post-3543","post","type-post","status-publish","format-standard","has-post-thumbnail","hentry","category-deportes","tag-club-social-y-deportivo-capilla","tag-futbol","tag-santiago-davio"],"jetpack_publicize_connections":[],"jetpack_featured_media_url":"https:\/\/revistaepocadigital.com.ar\/wp-content\/uploads\/2019\/11\/davio-19a.jpg","jetpack_likes_enabled":true,"_links":{"self":[{"href":"https:\/\/revistaepocadigital.com.ar\/index.php?rest_route=\/wp\/v2\/posts\/3543","targetHints":{"allow":["GET"]}}],"collection":[{"href":"https:\/\/revistaepocadigital.com.ar\/index.php?rest_route=\/wp\/v2\/posts"}],"about":[{"href":"https:\/\/revistaepocadigital.com.ar\/index.php?rest_route=\/wp\/v2\/types\/post"}],"author":[{"embeddable":true,"href":"https:\/\/revistaepocadigital.com.ar\/index.php?rest_route=\/wp\/v2\/users\/4"}],"replies":[{"embeddable":true,"href":"https:\/\/revistaepocadigital.com.ar\/index.php?rest_route=%2Fwp%2Fv2%2Fcomments&post=3543"}],"version-history":[{"count":0,"href":"https:\/\/revistaepocadigital.com.ar\/index.php?rest_route=\/wp\/v2\/posts\/3543\/revisions"}],"wp:featuredmedia":[{"embeddable":true,"href":"https:\/\/revistaepocadigital.com.ar\/index.php?rest_route=\/wp\/v2\/media\/3587"}],"wp:attachment":[{"href":"https:\/\/revistaepocadigital.com.ar\/index.php?rest_route=%2Fwp%2Fv2%2Fmedia&parent=3543"}],"wp:term":[{"taxonomy":"category","embeddable":true,"href":"https:\/\/revistaepocadigital.com.ar\/index.php?rest_route=%2Fwp%2Fv2%2Fcategories&post=3543"},{"taxonomy":"post_tag","embeddable":true,"href":"https:\/\/revistaepocadigital.com.ar\/index.php?rest_route=%2Fwp%2Fv2%2Ftags&post=3543"}],"curies":[{"name":"wp","href":"https:\/\/api.w.org\/{rel}","templated":true}]}}