{"id":3549,"date":"2019-11-04T11:13:03","date_gmt":"2019-11-04T14:13:03","guid":{"rendered":"https:\/\/revistaepocadigital.com.ar\/?p=3549"},"modified":"2019-11-04T11:13:03","modified_gmt":"2019-11-04T14:13:03","slug":"manos-a-la-obra","status":"publish","type":"post","link":"https:\/\/revistaepocadigital.com.ar\/?p=3549","title":{"rendered":"MANOS A LA OBRA"},"content":{"rendered":"<p><strong>DIEGO NANNI, EL NUEVO INTENDENTE DE EXALTACI\u00d3N DE LA CRUZ.<\/strong><\/p>\n<p><strong> <em>&#8220;No habr\u00e1 m\u00e1s grieta conmigo al frente de la municipalidad&#8221;.<\/em> <\/strong><\/p>\n<p><strong>Asume en diciembre. Entrevista.<\/strong><br \/>\n<!--more--><\/p>\n<p>Las elecciones tan esperadas, conversadas y consideradas<strong> cruciales,<\/strong> quedaron atr\u00e1s. En el pa\u00eds, Alberto Fernandez fue elegido nuevo presidente, Cristina Fernandez como vice y en la provincia, el gobernador electo ha sido Axel Kicillof junto a Ver\u00f3nica Magario. En Exaltaci\u00f3n de la Cruz, <strong>el triunfo como sucedi\u00f3 en las PASO, le correspondi\u00f3 al Frente de Todos y Diego Nanni<\/strong> a los 42 a\u00f1os, ser\u00e1 el intendente a partir del 10 del mes que viene. Nanni despu\u00e9s de recibir el apoyo mayoritario de los habitantes del distrito, habl\u00f3 a solas con EPOCA y tuvo definiciones fuertes.<\/p>\n<p><strong>.LA IDEA<\/strong> de ser candidato a intendente. Revel\u00f3 <strong>Nanni:<em> &#8220;se me insinu\u00f3 en mi mente en 2015 cuando Adri\u00e1n (S\u00e1nchez) gan\u00f3 las elecciones por muy poco margen, not\u00e9 que la gente buscaa respuestas diferentes, gente m\u00e1s joven, otras ideas. Esto no quiere decir que Adri\u00e1n S\u00e1nchez no haya estado capacitado porque desmostr\u00f3 su val\u00eda y gran capacidad de trabajo, pero yo pensaba en apuntar a otra din\u00e1mica. No, en mis comienzos en pol\u00edtica, no pens\u00e9 que en alg\u00fan momento pudiera ser intendente del distrito, la idea fue tomando forma y en octubre de 2016 la defin\u00ed cuando creamos la UJAPU <\/em><\/strong>(sector interno justicialista)<strong><em>&#8220;<\/em>.<\/strong><\/p>\n<figure id=\"attachment_3584\" aria-describedby=\"caption-attachment-3584\" style=\"width: 540px\" class=\"wp-caption aligncenter\"><img loading=\"lazy\" decoding=\"async\" class=\"size-full wp-image-3584\" src=\"https:\/\/revistaepocadigital.com.ar\/wp-content\/uploads\/2019\/11\/nanni-fes.jpg\" alt=\"\" width=\"540\" height=\"960\" srcset=\"https:\/\/revistaepocadigital.com.ar\/wp-content\/uploads\/2019\/11\/nanni-fes.jpg 540w, https:\/\/revistaepocadigital.com.ar\/wp-content\/uploads\/2019\/11\/nanni-fes-169x300.jpg 169w, https:\/\/revistaepocadigital.com.ar\/wp-content\/uploads\/2019\/11\/nanni-fes-236x420.jpg 236w, https:\/\/revistaepocadigital.com.ar\/wp-content\/uploads\/2019\/11\/nanni-fes-473x840.jpg 473w\" sizes=\"auto, (max-width: 540px) 100vw, 540px\" \/><figcaption id=\"caption-attachment-3584\" class=\"wp-caption-text\">El intendente electo. Definiciones fuertes en la entrevista con EPOCA.<\/figcaption><\/figure>\n<p><strong>.LUEGO DE LAS PASO.<\/strong> <em>&#8220;Despu\u00e9s del importante resultado obtenido en agosto pasado, con la victoria clara ante Juntos por el Cambio, fue el momento que comprend\u00ed que est\u00e1bamos muy bien posicionado para ganar las elecciones y que yo fuera elegido intendente&#8221;.<\/em><\/p>\n<p><strong>.SU PADRE.<\/strong> El reconocido m\u00e9dico pediatra H\u00e9ctor Nanni, \u00bfque sinti\u00f3 al conocerse los resultados?. <strong><em>&#8220;Mi viejo lo vivi\u00f3 con mucha emoci\u00f3n y nervios; el me conoce bien y sabe como encaro todo a full y si bien no es del palo justicialista, siempre me apoy\u00f3 y respald\u00f3 en lo que emprendi incluso cuando estuve unos a\u00f1os radicado en Chile por razones de trabajo all\u00e1 por el a\u00f1o 2010&#8221;.<\/em><\/strong><\/p>\n<p><strong>.LA GRIETA.<\/strong> <em>&#8220;No va a haber m\u00e1s grieta conmigo en la municipalidad, y adem\u00e1s pondr\u00e9 \u00e9nfasis para que el Honorable Concejo Deliberante vuelva a ser Honorable, y no como ocurri\u00f3 en los \u00faltimos tiempos en que se convirti\u00f3 en un espacio para hacer pol\u00edtica partidaria, para chicanas y sin pensar como se debe en los vecinos&#8221;.<\/em><\/p>\n<p><strong>.EL GABINETE QUE LO ACOMPA\u00d1AR\u00c1<\/strong>. <strong><em>&#8220;Mi fije como fecha l\u00edmite el 15 de noviembre para definir quienes ser\u00e1n mis colaboradores; hablar\u00e9 con todos para que sepan lo que pretendo, enfocado a que trabajen sin claudicaciones para los vecinos y para hacer honor al compromiso contra\u00eddo como lo har\u00e9 yo&#8221;.<\/em><\/strong><\/p>\n<p><strong>.EL ORGANIGRAMA<\/strong> del municipio que se viene.<em> &#8220;Estoy analizandolo y como dije, pensando en armar mi gabinete con la prioridad que todos los que me acompa\u00f1en est\u00e9n inmersos en la misma filosof\u00eda que yo. Considero que en la acutalidad existen demasiadas direcciones, habr\u00e1 que armar un organigrama m\u00e1s austero, hay gente que hace a\u00f1os que est\u00e1 en la funci\u00f3n p\u00fablica y deber\u00e1 entender cual ser\u00e1 el enfoque que pretendo de ellos, lo mismo en el caso de nuevos funcionarios que se sumen&#8221;.<\/em><\/p>\n<p><strong>.CAMBIOS IMPORTANTES<\/strong>. <em><strong>&#8220;S\u00ed, habr\u00e1 cambios importantes en secretarias y direcciones. Esto no significa que haya integrantes que no vayan a continuar en el municipio porque lo fundamental ser\u00e1n las pol\u00edticas a poner en pr\u00e1ctica para beneficio de la gente. Los que continu\u00e9n como los funcionarios que ingresen, deber\u00e1n responder a la nueva din\u00e1mica que predominar\u00e1 en la municipalidad; s\u00ed, quiz\u00e1 haya un desgaste en algunos funcionarios luego de 28 a\u00f1os de gesti\u00f3n. Y por otro lado, si hubiera algunos nuevos a los que convocaramos, tendr\u00e1n tres meses para demostrar su compromiso con el proyecto, y sino funcionaran, bueno, buscaremos a otros. En todas las \u00e1reas trabajaremos con esa nueva din\u00e1mica, un ejemplo: en Turismo buscaremos estar junto a los comerciantes para que puedan incrementar sus beneficios producto de la llegada de visitantes&#8221;.<\/strong><\/em><\/p>\n<p><strong>.\u00bf&#8221;TIRONEOS&#8221;<\/strong> por ocupar cargos?, teniendo en cuenta que han sido varios los sectores que apoyaron la candidadura de Nanni. <em>&#8220;No,no, no los habr\u00e1;los qe trabajen deber\u00e1nn estar concientizados en lo que pretendo y deber\u00e1 mostras sus mayores capacidades m\u00e1s all\u00e1 de los sectores de los que provengan. No, este tema como el de adoptar decisiones de fondo, no me ocasionar\u00e1n un costo politico<\/em> (en el frente interno)<em>, porque en tales casos lo har\u00e9 pensando en la gente que aguarda que mi administraci\u00f3n le rinda lo mejor posible&#8221;,<\/em> sostuvo el jefe comunal electo.<\/p>\n<p><strong>.UN PUNTO CENTRAL.<\/strong> Asegur\u00f3 Nanni, <em><strong>&#8220;ser\u00e1 estar m\u00e1s cerca de los vecinos, que funcionarios y personal municipal, caminen las calles y escuchen reclamos, inquietudes, opiniones, necesidades&#8221;.<\/strong><\/em><\/p>\n<p><strong>.LA INCIDENCIA DE RICARDO BOZZANI<\/strong>. <em>&#8220;Es cierto<\/em> -dijo Nanni ante la pregunta de EPOCA-, <em>se instal\u00f3 hace mucho que Ricardo es un poco el referente pol\u00edtico en Exaltaci\u00f3n de la Cruz. La verdad, nadie puede discutir su capacidad, fue intendente, senador, funcionario provincial, y demostr\u00f3 su capacidad y experiencia. Y s\u00ed, puede haber quedado la sensaci\u00f3n que han habido funcionarios que buscaron el aval de Ricardo ante determinadas situaciones. Yo claro, lo valoro y respeto mucho por todo lo que hizo por nuestro distrito, pero en nuestra administraci\u00f3n las decisiones las tomar\u00e9 yo, y no habr\u00e1 espacio para funcionarios consult\u00e1ndolo a modo de encontrar su respaldo. Reitero, Ricardo tiene todo mi respeto y yo ir\u00e9 por el objetivo de cumplir con la obligaci\u00f3n que me delegaron los vecinos con su voto&#8221;.<\/em><\/p>\n<p><strong>.SUS INICIOS EN POLITICA.<em> &#8220;Empec\u00e9 en pol\u00edtica en 2013, despu\u00e9s estar viviendo en Chile; mi primera experiencia en el radicalismo local no fue la mejor; no me sent\u00ed bien tratado y me alej\u00e9. Tiempo m\u00e1s adelante se fueron dando las cosas para volver al terreno pol\u00edtico y lo hice dentro del justicialismo por invitaci\u00f3n de Fabi\u00e1n Mussi. Empec\u00e9 a militar con la mente puesta de dar un enfoque distinto en lo que a mi fuera. En 2014 ante el alejamiento de Luisma Mart\u00edn, me sum\u00e8 como funcionario, no fue una tarea f\u00e1cil y luego asum\u00ed como secretario de gobierno&#8221;.<\/em><\/strong><\/p>\n<p><strong>.EL COMPROMISO.<\/strong> Respecto al asumido con los pobladores exaltacruce\u00f1o, Nanni expres\u00f3: <em>&#8220;El compromiso que tenemos con la gente es grande, y desde ya estoy dispuesto a cumplir como tambi\u00e9n se lo solicitar\u00e9 a quienes me acompa\u00f1en en la gesti\u00f3n. He acumulado experiencia en la funci\u00f3n p\u00fablica y ahora quiero encabezar la administraci\u00f3n de la municipalidad con otra mirada si bien es una administraci\u00f3n comenzada hace 28 a\u00f1os. Estoy convencido reitero, que la comuna precisa dinamizarse y estar m\u00e1s cerca de los vecinos, que la gente sienta que cuenta con respuestas. Quiero que crezcamos en Exaltaci\u00f3n de la Cruz, lo digo con total sinceridad, no busco aplaudidores de turno, sino colaboradores en todos los sectores que est\u00e9n concientizados con la propuesta; sino pensara as\u00ed me hubiera quedado en mi casa junto a mi familia, que desde ya me ha apoyado en forma incondicional&#8221;.<\/em><\/p>\n<p><strong>.LA HERENCIA<\/strong>. &#8220;<em><strong>No quiero entrar en eso de la herencia recibida del actual gobierno nacional y provincial; somos conscientes que los tiempos que vendr\u00e1n ser\u00e1n muy duros, pero los afrontaremos con lo mejor de nosotros en lo q hace a Exaltaci\u00f3n de la Cruz&#8221;.<\/strong><\/em><\/p>\n<p><strong>.GENTE JOVEN.<\/strong> <em>&#8220;Creo que en las elecciones de este a\u00f1o qued\u00f3 en evidencia que la gente de Exaltaci\u00f3n de la Cruz, ha buscado alternativas de gente joven. Lo digo por el caso de Ra\u00fal Sancho y quienes lo acompa\u00f1aron m\u00e1s all\u00e1 de las diferencias pol\u00edticas que puedan separarnos, y en lo que a m\u00ed respecta&#8221;.<\/em><\/p>\n<p>Fotos: gentileza Facebook Andre\u00edna<\/p>\n","protected":false},"excerpt":{"rendered":"<p>DIEGO NANNI, EL NUEVO INTENDENTE DE EXALTACI\u00d3N DE LA CRUZ. &#8220;No habr\u00e1 m\u00e1s grieta conmigo al frente de la municipalidad&#8221;. Asume en diciembre. Entrevista.<\/p>\n","protected":false},"author":4,"featured_media":3583,"comment_status":"open","ping_status":"open","sticky":false,"template":"","format":"standard","meta":{"footnotes":"","jetpack_publicize_message":"","jetpack_publicize_feature_enabled":true,"jetpack_social_post_already_shared":false,"jetpack_social_options":{"image_generator_settings":{"template":"highway","default_image_id":0,"font":"","enabled":false},"version":2}},"categories":[17],"tags":[44,511,510],"class_list":["post-3549","post","type-post","status-publish","format-standard","has-post-thumbnail","hentry","category-politica","tag-elecciones-2019","tag-entrevista","tag-nanni-intendente-electo"],"jetpack_publicize_connections":[],"jetpack_featured_media_url":"https:\/\/revistaepocadigital.com.ar\/wp-content\/uploads\/2019\/11\/nanni-y-flia19.jpg","jetpack_likes_enabled":true,"_links":{"self":[{"href":"https:\/\/revistaepocadigital.com.ar\/index.php?rest_route=\/wp\/v2\/posts\/3549","targetHints":{"allow":["GET"]}}],"collection":[{"href":"https:\/\/revistaepocadigital.com.ar\/index.php?rest_route=\/wp\/v2\/posts"}],"about":[{"href":"https:\/\/revistaepocadigital.com.ar\/index.php?rest_route=\/wp\/v2\/types\/post"}],"author":[{"embeddable":true,"href":"https:\/\/revistaepocadigital.com.ar\/index.php?rest_route=\/wp\/v2\/users\/4"}],"replies":[{"embeddable":true,"href":"https:\/\/revistaepocadigital.com.ar\/index.php?rest_route=%2Fwp%2Fv2%2Fcomments&post=3549"}],"version-history":[{"count":0,"href":"https:\/\/revistaepocadigital.com.ar\/index.php?rest_route=\/wp\/v2\/posts\/3549\/revisions"}],"wp:featuredmedia":[{"embeddable":true,"href":"https:\/\/revistaepocadigital.com.ar\/index.php?rest_route=\/wp\/v2\/media\/3583"}],"wp:attachment":[{"href":"https:\/\/revistaepocadigital.com.ar\/index.php?rest_route=%2Fwp%2Fv2%2Fmedia&parent=3549"}],"wp:term":[{"taxonomy":"category","embeddable":true,"href":"https:\/\/revistaepocadigital.com.ar\/index.php?rest_route=%2Fwp%2Fv2%2Fcategories&post=3549"},{"taxonomy":"post_tag","embeddable":true,"href":"https:\/\/revistaepocadigital.com.ar\/index.php?rest_route=%2Fwp%2Fv2%2Ftags&post=3549"}],"curies":[{"name":"wp","href":"https:\/\/api.w.org\/{rel}","templated":true}]}}