{"id":3601,"date":"2019-11-30T18:07:14","date_gmt":"2019-11-30T21:07:14","guid":{"rendered":"https:\/\/revistaepocadigital.com.ar\/?p=3601"},"modified":"2019-12-06T17:11:47","modified_gmt":"2019-12-06T20:11:47","slug":"los-empleados-de-comercio-festejan-fin-de-ano","status":"publish","type":"post","link":"https:\/\/revistaepocadigital.com.ar\/?p=3601","title":{"rendered":"LOS EMPLEADOS DE COMERCIO FESTEJAN FIN DE A\u00d1O"},"content":{"rendered":"<p><strong>EL SINDICATO DE EMPLEADOS DE COMERCIO FILIAL Z\u00c1RATE.<\/strong><!--more--><\/p>\n<p>Aglutina a trabajadores del sector de la vecina ciudad y de Exaltaci\u00f3n de la Cruz, entre otras localidades. Como todos los a\u00f1os, organiza la reuni\u00f3n de fin de a\u00f1o para los afiliados y familias, que promete volver a resultar muy amena y divertida.<\/p>\n<p>Fijate y anotate, el evento es unicamente para empleados mercantiles. Y viste que sortean una moto!, prest\u00e1 atenci\u00f3n, para ganartela si result\u00e1s sorteado ten\u00e9s que estar presente. La vas a pasar muy bien!<\/p>\n<p><img loading=\"lazy\" decoding=\"async\" class=\"aligncenter size-full wp-image-3602\" src=\"https:\/\/revistaepocadigital.com.ar\/wp-content\/uploads\/2019\/11\/Nueva-imagen.jpg\" alt=\"\" width=\"652\" height=\"960\" srcset=\"https:\/\/revistaepocadigital.com.ar\/wp-content\/uploads\/2019\/11\/Nueva-imagen.jpg 652w, https:\/\/revistaepocadigital.com.ar\/wp-content\/uploads\/2019\/11\/Nueva-imagen-204x300.jpg 204w, https:\/\/revistaepocadigital.com.ar\/wp-content\/uploads\/2019\/11\/Nueva-imagen-285x420.jpg 285w, https:\/\/revistaepocadigital.com.ar\/wp-content\/uploads\/2019\/11\/Nueva-imagen-571x840.jpg 571w\" sizes=\"auto, (max-width: 652px) 100vw, 652px\" \/><\/p>\n","protected":false},"excerpt":{"rendered":"<p>EL SINDICATO DE EMPLEADOS DE COMERCIO FILIAL Z\u00c1RATE.<\/p>\n","protected":false},"author":3,"featured_media":3606,"comment_status":"open","ping_status":"open","sticky":false,"template":"","format":"standard","meta":{"footnotes":"","jetpack_publicize_message":"","jetpack_publicize_feature_enabled":true,"jetpack_social_post_already_shared":false,"jetpack_social_options":{"image_generator_settings":{"template":"highway","default_image_id":0,"font":"","enabled":false},"version":2}},"categories":[151,13],"tags":[515],"class_list":["post-3601","post","type-post","status-publish","format-standard","has-post-thumbnail","hentry","category-empleados-de-comercio","category-interes-general","tag-sindicato-empleados-de-comercio"],"jetpack_publicize_connections":[],"jetpack_featured_media_url":"https:\/\/revistaepocadigital.com.ar\/wp-content\/uploads\/2019\/11\/sindi-emple-comer-zara-logo.jpg","jetpack_likes_enabled":true,"_links":{"self":[{"href":"https:\/\/revistaepocadigital.com.ar\/index.php?rest_route=\/wp\/v2\/posts\/3601","targetHints":{"allow":["GET"]}}],"collection":[{"href":"https:\/\/revistaepocadigital.com.ar\/index.php?rest_route=\/wp\/v2\/posts"}],"about":[{"href":"https:\/\/revistaepocadigital.com.ar\/index.php?rest_route=\/wp\/v2\/types\/post"}],"author":[{"embeddable":true,"href":"https:\/\/revistaepocadigital.com.ar\/index.php?rest_route=\/wp\/v2\/users\/3"}],"replies":[{"embeddable":true,"href":"https:\/\/revistaepocadigital.com.ar\/index.php?rest_route=%2Fwp%2Fv2%2Fcomments&post=3601"}],"version-history":[{"count":0,"href":"https:\/\/revistaepocadigital.com.ar\/index.php?rest_route=\/wp\/v2\/posts\/3601\/revisions"}],"wp:featuredmedia":[{"embeddable":true,"href":"https:\/\/revistaepocadigital.com.ar\/index.php?rest_route=\/wp\/v2\/media\/3606"}],"wp:attachment":[{"href":"https:\/\/revistaepocadigital.com.ar\/index.php?rest_route=%2Fwp%2Fv2%2Fmedia&parent=3601"}],"wp:term":[{"taxonomy":"category","embeddable":true,"href":"https:\/\/revistaepocadigital.com.ar\/index.php?rest_route=%2Fwp%2Fv2%2Fcategories&post=3601"},{"taxonomy":"post_tag","embeddable":true,"href":"https:\/\/revistaepocadigital.com.ar\/index.php?rest_route=%2Fwp%2Fv2%2Ftags&post=3601"}],"curies":[{"name":"wp","href":"https:\/\/api.w.org\/{rel}","templated":true}]}}