{"id":3629,"date":"2019-11-19T00:10:51","date_gmt":"2019-11-19T03:10:51","guid":{"rendered":"https:\/\/revistaepocadigital.com.ar\/?p=3629"},"modified":"2019-11-19T00:10:51","modified_gmt":"2019-11-19T03:10:51","slug":"las-presiones-a-la-hora-de-conformarse-el-nuevo-gabinete-municipal","status":"publish","type":"post","link":"https:\/\/revistaepocadigital.com.ar\/?p=3629","title":{"rendered":"LAS PRESIONES A LA HORA DE CONFORMARSE EL NUEVO GABINETE MUNICIPAL"},"content":{"rendered":"<div class=\"itemIntroText\">\n<p><strong>EL QUE VA A ACOMPA\u00d1AR AL INTENDENTE DIEGO NANNI, QUIEN LAS DESMINTI\u00d3.<!--more--><\/strong><\/p>\n<p>La nota publicada por el sitio web <strong>Capillaonline.com,<\/strong> revela situaciones planteadas en torno a una cuesti\u00f3n de suma importancia. Fijate:<\/p>\n<p>Las presiones sobre la conformaci\u00f3n de la estructura que acompa\u00f1ar\u00e1 a Diego Nanni fueron lo m\u00e1s fuerte de la semana, distintos sectores arremeten contra la figura del Intendente electo para ganar posiciones estrat\u00e9gicas.<\/p>\n<\/div>\n<div class=\"itemFullText\">\n<p>Las elecciones ya pasaron y los festejos terminaron, hoy la actualidad pol\u00edtica se centra en la elaboraci\u00f3n de un conjunto que acompa\u00f1e a Nanni durante estos 4 a\u00f1os, en esta semana se conocieron publicaciones de referentes de algunos sectores del Frente de Todos en donde no quedaba bien claro su postura en cuanto respetar las decisiones del nuevo Intendente; <em>\u201cLos \u00faltimos d\u00edas fueron bastante intensos, de mucho nerviosismo para el armado del equipo con distintos sectores, sab\u00edamos que esto iba a pasar, es un espacio pol\u00edtico muy amplio\u201d<\/em>, ha contado Diego Nanni.<\/p>\n<p>Lo esperado en estas situaciones o lo que se estila es que el que tuvo mayor cantidad de votos y por lo tanto m\u00e1ximo referente del espacio ganador de las elecciones sea el que ponga a sus propios representantes en los puestos que \u00e9l considere<em>, \u201cyo creo que se especul\u00f3 mucho alrededor de las primeras conversaciones que nosotros hemos instalado pero nosotros tenemos dos ejes, uno lo pre pactado antes de todas las elecciones y el otro basado en una gesti\u00f3n de muchos a\u00f1os la cual hay que revisar\u201d.<\/em><\/p>\n<p>La llegada al distrito de personajes pol\u00edticos que desconocen o prefieren no respetar los tiempos de la gesti\u00f3n del distrito,<em> \u201ccreo que se confunden aquellos que no pertenecen al gobierno o desconocen la historia de la conformidad pol\u00edtica de la municipalidad, yo no tomo como aprietes las publicaciones que se hacen pero creo que hay que ser muy cuidadoso de no tratar de usar este tipo de cuestiones para negociar algo para alg\u00fan espacio o para alguna persona y no caer en la inmadurez de no ver lo global\u201d.<\/em><\/p>\n<p>El pedido explicit\u00f3 de puestos de importancia es el n\u00facleo de la discusi\u00f3n, ciertos personajes sin historia en <strong>Exaltaci\u00f3n de la Cruz<\/strong> exigen, sin importarles el pasado ni la rica y propia historia del distrito, <em>\u201cyo soy una persona muy agradecida con todos aquellos que me dieron una mano muy grande para llegar hasta ac\u00e1 o a quienes me han transmitido conocimiento o me bancaron en los momentos de incertidumbre, seguramente cuando tengamos todo esto amalgamado ser\u00e1 el momento de dar a conocer el gabinete, sin ofendidos ni individualidades por sobre todas las cosas\u201d.<\/em><\/p>\n<p>La posici\u00f3n del intendente electo de no renegar de sus inicios es clara, <em>\u201cNunca renegar\u00eda de la gesti\u00f3n que me da la posibilidad hoy de ser Intendente y que me deja una muy buena base para trabajar sobre ella\u201d.<\/em><\/p>\n<\/div>\n<div class=\"itemNavigation\">Foto: gentileza Lasemanaya.com.ar<\/div>\n","protected":false},"excerpt":{"rendered":"<p>EL QUE VA A ACOMPA\u00d1AR AL INTENDENTE DIEGO NANNI, QUIEN LAS DESMINTI\u00d3.<\/p>\n","protected":false},"author":3,"featured_media":3632,"comment_status":"open","ping_status":"open","sticky":false,"template":"","format":"standard","meta":{"footnotes":"","jetpack_publicize_message":"","jetpack_publicize_feature_enabled":true,"jetpack_social_post_already_shared":false,"jetpack_social_options":{"image_generator_settings":{"template":"highway","default_image_id":0,"font":"","enabled":false},"version":2}},"categories":[17],"tags":[502,518],"class_list":["post-3629","post","type-post","status-publish","format-standard","has-post-thumbnail","hentry","category-politica","tag-diego-nanni","tag-gabinete-municipal"],"jetpack_publicize_connections":[],"jetpack_featured_media_url":"https:\/\/revistaepocadigital.com.ar\/wp-content\/uploads\/2019\/11\/NANII-LA-SEMANA.jpg","jetpack_likes_enabled":true,"_links":{"self":[{"href":"https:\/\/revistaepocadigital.com.ar\/index.php?rest_route=\/wp\/v2\/posts\/3629","targetHints":{"allow":["GET"]}}],"collection":[{"href":"https:\/\/revistaepocadigital.com.ar\/index.php?rest_route=\/wp\/v2\/posts"}],"about":[{"href":"https:\/\/revistaepocadigital.com.ar\/index.php?rest_route=\/wp\/v2\/types\/post"}],"author":[{"embeddable":true,"href":"https:\/\/revistaepocadigital.com.ar\/index.php?rest_route=\/wp\/v2\/users\/3"}],"replies":[{"embeddable":true,"href":"https:\/\/revistaepocadigital.com.ar\/index.php?rest_route=%2Fwp%2Fv2%2Fcomments&post=3629"}],"version-history":[{"count":0,"href":"https:\/\/revistaepocadigital.com.ar\/index.php?rest_route=\/wp\/v2\/posts\/3629\/revisions"}],"wp:featuredmedia":[{"embeddable":true,"href":"https:\/\/revistaepocadigital.com.ar\/index.php?rest_route=\/wp\/v2\/media\/3632"}],"wp:attachment":[{"href":"https:\/\/revistaepocadigital.com.ar\/index.php?rest_route=%2Fwp%2Fv2%2Fmedia&parent=3629"}],"wp:term":[{"taxonomy":"category","embeddable":true,"href":"https:\/\/revistaepocadigital.com.ar\/index.php?rest_route=%2Fwp%2Fv2%2Fcategories&post=3629"},{"taxonomy":"post_tag","embeddable":true,"href":"https:\/\/revistaepocadigital.com.ar\/index.php?rest_route=%2Fwp%2Fv2%2Ftags&post=3629"}],"curies":[{"name":"wp","href":"https:\/\/api.w.org\/{rel}","templated":true}]}}