{"id":3642,"date":"2019-11-21T18:12:26","date_gmt":"2019-11-21T21:12:26","guid":{"rendered":"https:\/\/revistaepocadigital.com.ar\/?p=3642"},"modified":"2019-11-21T18:17:43","modified_gmt":"2019-11-21T21:17:43","slug":"en-procar4000-valerio-diamante-va-por-otro-campeonato","status":"publish","type":"post","link":"https:\/\/revistaepocadigital.com.ar\/?p=3642","title":{"rendered":"En Procar4000, Valerio Diamante va por otro campeonato"},"content":{"rendered":"<table border=\"0\" cellspacing=\"5\" cellpadding=\"5\" align=\"center\">\n<tbody>\n<tr>\n<td><strong>SE DEFINE EL NUEVO CAMPE\u00d3N DE LA CLASE A.<!--more--><\/strong><\/p>\n<p>El 14 y 15 de diciembre en el circuito 12 del Aut\u00f3dromo Oscar y Juan G\u00e1lvez de Buenos Aires, se conoce el campe\u00f3n 2019 de la Clase A del Procar4000.<\/p>\n<p>El <strong>Procar4000<\/strong> cierra un a\u00f1o estupendo en cuanto a cantidad de pilotos y autos en cada una de sus clases. La Clase B ya tiene definido el campeonato en manos de Mat\u00edas Lucero y la Chevy del Maxi Lucero Racing. S\u00f3lo resta conocer el nuevo campe\u00f3n de la Clase A y que mejor que se haga en un escenario hist\u00f3rico comoel circuito 12 porte\u00f1o.<\/p>\n<p>Ese fin de semana habr\u00e1 dos clasificaciones y dos finales, correspondientes a las 10\u00b0 y 11\u00b0 fecha del calendario 2019 del Procar4000. Se va a dividir entre s\u00e1bado y domingo y habr\u00e1 86 puntos en juego (3 por la pole y 40 por ganar la carrera: 43 puntos por fecha). <strong>En el campeonato de la Clase A hay dos candidatos firmes: el de Capilla del Se\u00f1or, Valerio Diamante y Gast\u00f3n Garmendia que no se dieron tregua en todo el a\u00f1o.<\/strong> Adem\u00e1s, otros dos pilotos que mantienen chances matem\u00e1ticas: Juan Manuel Rodr\u00edguez y el actual campe\u00f3n Diego Chao.<\/p>\n<p><strong>Valerio Diamante<\/strong> con la <strong>Dodge del T\u00e1rtara Competici\u00f3n<\/strong> acumula 363.50 puntos y es <strong>el l\u00edder del torneo producto a sus 3 victorias conseguidas en la 4\u00b0, 5\u00b0 y 6\u00b0 fecha.<\/strong> Con 86 puntos en disputa le lleva 30 de diferencia a su rival directo Gast\u00f3n Garmendia. En total tiene 4 podios y en otras 4 oportunidades logr\u00f3 el 1 en clasificaci\u00f3n. El piloto de Capilla del Se\u00f1or afronta su primer a\u00f1o en la categor\u00eda y est\u00e1 ante la gran oportunidad de conseguir su primer t\u00edtulo en la Clase A.<\/p>\n<p><em><strong>\u201cCreo que va a ser una definici\u00f3n muy peleada con Garmendia. M\u00e1s all\u00e1 de que tenemos unos puntos de diferencia en la cima del campeonato, no est\u00e1 nada dicho. La clave para el fin de semana de carrera ser\u00e1 no pararse. Tratar de sumar puntos y en la primera final del s\u00e1bado buscar terminar delante de Gast\u00f3n sea como sea para definir el campeonato, que si se llegan a dar algunos resultados se puede llegar a dar antes del domingo pero falta mucho todav\u00eda\u201d, <\/strong><\/em>analiz\u00f3 el capillense <strong>Diamante.<\/strong><\/p>\n<p><em><strong>\u201cSer\u00e1 una definici\u00f3n en la que ninguno va a regalar nada, habr\u00e1 que tener la cabeza fr\u00eda, evitar errores y no ir a ning\u00fan roce. Tenemos muchas ganas de conseguir este campeonato\u201d,<\/strong><\/em> cerr\u00f3 el piloto de Capilla del Se\u00f1or.<\/p>\n<p><img loading=\"lazy\" decoding=\"async\" src=\"https:\/\/ecp.yusercontent.com\/mail?url=http%3A%2F%2Fwww.procar4000.com.ar%2Fprocar_4000%2Fmedia%2Fcom_acymailing%2Fupload%2Ftemporada2019%2Fnoviembre2019%2Fdiamanteclasea.jpg&amp;t=1574370121&amp;ymreqid=a1e28384-e738-286e-1c22-bc0001019f00&amp;sig=t0d2HixLN3BcYQ_e9xEU7g--~C\" alt=\"\" width=\"800\" height=\"563\" \/>Valerio en la Dodge del T\u00e1rtara Competici\u00f3n.<\/p>\n<p>El segundo candidato firme al t\u00edtulo es Gast\u00f3n Garmendia. El subcampe\u00f3n 2018 de la Clase A llega a la \u00faltima fecha segundo en el torneo con 333.5 puntos gracias a la victoria que consigui\u00f3 en la 1\u00b0 fecha en el Aut\u00f3dromo de La Plata con la Dodge que atiende su propio equipo y motoriza Emiliano Bertazzo. El piloto de Federaci\u00f3n, Entre R\u00edos, se subi\u00f3 en 4 oportunidades al podio y en clasificaci\u00f3n una vez logr\u00f3 la pole position en la 7\u00b0 fecha que fue en el G\u00e1lvez con invitados. Tambi\u00e9n va por su primera corona en el Procar4000.<\/p>\n<p><em><strong>\u201cVa a ser una definici\u00f3n linda. Con Valerio seguro vamos a ir a todo o nada. En el caso nuestro estamos a treinta de diferencia y tenemos que pensar en ganar. El s\u00e1bado iremos a sumar lo m\u00e1s que podamos y dependiendo de c\u00f3mo se den los resultados, definir todo en la final del domingo. Tenemos un gran auto para dar pelea hasta el final\u201d, <\/strong><\/em>coment\u00f3 Garmendia.<\/p>\n<p><em><strong>\u201cSi elegir\u00eda un lugar para definir el campeonato ser\u00eda el Circuito 12. Es un trazado que me gusta mucho. El a\u00f1o pasado pudimos ganar y creo que est\u00e1n dadas las cosas como para ser protagonistas. El auto ha mejorado much\u00edsimo y seguro seremos unos de los tantos candidatos a ganar\u201d, <\/strong><\/em>concluy\u00f3 el de Federaci\u00f3n.<\/p>\n<p><img loading=\"lazy\" decoding=\"async\" src=\"https:\/\/ecp.yusercontent.com\/mail?url=http%3A%2F%2Fwww.procar4000.com.ar%2Fprocar_4000%2Fmedia%2Fcom_acymailing%2Fupload%2Ftemporada2019%2Fnoviembre2019%2Fgarmendiaclasea.jpg&amp;t=1574370121&amp;ymreqid=a1e28384-e738-286e-1c22-bc0001019f00&amp;sig=0H2lMj3ri6AgG1A8RkYxjw--~C\" alt=\"\" width=\"800\" height=\"582\" \/>Garmendia y la Dodge de su propio equipo motorizada por Emiliano Bertazzo.<\/p>\n<p>El tercer candidato pero que est\u00e1 lejos de la punta aunque todav\u00eda con chances matem\u00e1ticas es Juan Manuel Rodr\u00edguez, quien con la Chevy del DMC Team y \u201cToto\u201d Pereiro suma 301.5 puntos y con 86 en juego est\u00e1 a 62 de Diamante. A \u201cManolito\u201d no lo acompa\u00f1\u00f3 la suerte en m\u00e1s de una carrera todo y eso mantiene la ilusi\u00f3n de dar el batacazo siempre y cuando tanto Diamante como Garmendia no sumen nada.<\/p>\n<p>El de Lan\u00fas llega al Coronaci\u00f3n con 1 victoria bajo el brazo conseguida en una de las carreras de la 6\u00b0 fecha. Un total de 6 podios y 1 pole position lograda en la 1\u00b0 fecha en La Plata. Otro candidato que va por su primera copa de campe\u00f3n en el Procar4000.<\/p>\n<p><em><strong>\u201cEn las \u00faltimas carreras venimos complicados con el motor. Nos est\u00e1 faltando un poco m\u00e1s para estar m\u00e1s adelante. Perdemos mucho en lo derecho y es por eso que hemos trabajado mucho con el Toto y llegamos con mejoras para la \u00faltima fecha doble\u201d, <\/strong><\/em>destac\u00f3 Rodr\u00edguez.<\/p>\n<p><em><strong>\u201cEn el campeonato estamos lejos si bien hay chances matem\u00e1ticas la verdad que dejamos muchos puntos importantes en el camino por no encontrar el auto como pretend\u00edamos. Eso nos alej\u00f3 de Diamante y Garmendia as\u00ed que intentaremos cerrar el a\u00f1o con un buen resultado por todo el trabajo y dedicaci\u00f3n que le puso todo el equipo y los auspiciantes\u201d,<\/strong><\/em> cerr\u00f3 el piloto de Lan\u00fas.<\/p>\n<p><img loading=\"lazy\" decoding=\"async\" src=\"https:\/\/ecp.yusercontent.com\/mail?url=http%3A%2F%2Fwww.procar4000.com.ar%2Fprocar_4000%2Fmedia%2Fcom_acymailing%2Fupload%2Ftemporada2019%2Fnoviembre2019%2Fjmrodriguezclasea.jpg&amp;t=1574370121&amp;ymreqid=a1e28384-e738-286e-1c22-bc0001019f00&amp;sig=Q99Jpt1.ztD70ajIMpIK.Q--~C\" alt=\"\" width=\"800\" height=\"615\" \/> Rodr\u00edguez a bordo de la Chevy del DMC Team-&#8220;Toto&#8221; Pereiro.<\/p>\n<p>Finalmente el cuarto candidato es el \u201cbicampe\u00f3n\u201d Diego Chao, quien la tiene mucho m\u00e1s complicada porque acumula 289.5 puntos y con 86 en juego est\u00e1 a 74 de diferencia del puntero del campeonato. Muy dif\u00edcil ya que para conseguir el \u201cmilagro\u201d no tienen que sumar nada de nada tanto Diamante, Garmendia y Rodr\u00edguez y \u00e9l deber\u00e1 sumar todo tanto el s\u00e1bado como el domingo para retener el \u201c1\u201d. Adem\u00e1s en los \u00faltimos d\u00edas se confirm\u00f3 que vendi\u00f3 la Chevy y est\u00e1 buscando auto para poder estar presente en el Coronaci\u00f3n 2019.<\/p>\n<p>Este a\u00f1o Chao peg\u00f3 el \u201cvolantazo\u201d y despu\u00e9s de tantos a\u00f1os de logros se alej\u00f3 del Martellini Competici\u00f3n y se sum\u00f3 al equipo de Adri\u00e1n Luna y la motorizaci\u00f3n del Wilke Motorsport. Pudo conseguir la \u00fanica victoria en 2019 en la 7\u00b0 fecha en el Circuito 9 del G\u00e1lvez y en lo que va del a\u00f1o acumula 4 podios. El campe\u00f3n 2017-2018 empez\u00f3 a sumar fuerte en la segunda parte del campeonato pero el no hacerlo en la \u00faltima fecha en La Plata lo dej\u00f3 casi fuera de la pelea por el t\u00edtulo. \u00bfConseguir\u00e1 auto para correr en el Coronaci\u00f3n? Si es as\u00ed, \u00bfconseguir\u00e1 el milagro? Muy dif\u00edcil.<\/p>\n<p><em><strong>\u201cEn el campeonato estamos muy lejos. Son muy pocas las chances que tenemos. Adem\u00e1s la Chevy la vendimos y estamos en la b\u00fasqueda para ir a correr al G\u00e1lvez con otro auto. Si lo hacemos, buscaremos disfrutar el fin de semana, hacer un buen papel en el Circuito 12 y pensar de lleno en el 2020. Este fue un a\u00f1o de cambios en lo deportivo y creo que la temporada que viene estaremos m\u00e1s firmes para dar pelea por el t\u00edtulo\u201d, <\/strong><\/em>coment\u00f3 Chao.<\/p>\n<p><img loading=\"lazy\" decoding=\"async\" src=\"https:\/\/ecp.yusercontent.com\/mail?url=http%3A%2F%2Fwww.procar4000.com.ar%2Fprocar_4000%2Fmedia%2Fcom_acymailing%2Fupload%2Ftemporada2019%2Fnoviembre2019%2Fchaoclasea.jpg&amp;t=1574370121&amp;ymreqid=a1e28384-e738-286e-1c22-bc0001019f00&amp;sig=nw6LVz0V3QOyDMvIPnrKLw--~C\" alt=\"\" width=\"800\" height=\"620\" \/>Diego Chao y la Chevy atendida por el Luna Carrera y Wilke Motorsport.<\/p>\n<p>Estos son los 4 candidatos al t\u00edtulo en la Clase A. El 14 y 15 de diciembre s\u00f3lo uno festejar\u00e1. S\u00f3lo uno ser\u00e1 el campe\u00f3n. S\u00f3lo uno entrar\u00e1 en la historia del Procar4000. S\u00f3lo uno se quedar\u00e1 con todos los laureles. \u00bfQui\u00e9n ser\u00e1?,<strong> Vamos Valerio todav\u00eda!<\/strong><\/p>\n<p>Fuente: Prensa Procar4000.<\/p>\n<p>Fotos: Prensa Procar4000 y nortenews.com.ar (portada)<\/td>\n<\/tr>\n<tr>\n<td><\/td>\n<\/tr>\n<tr>\n<td><\/td>\n<\/tr>\n<\/tbody>\n<\/table>\n","protected":false},"excerpt":{"rendered":"<p>SE DEFINE EL NUEVO CAMPE\u00d3N DE LA CLASE A.<\/p>\n","protected":false},"author":4,"featured_media":3646,"comment_status":"open","ping_status":"open","sticky":false,"template":"","format":"standard","meta":{"footnotes":"","jetpack_publicize_message":"","jetpack_publicize_feature_enabled":true,"jetpack_social_post_already_shared":false,"jetpack_social_options":{"image_generator_settings":{"template":"highway","default_image_id":0,"font":"","enabled":false},"version":2}},"categories":[9,13],"tags":[22,333],"class_list":["post-3642","post","type-post","status-publish","format-standard","has-post-thumbnail","hentry","category-deportes","category-interes-general","tag-automovilismo","tag-diamante"],"jetpack_publicize_connections":[],"jetpack_featured_media_url":"https:\/\/revistaepocadigital.com.ar\/wp-content\/uploads\/2019\/11\/diamane.jpg","jetpack_likes_enabled":true,"_links":{"self":[{"href":"https:\/\/revistaepocadigital.com.ar\/index.php?rest_route=\/wp\/v2\/posts\/3642","targetHints":{"allow":["GET"]}}],"collection":[{"href":"https:\/\/revistaepocadigital.com.ar\/index.php?rest_route=\/wp\/v2\/posts"}],"about":[{"href":"https:\/\/revistaepocadigital.com.ar\/index.php?rest_route=\/wp\/v2\/types\/post"}],"author":[{"embeddable":true,"href":"https:\/\/revistaepocadigital.com.ar\/index.php?rest_route=\/wp\/v2\/users\/4"}],"replies":[{"embeddable":true,"href":"https:\/\/revistaepocadigital.com.ar\/index.php?rest_route=%2Fwp%2Fv2%2Fcomments&post=3642"}],"version-history":[{"count":0,"href":"https:\/\/revistaepocadigital.com.ar\/index.php?rest_route=\/wp\/v2\/posts\/3642\/revisions"}],"wp:featuredmedia":[{"embeddable":true,"href":"https:\/\/revistaepocadigital.com.ar\/index.php?rest_route=\/wp\/v2\/media\/3646"}],"wp:attachment":[{"href":"https:\/\/revistaepocadigital.com.ar\/index.php?rest_route=%2Fwp%2Fv2%2Fmedia&parent=3642"}],"wp:term":[{"taxonomy":"category","embeddable":true,"href":"https:\/\/revistaepocadigital.com.ar\/index.php?rest_route=%2Fwp%2Fv2%2Fcategories&post=3642"},{"taxonomy":"post_tag","embeddable":true,"href":"https:\/\/revistaepocadigital.com.ar\/index.php?rest_route=%2Fwp%2Fv2%2Ftags&post=3642"}],"curies":[{"name":"wp","href":"https:\/\/api.w.org\/{rel}","templated":true}]}}