{"id":3663,"date":"2019-11-24T17:58:05","date_gmt":"2019-11-24T20:58:05","guid":{"rendered":"https:\/\/revistaepocadigital.com.ar\/?p=3663"},"modified":"2019-12-04T23:44:17","modified_gmt":"2019-12-05T02:44:17","slug":"te-doy-una-mano","status":"publish","type":"post","link":"https:\/\/revistaepocadigital.com.ar\/?p=3663","title":{"rendered":"&#8220;TE DOY UNA MANO&#8221;"},"content":{"rendered":"<div class=\"msg-body P_wpofO iy_A mq_AS\" data-test-id=\"message-view-body-content\">\n<div class=\"jb_0 X_6MGW N_6Fd5\">\n<div>\n<div id=\"yiv0730361959\">\n<div>\n<div class=\"yiv0730361959WordSection1\">\n<p class=\"yiv0730361959MsoNormal\"><strong>UN EMPRENDIMIENTO SOLIDARIO.<!--more--><\/strong><\/p>\n<p class=\"yiv0730361959MsoNormal\">Lo llevan adelante <strong>Guillermo y Ger\u00f3nimo Cabrera<\/strong>, usuarios de la marca de autos DS (del Grupo PSA que nuclea a Peugeot-Citroen y DS). &#8220;Cuando llegaron a la marca y conocimos su historia, con Gonzalo Cassina (alto ejecutivo del grupo en el pa\u00eds), no dudamos un segundo en sumarnos y colaborar&#8221;, dice<strong> Soledad Bereciart\u00faa,<\/strong> gerente de prensa y relaciones p\u00fablicas de Peugeot, Citroen y DS Argentina.<\/p>\n<p class=\"yiv0730361959MsoNormal\"><em>&#8220;Tienen un emprendimiento solidario -apunta- que realmente vale la pena que contin\u00fae expandi\u00e9ndose y ellos lo \u00fanico que piden es DIFUSI\u00d3N para que sean cada vez m\u00e1s los chicos que puedan salir beneficiados&#8221;.<\/em><\/p>\n<p class=\"yiv0730361959MsoNormal\"><em>&#8220;En el comunicado adjunto podr\u00e1n entender de qu\u00e9 se trata \u201cTE DOY UNA MANO\u201d y ver\u00e1n que le armamos un link de descarga con material de prensa: fotos, videos y banda tv para que cualquiera pueda sumarse y colaborar desde su medio para difundir esta linda acci\u00f3n&#8221;<\/em><\/p>\n<p class=\"yiv0730361959MsoNormal\">Aquellos medios que difundan la actividad, cubriendo una entrega de manos y portasueros en vivo, estas son las coordenadas:<\/p>\n<p class=\"yiv0730361959MsoNormal\">El 2 de diciembre se llevar\u00e1 a cabo la entrega m\u00e1s grande de manos y portasueros hecha alguna vez. Vienen personas de todos los rincones del pa\u00eds a retirar su pr\u00f3tesis de mano (23 personas) y directivos de hospitales, a buscar sus portasueros (m\u00e1s de 100) para los peque\u00f1os pacientes. El evento se va a llevar a cabo en la C\u00e1mara de Comercio e Industria de Lomas de Zamora, en el sal\u00f3n de Las Am\u00e9ricas, sito en el primer piso de la calle Acevedo 48, Lomas de Zamora. A las 14hrs.<\/p>\n<p><em>&#8220;Gracias por difundir y no duden que duden que ayudar, hace bien al coraz\u00f3n&#8221;, <\/em>remarc\u00f3 Soledad Bereciart\u00faa.<\/p>\n<\/div>\n<\/div>\n<\/div>\n<\/div>\n<\/div>\n<\/div>\n<p>Ger\u00f3nimo y Guillermo Cabrera formaron en 2017 un emprendimiento familiar solidario denominado TE DOY UNA MANO. <strong>Mediante impresoras 3D fabrican manos ortop\u00e9dicas y portasueros de superh\u00e9roes para los ni\u00f1os que m\u00e1s lo necesitan, <\/strong>seg\u00fan ha publicado el sitio web <strong>todofierro.com.ar <\/strong>en nota que ac\u00e1 reproducimos<strong>.<br \/>\n<\/strong><\/p>\n<p><strong>Ger\u00f3nimo Cabrera<\/strong> tiene 20 a\u00f1os, es <strong>estudiante universitario y fan\u00e1tico de la tecnolog\u00eda<\/strong>. En 2017 le pidi\u00f3 a su padre de regalo una impresora 3D para crear juegos y regal\u00e1rselos a sus amigos, pero la sorpresa fue cuando <strong>descubrieron mediante un documental que con esta herramienta se pod\u00edan hacer manos ortop\u00e9dicas<\/strong> de diferentes tama\u00f1os, dise\u00f1os y colores y de esa manera poder ayudar a los chicos a los que le faltara este miembro tan importante del cuerpo. Sin dudarlo arrancaron a hacerlo y as\u00ed naci\u00f3 <strong>TE DOY UNA MANO<\/strong>.<\/p>\n<p><strong><a href=\"http:\/\/todofierro.com.ar\/wp-content\/uploads\/2019\/11\/Te_Doy_una_Mano_DS_Argen-tina-4.jpg\"><img loading=\"lazy\" decoding=\"async\" class=\"alignnone size-medium wp-image-5605\" src=\"http:\/\/todofierro.com.ar\/wp-content\/uploads\/2019\/11\/Te_Doy_una_Mano_DS_Argen-tina-4-300x184.jpg\" sizes=\"auto, (max-width: 300px) 100vw, 300px\" srcset=\"http:\/\/todofierro.com.ar\/wp-content\/uploads\/2019\/11\/Te_Doy_una_Mano_DS_Argen-tina-4-300x184.jpg 300w, http:\/\/todofierro.com.ar\/wp-content\/uploads\/2019\/11\/Te_Doy_una_Mano_DS_Argen-tina-4-768x471.jpg 768w, http:\/\/todofierro.com.ar\/wp-content\/uploads\/2019\/11\/Te_Doy_una_Mano_DS_Argen-tina-4.jpg 1024w, http:\/\/todofierro.com.ar\/wp-content\/uploads\/2019\/11\/Te_Doy_una_Mano_DS_Argen-tina-4-972x596.jpg 972w\" alt=\"\" width=\"300\" height=\"184\" \/><\/a><\/strong><\/p>\n<p><strong>Ya llevan hechas m\u00e1s de 400 manos<\/strong> que han entregado alrededor de todo el mundo. <em>\u201cEsto tom\u00f3 una dimensi\u00f3n tan linda y tan grande que <strong>llegamos a entregar manos en Mozambique para amputaciones de la guerra con Portugal<\/strong>, historias de vida muy fuertes. As\u00ed como tambi\u00e9n fuimos reconocidos por el Papa Francisco en el Vaticano. <strong>Siento que con 20 a\u00f1os cambi\u00e9 muchas vidas y eso me hace muy feliz<\/strong>\u201d,<\/em> expres\u00f3 Ger\u00f3nimo.<\/p>\n<p><em>\u201cLa modalidad es muy f\u00e1cil. <strong>Nos contactan por las redes sociales de @tedoyunamanook \u00a0luego nos pasan las medidas de su brazo, las fotos y videos para entender bien el tipo de mano que debemos fabricar<\/strong> y el dise\u00f1o que prefieren. Podemos hacerlas de equipos de f\u00fatbol, de superh\u00e9roes, de princesas o de colores lisos para los m\u00e1s tradicionales, pero siempre pensando en que esa mano le de orgullo mostrarla y que no la esconda como suelen hacer cuando les falta\u201d,<\/em> detall\u00f3 <strong>Guillermo Cabrera<\/strong>, el pap\u00e1 orgulloso que lleva adelante este emprendimiento junto a su hijo desde un peque\u00f1o taller de Banfield y hacia el mundo entero.<\/p>\n<p><strong><a href=\"http:\/\/todofierro.com.ar\/wp-content\/uploads\/2019\/11\/Te_Doy_una_Mano_DS_Argen-tina-5.jpg\"><img loading=\"lazy\" decoding=\"async\" class=\"alignnone size-medium wp-image-5606\" src=\"http:\/\/todofierro.com.ar\/wp-content\/uploads\/2019\/11\/Te_Doy_una_Mano_DS_Argen-tina-5-300x200.jpg\" sizes=\"auto, (max-width: 300px) 100vw, 300px\" srcset=\"http:\/\/todofierro.com.ar\/wp-content\/uploads\/2019\/11\/Te_Doy_una_Mano_DS_Argen-tina-5-300x200.jpg 300w, http:\/\/todofierro.com.ar\/wp-content\/uploads\/2019\/11\/Te_Doy_una_Mano_DS_Argen-tina-5-768x513.jpg 768w, http:\/\/todofierro.com.ar\/wp-content\/uploads\/2019\/11\/Te_Doy_una_Mano_DS_Argen-tina-5.jpg 1024w, http:\/\/todofierro.com.ar\/wp-content\/uploads\/2019\/11\/Te_Doy_una_Mano_DS_Argen-tina-5-972x649.jpg 972w\" alt=\"\" width=\"300\" height=\"200\" \/><\/a><\/strong><\/p>\n<p><strong>Ger\u00f3nimo hace el armado de cada mano, Guillermo el forrado y el ensamble, es un verdadero trabajo en equipo<\/strong>. Cada mano lleva entre <strong>30 y 40 horas de impresi\u00f3n<\/strong> (depende el tama\u00f1o de la misma) y tambi\u00e9n depender\u00e1 del dise\u00f1o que se define con el ni\u00f1o o adulto que la haya solicitado: spiderman, batman, distintas princesas, equipos de futbol, o neutras.<\/p>\n<p><strong>Las manos suelen ser entregadas en el taller de TE DOY UNA MANO, en la localidad de Banfield<\/strong>, aunque cuando el pedido es de varias manos de tal o cu\u00e1l provincia o pa\u00eds, muchas veces Ger\u00f3nimo y Guillermo han viajado con las m\u00e1quinas para entregarlas y realizar el ajuste necesario en cada lugar, reflej\u00f3 tambi\u00e9n <strong>todofierro.com.ar.<\/strong><\/p>\n<p>Por otro lado, este a\u00f1o, Ger\u00f3nimo quiso ir por m\u00e1s y no fabricar solo pr\u00f3tesis de manos. Y <strong>comenz\u00f3 a realizar portasueros de colores<\/strong> con superh\u00e9roes y princesas, para ni\u00f1os y ni\u00f1as internados en Oncolog\u00eda de los hospitales de nuestro pa\u00eds. <em>\u201cEn febrero de 2019 naci\u00f3 la idea de comenzar a hacer portasueros <strong>para los chicos internados en hospitales con el objetivo de darles la alegr\u00eda<\/strong> de que recibir\u00e1n los superpoderes de su super h\u00e9roe favorito y de esta manera <strong>batallar la pelea que pueda darles el c\u00e1ncer<\/strong>. El suero que te pasa este portasueros te va a dar fuerzas y te vas a poner bien, porque un super h\u00e9roe jam\u00e1s baja los brazos y gana todas las batallas\u201d,<\/em> cont\u00f3 orgulloso Ger\u00f3nimo sobre su nuevo emprendimiento solidario que ide\u00f3 este a\u00f1o.<\/p>\n<p><a href=\"http:\/\/todofierro.com.ar\/wp-content\/uploads\/2019\/11\/Te_Doy_una_Mano_DS_Argen-tina-2.jpg\"><img loading=\"lazy\" decoding=\"async\" class=\"alignnone size-medium wp-image-5607\" src=\"http:\/\/todofierro.com.ar\/wp-content\/uploads\/2019\/11\/Te_Doy_una_Mano_DS_Argen-tina-2-300x200.jpg\" sizes=\"auto, (max-width: 300px) 100vw, 300px\" srcset=\"http:\/\/todofierro.com.ar\/wp-content\/uploads\/2019\/11\/Te_Doy_una_Mano_DS_Argen-tina-2-300x200.jpg 300w, http:\/\/todofierro.com.ar\/wp-content\/uploads\/2019\/11\/Te_Doy_una_Mano_DS_Argen-tina-2-768x513.jpg 768w, http:\/\/todofierro.com.ar\/wp-content\/uploads\/2019\/11\/Te_Doy_una_Mano_DS_Argen-tina-2.jpg 1024w, http:\/\/todofierro.com.ar\/wp-content\/uploads\/2019\/11\/Te_Doy_una_Mano_DS_Argen-tina-2-972x649.jpg 972w\" alt=\"\" width=\"300\" height=\"200\" \/><\/a><\/p>\n<p>Pero esta nueva acci\u00f3n solidaria tiene otro condimento m\u00e1s y no menos importante. <strong>Estos portasueros los hacen con la colaboraci\u00f3n de los internos e internas de la Unidad 40 de Lomas de Zamora<\/strong>. Son talleres que se dan en el penal 3 veces x semana, entre 2 o 3 horas. <em>\u201cCuando nos contactaron del Penal de Lomas de Zamora manifestando el inter\u00e9s de querer ayudarnos con los portasueros, no lo dudamos ni un segundo. <strong>Sab\u00edamos que con esto no solo \u00edbamos a ayudar a los ni\u00f1os hospitalizados, sino tambi\u00e9n a los internos del penal a pensar que estaban haciendo un bien para chicos que realmente lo necesitan<\/strong>. Y todo va super encaminado, nosotros los fabricamos con las impresoras 3D y ellos nos ayudan a ensamblarlos en el penal, est\u00e1n super comprometidos\u201d, <\/em>cont\u00f3 Guillermo.<\/p>\n<p><strong>Los portasueros<\/strong> son entregados en los hospitales de todo el pa\u00eds y los chicos internados eligen los dise\u00f1os en ese momento. En muchas de estas entregas Ger\u00f3nimo y Guillermo son acompa\u00f1ados incluso por celebridades para hacer de estas entregas una fiesta con los ni\u00f1os.<\/p>\n<p><em>\u201cEstamos dando vuelta las cosas y nos encanta\u2026 <strong>la gente nos dice que somos dos locos lindos solidarios x la vida<\/strong>. No somos una ONG, no somos una fundaci\u00f3n. <strong>Somos padre e hijo tratando de ayudar a la gente<\/strong>. NO PEDIMOS DONACIONES, SOLO PEDIMOS DIFUSI\u00d3N, que todos sepan que hacemos pr\u00f3tesis de manos y portasueros y que se las regalamos a quienes lo necesiten. La solidaridad te da amor y te da paz. <strong>Cuando un d\u00eda hiciste re\u00edr a un ni\u00f1o internado en un hospital, al coraz\u00f3n es hermoso<\/strong>\u201d,<\/em> culmin\u00f3 Ger\u00f3nimo.<\/p>\n<p><a href=\"http:\/\/todofierro.com.ar\/wp-content\/uploads\/2019\/11\/Te_Doy_una_Mano_DS_Argen-tina-8.jpg\"><img loading=\"lazy\" decoding=\"async\" class=\"alignnone size-medium wp-image-5608\" src=\"http:\/\/todofierro.com.ar\/wp-content\/uploads\/2019\/11\/Te_Doy_una_Mano_DS_Argen-tina-8-300x209.jpg\" sizes=\"auto, (max-width: 300px) 100vw, 300px\" srcset=\"http:\/\/todofierro.com.ar\/wp-content\/uploads\/2019\/11\/Te_Doy_una_Mano_DS_Argen-tina-8-300x209.jpg 300w, http:\/\/todofierro.com.ar\/wp-content\/uploads\/2019\/11\/Te_Doy_una_Mano_DS_Argen-tina-8-768x536.jpg 768w, http:\/\/todofierro.com.ar\/wp-content\/uploads\/2019\/11\/Te_Doy_una_Mano_DS_Argen-tina-8-1024x715.jpg 1024w, http:\/\/todofierro.com.ar\/wp-content\/uploads\/2019\/11\/Te_Doy_una_Mano_DS_Argen-tina-8-972x678.jpg 972w, http:\/\/todofierro.com.ar\/wp-content\/uploads\/2019\/11\/Te_Doy_una_Mano_DS_Argen-tina-8.jpg 1467w\" alt=\"\" width=\"300\" height=\"209\" \/><\/a><\/p>\n","protected":false},"excerpt":{"rendered":"<p>UN EMPRENDIMIENTO SOLIDARIO.<\/p>\n","protected":false},"author":4,"featured_media":3666,"comment_status":"open","ping_status":"open","sticky":false,"template":"","format":"standard","meta":{"footnotes":"","jetpack_publicize_message":"","jetpack_publicize_feature_enabled":true,"jetpack_social_post_already_shared":false,"jetpack_social_options":{"image_generator_settings":{"template":"highway","default_image_id":0,"font":"","enabled":false},"version":2}},"categories":[13],"tags":[458,521],"class_list":["post-3663","post","type-post","status-publish","format-standard","has-post-thumbnail","hentry","category-interes-general","tag-solidaridad","tag-te-doy-una-mano"],"jetpack_publicize_connections":[],"jetpack_featured_media_url":"https:\/\/revistaepocadigital.com.ar\/wp-content\/uploads\/2019\/11\/Logo-te-doy-una-mano.jpg","jetpack_likes_enabled":true,"_links":{"self":[{"href":"https:\/\/revistaepocadigital.com.ar\/index.php?rest_route=\/wp\/v2\/posts\/3663","targetHints":{"allow":["GET"]}}],"collection":[{"href":"https:\/\/revistaepocadigital.com.ar\/index.php?rest_route=\/wp\/v2\/posts"}],"about":[{"href":"https:\/\/revistaepocadigital.com.ar\/index.php?rest_route=\/wp\/v2\/types\/post"}],"author":[{"embeddable":true,"href":"https:\/\/revistaepocadigital.com.ar\/index.php?rest_route=\/wp\/v2\/users\/4"}],"replies":[{"embeddable":true,"href":"https:\/\/revistaepocadigital.com.ar\/index.php?rest_route=%2Fwp%2Fv2%2Fcomments&post=3663"}],"version-history":[{"count":0,"href":"https:\/\/revistaepocadigital.com.ar\/index.php?rest_route=\/wp\/v2\/posts\/3663\/revisions"}],"wp:featuredmedia":[{"embeddable":true,"href":"https:\/\/revistaepocadigital.com.ar\/index.php?rest_route=\/wp\/v2\/media\/3666"}],"wp:attachment":[{"href":"https:\/\/revistaepocadigital.com.ar\/index.php?rest_route=%2Fwp%2Fv2%2Fmedia&parent=3663"}],"wp:term":[{"taxonomy":"category","embeddable":true,"href":"https:\/\/revistaepocadigital.com.ar\/index.php?rest_route=%2Fwp%2Fv2%2Fcategories&post=3663"},{"taxonomy":"post_tag","embeddable":true,"href":"https:\/\/revistaepocadigital.com.ar\/index.php?rest_route=%2Fwp%2Fv2%2Ftags&post=3663"}],"curies":[{"name":"wp","href":"https:\/\/api.w.org\/{rel}","templated":true}]}}