{"id":3696,"date":"2019-12-05T15:14:18","date_gmt":"2019-12-05T18:14:18","guid":{"rendered":"https:\/\/revistaepocadigital.com.ar\/?p=3696"},"modified":"2019-12-14T18:56:59","modified_gmt":"2019-12-14T21:56:59","slug":"los-25-anos-del-colegio-del-sol-con-la-premisa-de-siempre-optimizar-la-educacion","status":"publish","type":"post","link":"https:\/\/revistaepocadigital.com.ar\/?p=3696","title":{"rendered":"LOS 25 A\u00d1OS DEL COLEGIO DEL SOL CON LA PREMISA DE SIEMPRE, OPTIMIZAR LA EDUCACI\u00d3N"},"content":{"rendered":"<p><strong>EL ESTABLECIMIENTO EDUCATIVO PERTENECIENTE AL COMPLEJO JOS\u00c9 MANUEL ESTRADA.<\/strong><!--more--><\/p>\n<p>La educaci\u00f3n consignamos desde siempre en EPOCA, es uno de los bastiones fundamentales de en la vida de las sociedades en el mundo entero. Es el trampol\u00edn esencial al crecimiento en la vida y a la apertura de posibilidades y a la evoluci\u00f3n como seres humanos. En Capilla del Se\u00f1or, entre las propuestas educativas existentes, se encuentra el <strong>Colegio del Sol, integrante del Complejo Educativo Jos\u00e9 Manuel Estrada<\/strong>.<\/p>\n<p><img loading=\"lazy\" decoding=\"async\" class=\"size-large wp-image-3698\" src=\"https:\/\/revistaepocadigital.com.ar\/wp-content\/uploads\/2019\/11\/cole-sol19-1024x768.jpg\" alt=\"\" width=\"696\" height=\"522\" srcset=\"https:\/\/revistaepocadigital.com.ar\/wp-content\/uploads\/2019\/11\/cole-sol19-1024x768.jpg 1024w, https:\/\/revistaepocadigital.com.ar\/wp-content\/uploads\/2019\/11\/cole-sol19-300x225.jpg 300w, https:\/\/revistaepocadigital.com.ar\/wp-content\/uploads\/2019\/11\/cole-sol19-768x576.jpg 768w, https:\/\/revistaepocadigital.com.ar\/wp-content\/uploads\/2019\/11\/cole-sol19-80x60.jpg 80w, https:\/\/revistaepocadigital.com.ar\/wp-content\/uploads\/2019\/11\/cole-sol19-160x120.jpg 160w, https:\/\/revistaepocadigital.com.ar\/wp-content\/uploads\/2019\/11\/cole-sol19-265x198.jpg 265w, https:\/\/revistaepocadigital.com.ar\/wp-content\/uploads\/2019\/11\/cole-sol19-696x522.jpg 696w, https:\/\/revistaepocadigital.com.ar\/wp-content\/uploads\/2019\/11\/cole-sol19-1068x801.jpg 1068w, https:\/\/revistaepocadigital.com.ar\/wp-content\/uploads\/2019\/11\/cole-sol19-560x420.jpg 560w, https:\/\/revistaepocadigital.com.ar\/wp-content\/uploads\/2019\/11\/cole-sol19.jpg 1080w\" sizes=\"auto, (max-width: 696px) 100vw, 696px\" \/>El frente de las actuales instalaciones donde funcionan el Colegio del Sol y el Jard\u00edn Semillitas.<\/p>\n<p>El Colegio ha cumplido 25 a\u00f1os el pasado 7 de marzo, y la fiesta aniversario tuvo lugar el 29 de noviembre \u00faltimo, una buena oportunidad para conversar con la directora, <strong>Teresa Cresmaschi<\/strong> sobre como se gest\u00f3, el esfuerzo cotidiano y el futuro.<\/p>\n<p><strong>-\u00bfC\u00f3mo surgi\u00f3 el Colegio del Sol en Capilla del Se\u00f1or?<\/strong><br \/>\n<em>-El Colegio del Sol inicia sus actividades el 7 de marzo de 1994 con una matr\u00edcula de 21<\/em><br \/>\n<em>alumnos en primer a\u00f1o. El edificio del colegio, estaba ubicado en la calle Bartolom\u00e9 Mitre 339 en Capilla del Se\u00f1or. Se trataba de una casa que fue refaccionada y adaptada para poder brindar un espacio acorde al servicio de educaci\u00f3n que se iniciaba. Sus fundadores y due\u00f1os fueron Donato Di Santo y su esposa, Valentina Luz Figueras.<\/em><br \/>\n<em>Nuestra instituci\u00f3n debe sus or\u00edgenes al Jard\u00edn \u201cSemillitas\u201d, con el que desde hace mucho, comparte edificio y forma parte del complejo educativo Jos\u00e9 Manuel Estrada. A partir del crecimiento del jard\u00edn, surgi\u00f3 la necesidad de continuar con la oferta educativa en el nivel EGB, y es as\u00ed como se dio la creaci\u00f3n del Colegio del Sol.<\/em><br \/>\n<em>En el a\u00f1o 1996 se produjo un hecho importante, al trasladarse la instituci\u00f3n a un nuevo edificio, cuando fueron adquiridas las instalaciones de la por entonces, conocida f\u00e1brica de zapatos Palmer que hab\u00eda cesado en su actividad. Transcurrido un a\u00f1o por entonces, las dif\u00edciles circunstancias econ\u00f3micas, pusieron a los due\u00f1os y por ende a la instituci\u00f3n, en una muy delicada situaci\u00f3n y con un inminente estado de cierre. Sin embargo, ante la proximidad del inicio del ciclo lectivo 1997, la Asociaci\u00f3n Civil Jos\u00e9 Manuel Estrada, integrada por madres y padres de la comunidad educativa del Instituto Jos\u00e9 Manuel Estrada, fruto de un esfuerzo encomiable por cierto, adquiri\u00f3 el Jard\u00edn Semillitas y el Colegio del Sol. No fueron tiempos f\u00e1ciles, pero con gran voluntad, trabajo mancomunado y dedicaci\u00f3n el establecimiento comenz\u00f3 a afianzarse, trabajando d\u00eda a d\u00eda como ha sido una constante para optimizar la oferta educativa, y realizando por otro lado importantes mejoras en el edificio que adem\u00e1s, ha sido ampliado.<\/em><\/p>\n<p><img loading=\"lazy\" decoding=\"async\" class=\"size-large wp-image-3699\" src=\"https:\/\/revistaepocadigital.com.ar\/wp-content\/uploads\/2019\/11\/col-sol-palmer-1024x663.jpg\" alt=\"\" width=\"696\" height=\"451\" srcset=\"https:\/\/revistaepocadigital.com.ar\/wp-content\/uploads\/2019\/11\/col-sol-palmer-1024x663.jpg 1024w, https:\/\/revistaepocadigital.com.ar\/wp-content\/uploads\/2019\/11\/col-sol-palmer-300x194.jpg 300w, https:\/\/revistaepocadigital.com.ar\/wp-content\/uploads\/2019\/11\/col-sol-palmer-768x497.jpg 768w, https:\/\/revistaepocadigital.com.ar\/wp-content\/uploads\/2019\/11\/col-sol-palmer-696x451.jpg 696w, https:\/\/revistaepocadigital.com.ar\/wp-content\/uploads\/2019\/11\/col-sol-palmer-1068x692.jpg 1068w, https:\/\/revistaepocadigital.com.ar\/wp-content\/uploads\/2019\/11\/col-sol-palmer-649x420.jpg 649w, https:\/\/revistaepocadigital.com.ar\/wp-content\/uploads\/2019\/11\/col-sol-palmer.jpg 1135w\" sizes=\"auto, (max-width: 696px) 100vw, 696px\" \/>Aquellos comienzos en el edificio definitivo y actual, donde funcionara la f\u00e1brica de zapatos Palmer.<\/p>\n<p><strong>-Cobr\u00f3 impulso el proyecto educativo&#8230;<\/strong><br \/>\n<em>-As\u00ed es, a partir de la gesti\u00f3n de la Asociaci\u00f3n Civil Jos\u00e9 M. Estrada, se le dio un nuevo impulso al proyecto educativo, y es as\u00ed como se duplic\u00f3 el n\u00famero de alumnos, al ampliarse la posibilidad de contar con 5\u00b0 Y 6\u00b0 a\u00f1o en 1997, para lo que se abri\u00f3 la inscripci\u00f3n. Ese result\u00f3 otro paso hacia adelante, remarc\u00e1ndose el trabajo mancomunado de la comunidad educativa para mejorar y adecuar la infraestructura, as\u00ed que se construyeron nuevos espacios y se ampli\u00f3 el predio destinado para deportes, adquiri\u00e9ndose un lote lindero al edificio del Colegio y el Jard\u00edn. Para que esto pudiera critalizarse, mucho tuvo que ver el aporte de las familias y de la Asociaci\u00f3n. Unido a este esfuerzo, estuvo el apoyo valioso de la intendencia encabezada por el contador Ricardo Bozzani, y tambi\u00e9n de la inspectora Mirta Barbero y la inspectora jefe Marta Foy\u00e9. As\u00ed se logr\u00f3 la subvenci\u00f3n del 80% en el a\u00f1o 2000, hecho muy relevante que permiti\u00f3 que instituci\u00f3n pudiera continuar gestionando y creciendo a\u00f1o tras a\u00f1o como lo ha hecho, objetivo que nunca dejamos de mantener vigente.<\/em><\/p>\n<p><strong>-Despu\u00e9s de los 25 a\u00f1os transcurridos, en un sector vital como es la educaci\u00f3n, \u00bfqu\u00e9<\/strong><br \/>\n<strong>sensaciones pueden expresar desde el Colegio?<\/strong><br \/>\n<em>-Justamente conversando con Alcides Cardoso <\/em>(foto portada), <em>quien fuera durante a\u00f1os y hasta el a\u00f1o 2018, director del Colegio y quien ha sido una persona de suma importancia para la instituci\u00f3n, me coment\u00f3 una frase: &#8220;las ideas mueven al mundo s\u00f3lo si se han transformado en sentimientos\u201d. Seguramente m\u00faltiples sensaciones recorren el ser de todos aquellos que formaron, y formamos parte de esta gran familia.<\/em><\/p>\n<p><strong>-Emoci\u00f3n, muchos recuerdos&#8230;<\/strong><br \/>\n<em>-Y s\u00ed, creo que a muchos las emociones le juegan una mala pasada ante nada menos que el 25\u00ba aniversario, es imposible no sentir el sano orgullo de haber aportado un granito de arena en la construcci\u00f3n de esta instituci\u00f3n. Algunos de ellos desde sus inicios, otros nos fu\u00edmos sumando y as\u00ed seguramente suceder\u00e1 de manera incesante\u2026, las personas pasar\u00e1n y la obra, siempre inconclusa, continuar\u00e1 enfrentando nuevos desaf\u00edos con otros int\u00e9rpretes, pero con la misma convicci\u00f3n que la vio nacer: enfrentar nuevos desaf\u00edos para dar respuesta a las demandas de cada tiempo, de cada \u00e9poca, y as\u00ed continuar insert\u00e1ndonos plenamente y para siempre en la rica historia educativa del partido de Exaltaci\u00f3n de la Cruz.<\/em><\/p>\n<figure id=\"attachment_3710\" aria-describedby=\"caption-attachment-3710\" style=\"width: 960px\" class=\"wp-caption aligncenter\"><img loading=\"lazy\" decoding=\"async\" class=\"size-full wp-image-3710\" src=\"https:\/\/revistaepocadigital.com.ar\/wp-content\/uploads\/2019\/11\/COLE-SOL-MAESTROS19.jpg\" alt=\"\" width=\"960\" height=\"621\" srcset=\"https:\/\/revistaepocadigital.com.ar\/wp-content\/uploads\/2019\/11\/COLE-SOL-MAESTROS19.jpg 960w, https:\/\/revistaepocadigital.com.ar\/wp-content\/uploads\/2019\/11\/COLE-SOL-MAESTROS19-300x194.jpg 300w, https:\/\/revistaepocadigital.com.ar\/wp-content\/uploads\/2019\/11\/COLE-SOL-MAESTROS19-768x497.jpg 768w, https:\/\/revistaepocadigital.com.ar\/wp-content\/uploads\/2019\/11\/COLE-SOL-MAESTROS19-696x450.jpg 696w, https:\/\/revistaepocadigital.com.ar\/wp-content\/uploads\/2019\/11\/COLE-SOL-MAESTROS19-649x420.jpg 649w\" sizes=\"auto, (max-width: 960px) 100vw, 960px\" \/><figcaption id=\"caption-attachment-3710\" class=\"wp-caption-text\">Un grupo de docentes, administrativos, la directora.<\/figcaption><\/figure>\n<p><strong>-\u00bfC\u00f3mo imaginan en el Colegio del Sol, el futuro?<\/strong><br \/>\n<em>-Lo imaginamos, y tambi\u00e9n en lo personal desde mi funci\u00f3n, como un camino con un gran horizonte, demandante de ideas y proyectos y all\u00ed frente a esa realidad, me sit\u00fao junto a la comunidad educativa dispuesta a brindar lo mejor de mi para continuar haciendo del Colegio Del Sol el mejor lugar donde se formen nuestros alumnos. Creo que de esa manera estar\u00eda y estar\u00edamos honrando el esfuerzo de quienes a partir del a\u00f1o 1994, creyeron en un sue\u00f1o y lo persiguieron hasta convertirlo en la realidad de la que hoy somos parte\u2026y que es ni m\u00e1s ni menos que el Colegio del Sol.<\/em><\/p>\n<p><strong>-El establecimiento ha mostrado un notable crecimiento, y es reconocido por la calidad educativa y el clima receptivo que transmite, \u00bfa qu\u00e9 se apunta para continuar avanzando?<\/strong><br \/>\n<em>-Nuestra instituci\u00f3n se encuentra trabajando en funci\u00f3n de tres ejes: el desarrollo de capacidades fundamentales, aprendizaje relevante y educaci\u00f3n para toda la vida. Los estudiantes aprenden \u201chaciendo\u201d, y aplicando su conocimiento a diferentes situaciones. En cada experiencia se intenta afianzar el inter\u00e9s por aprender durante toda la vida. D\u00eda a d\u00eda trabajamos para ofrecer un espacio de encuentro, que permita dejar la individualidad y crear una comunidad de aprendizaje; y de esta manera construir una sociedad m\u00e1s justa y m\u00e1s solidaria&#8230;<\/em><br \/>\n<em>Hacia esa meta nos dirigimos\u2026 Esta construcci\u00f3n requiere del compromiso de cada uno de nosotros, a trav\u00e9s de una revisi\u00f3n constante del trabajo propio, la sensibilidad hacia la situaci\u00f3n en el aula, una actitud creativa e innovadora de nuestras pr\u00e1cticas, y un trabajo en conjunto con las familias que forman parte de la comunidad del Colegio del Sol.<\/em><\/p>\n<p><strong>-\u00bfCu\u00e1ntos alumnos asisten al Colegio y en que hacen hincapi\u00e9 en materia educativa?<\/strong><br \/>\n<em>-Actualmente contamos con una matr\u00edcula de 154 alumnos y desde ya, ponemos \u00e9nfasis en asumir la la responsabilidad que tenemos para ofrecer una formaci\u00f3n integral a cada uno de nuestros alumnos, en las distintas etapas de su desarrollo, poniendo el m\u00e1ximo empe\u00f1o en el cultivo de valores humanos y en la creaci\u00f3n de h\u00e1bitos de estudio, trabajo y convivencia para una \u00f3ptima formaci\u00f3n acad\u00e9mica y personal, acorde a las demandas de nuestra sociedad actual.<\/em><\/p>\n<div class=\"mceTemp\"><\/div>\n<p>&nbsp;<\/p>\n","protected":false},"excerpt":{"rendered":"<p>EL ESTABLECIMIENTO EDUCATIVO PERTENECIENTE AL COMPLEJO JOS\u00c9 MANUEL ESTRADA.<\/p>\n","protected":false},"author":4,"featured_media":3697,"comment_status":"open","ping_status":"open","sticky":false,"template":"","format":"standard","meta":{"footnotes":"","jetpack_publicize_message":"","jetpack_publicize_feature_enabled":true,"jetpack_social_post_already_shared":false,"jetpack_social_options":{"image_generator_settings":{"template":"highway","default_image_id":0,"font":"","enabled":false},"version":2}},"categories":[11],"tags":[523,231],"class_list":["post-3696","post","type-post","status-publish","format-standard","has-post-thumbnail","hentry","category-entidades","tag-25-anos-colegiod-el-sol","tag-educacion"],"jetpack_publicize_connections":[],"jetpack_featured_media_url":"https:\/\/revistaepocadigital.com.ar\/wp-content\/uploads\/2019\/11\/coleso-dir-y-alcies.jpg","jetpack_likes_enabled":true,"_links":{"self":[{"href":"https:\/\/revistaepocadigital.com.ar\/index.php?rest_route=\/wp\/v2\/posts\/3696","targetHints":{"allow":["GET"]}}],"collection":[{"href":"https:\/\/revistaepocadigital.com.ar\/index.php?rest_route=\/wp\/v2\/posts"}],"about":[{"href":"https:\/\/revistaepocadigital.com.ar\/index.php?rest_route=\/wp\/v2\/types\/post"}],"author":[{"embeddable":true,"href":"https:\/\/revistaepocadigital.com.ar\/index.php?rest_route=\/wp\/v2\/users\/4"}],"replies":[{"embeddable":true,"href":"https:\/\/revistaepocadigital.com.ar\/index.php?rest_route=%2Fwp%2Fv2%2Fcomments&post=3696"}],"version-history":[{"count":0,"href":"https:\/\/revistaepocadigital.com.ar\/index.php?rest_route=\/wp\/v2\/posts\/3696\/revisions"}],"wp:featuredmedia":[{"embeddable":true,"href":"https:\/\/revistaepocadigital.com.ar\/index.php?rest_route=\/wp\/v2\/media\/3697"}],"wp:attachment":[{"href":"https:\/\/revistaepocadigital.com.ar\/index.php?rest_route=%2Fwp%2Fv2%2Fmedia&parent=3696"}],"wp:term":[{"taxonomy":"category","embeddable":true,"href":"https:\/\/revistaepocadigital.com.ar\/index.php?rest_route=%2Fwp%2Fv2%2Fcategories&post=3696"},{"taxonomy":"post_tag","embeddable":true,"href":"https:\/\/revistaepocadigital.com.ar\/index.php?rest_route=%2Fwp%2Fv2%2Ftags&post=3696"}],"curies":[{"name":"wp","href":"https:\/\/api.w.org\/{rel}","templated":true}]}}