{"id":3714,"date":"2019-12-04T23:36:49","date_gmt":"2019-12-05T02:36:49","guid":{"rendered":"https:\/\/revistaepocadigital.com.ar\/?p=3714"},"modified":"2019-12-04T23:41:26","modified_gmt":"2019-12-05T02:41:26","slug":"boxea-y-es-entrenador-en-boxeo-masculino-y-femenino","status":"publish","type":"post","link":"https:\/\/revistaepocadigital.com.ar\/?p=3714","title":{"rendered":"Boxea y es entrenador en boxeo masculino y femenino"},"content":{"rendered":"<p><strong>REPARTE SUS TIEMPOS.<\/strong><!--more--><\/p>\n<p><strong>Pablo Juarez,<\/strong> el vecino de Los Cardales, de 29 a\u00f1os y naci\u00f3 en el Chaco desde donde lleg\u00f3 hace 17 a\u00f1os; es boxeador, aspira a sumarse a las filas del profesionalismo en 2020 y, adem\u00e1s de su trabajo, se desempe\u00f1a como entrenador. En el boxeo, hasta el momento acumula 36 peleas, de las que gan\u00f3 21, 8 por KO y ha perdido 15. Tambi\u00e9n es profesor de educaci\u00f3n f\u00edsica, para Pablo el deporte es esencial en la vida.<\/p>\n<p><em>&#8220;As\u00ed es &#8211;<\/em>le cuenta a EPOCA<em>&#8211; soy boxeador aficionado y el a\u00f1o que viene paso al profesionalismo, y por <\/em><em>otro lado, entreno a boxeadores y en el Polideportivo del Barrio Sakura, a chicas a las que les gusta <\/em><em>el boxeo&#8221;.<\/em><\/p>\n<p>&nbsp;<\/p>\n<figure id=\"attachment_3788\" aria-describedby=\"caption-attachment-3788\" style=\"width: 300px\" class=\"wp-caption aligncenter\"><img loading=\"lazy\" decoding=\"async\" class=\"size-medium wp-image-3788\" src=\"https:\/\/revistaepocadigital.com.ar\/wp-content\/uploads\/2019\/12\/juarez1-300x200.jpg\" alt=\"\" width=\"300\" height=\"200\" srcset=\"https:\/\/revistaepocadigital.com.ar\/wp-content\/uploads\/2019\/12\/juarez1-300x200.jpg 300w, https:\/\/revistaepocadigital.com.ar\/wp-content\/uploads\/2019\/12\/juarez1-768x512.jpg 768w, https:\/\/revistaepocadigital.com.ar\/wp-content\/uploads\/2019\/12\/juarez1-696x464.jpg 696w, https:\/\/revistaepocadigital.com.ar\/wp-content\/uploads\/2019\/12\/juarez1-630x420.jpg 630w, https:\/\/revistaepocadigital.com.ar\/wp-content\/uploads\/2019\/12\/juarez1.jpg 960w\" sizes=\"auto, (max-width: 300px) 100vw, 300px\" \/><figcaption id=\"caption-attachment-3788\" class=\"wp-caption-text\">Juarez en uno de los combates que realiz\u00f3.<\/figcaption><\/figure>\n<p>&nbsp;<\/p>\n<figure id=\"attachment_3716\" aria-describedby=\"caption-attachment-3716\" style=\"width: 484px\" class=\"wp-caption aligncenter\"><img loading=\"lazy\" decoding=\"async\" class=\"size-full wp-image-3716\" src=\"https:\/\/revistaepocadigital.com.ar\/wp-content\/uploads\/2019\/11\/box1pablo.jpg\" alt=\"\" width=\"484\" height=\"645\" srcset=\"https:\/\/revistaepocadigital.com.ar\/wp-content\/uploads\/2019\/11\/box1pablo.jpg 484w, https:\/\/revistaepocadigital.com.ar\/wp-content\/uploads\/2019\/11\/box1pablo-225x300.jpg 225w, https:\/\/revistaepocadigital.com.ar\/wp-content\/uploads\/2019\/11\/box1pablo-315x420.jpg 315w\" sizes=\"auto, (max-width: 484px) 100vw, 484px\" \/><figcaption id=\"caption-attachment-3716\" class=\"wp-caption-text\">Juarez junto a las chicas y uno de los hombres que practican boxeo en el Polideportivo del Barrio Sakura.<\/figcaption><\/figure>\n<p>Como entrenador, se desempe\u00f1a en el Club Progresista de Cardales abocado al boxeo recreativo y profesional. En este \u00faltimo terreno, alista a dos boxeadores con aptitudes en el mundo del boxeo: Leo Palacios (27 a\u00f1os) en la categor\u00eda liviano (63 kg), Cuchu Sanchez (54 kg) de 21 a\u00f1os, quien ya ha disputado m\u00e1s de 15 peleas, Javier Rodr\u00edguez (27 a\u00f1os) y Agust\u00edn Palacios (20), ambos en categor\u00eda Crucero.<\/p>\n<p>\u00bfY al <strong>boxeo femenino como lo ve Juarez?<\/strong>, &#8220;<em>me parece muy bueno, y est\u00e1 a la vista lo que ha venido creciendo, desde ya como el boxeo para los hombres, es un deporte duro, dif\u00edcil&#8221;<\/em>. Y acerca de las mujeres a las que entrena en el<strong> Polideportivo del Barrio Sakura de Exaltaci\u00f3n de la Cruz,<\/strong> comenta <em>&#8220;les gusta, les entusiasma entrenar, son Lidia, Mar\u00eda, Paula, pero lo hacen a modo recreativo, no para competir; lo hacen para mantenerse en forma, para cuidar la salud y quiz\u00e1 porqu\u00e9 no, lo hagan para saber defenderse. Y adem\u00e1s de las chicas, tambi\u00e9n Carlitos y Joel, entrenan en el Polideportivo&#8221;<\/em>. Los entrenamientos son los lunes y mi\u00e9rcoles de 18 a 19 horas.<\/p>\n<p>Para entrenar y calzarse los guantes, hay que previamente, efectuarse una revisi\u00f3n m\u00e9dica en alg\u00fan centro asistencial del municipio en el distrito, y contar con la aprobaci\u00f3n. Y los hombres y mujeres interesados en sumarse, deben anotarse en el Polideportivo y en Cardales, en el Club Progresista, donde los entrenamientos tienen lugar mi\u00e9rcoles, jueves y viernes entre las 20 y 22 horas.<\/p>\n","protected":false},"excerpt":{"rendered":"<p>REPARTE SUS TIEMPOS.<\/p>\n","protected":false},"author":3,"featured_media":3715,"comment_status":"open","ping_status":"open","sticky":false,"template":"","format":"standard","meta":{"footnotes":"","jetpack_publicize_message":"","jetpack_publicize_feature_enabled":true,"jetpack_social_post_already_shared":false,"jetpack_social_options":{"image_generator_settings":{"template":"highway","default_image_id":0,"font":"","enabled":false},"version":2}},"categories":[6,14],"tags":[118,531],"class_list":["post-3714","post","type-post","status-publish","format-standard","has-post-thumbnail","hentry","category-barrios","category-la-gente","tag-boxeo","tag-juarez"],"jetpack_publicize_connections":[],"jetpack_featured_media_url":"https:\/\/revistaepocadigital.com.ar\/wp-content\/uploads\/2019\/11\/box-paglo.jpg","jetpack_likes_enabled":true,"_links":{"self":[{"href":"https:\/\/revistaepocadigital.com.ar\/index.php?rest_route=\/wp\/v2\/posts\/3714","targetHints":{"allow":["GET"]}}],"collection":[{"href":"https:\/\/revistaepocadigital.com.ar\/index.php?rest_route=\/wp\/v2\/posts"}],"about":[{"href":"https:\/\/revistaepocadigital.com.ar\/index.php?rest_route=\/wp\/v2\/types\/post"}],"author":[{"embeddable":true,"href":"https:\/\/revistaepocadigital.com.ar\/index.php?rest_route=\/wp\/v2\/users\/3"}],"replies":[{"embeddable":true,"href":"https:\/\/revistaepocadigital.com.ar\/index.php?rest_route=%2Fwp%2Fv2%2Fcomments&post=3714"}],"version-history":[{"count":0,"href":"https:\/\/revistaepocadigital.com.ar\/index.php?rest_route=\/wp\/v2\/posts\/3714\/revisions"}],"wp:featuredmedia":[{"embeddable":true,"href":"https:\/\/revistaepocadigital.com.ar\/index.php?rest_route=\/wp\/v2\/media\/3715"}],"wp:attachment":[{"href":"https:\/\/revistaepocadigital.com.ar\/index.php?rest_route=%2Fwp%2Fv2%2Fmedia&parent=3714"}],"wp:term":[{"taxonomy":"category","embeddable":true,"href":"https:\/\/revistaepocadigital.com.ar\/index.php?rest_route=%2Fwp%2Fv2%2Fcategories&post=3714"},{"taxonomy":"post_tag","embeddable":true,"href":"https:\/\/revistaepocadigital.com.ar\/index.php?rest_route=%2Fwp%2Fv2%2Ftags&post=3714"}],"curies":[{"name":"wp","href":"https:\/\/api.w.org\/{rel}","templated":true}]}}